{"id":20122,"date":"2026-02-19T10:12:37","date_gmt":"2026-02-19T13:12:37","guid":{"rendered":"https:\/\/acrisure.com.br\/insights\/?p=20122"},"modified":"2026-02-19T14:58:46","modified_gmt":"2026-02-19T17:58:46","slug":"avaliacao-biopsicossocial-passa-a-ser-obrigatoria","status":"publish","type":"post","link":"https:\/\/acrisure.com.br\/insights\/avaliacao-biopsicossocial-passa-a-ser-obrigatoria\/","title":{"rendered":"Avalia\u00e7\u00e3o biopsicossocial passa a ser obrigat\u00f3ria no reconhecimento da defici\u00eancia"},"content":{"rendered":"<p>[et_pb_section fb_built=&#8221;1&#8243; admin_label=&#8221;Post&#8221; _builder_version=&#8221;4.19.4&#8243; custom_padding=&#8221;0px||0px||false|false&#8221; global_colors_info=&#8221;{}&#8221;][et_pb_row admin_label=&#8221;Post&#8221; _builder_version=&#8221;4.27.3&#8243; background_size=&#8221;initial&#8221; background_position=&#8221;top_left&#8221; background_repeat=&#8221;repeat&#8221; width=&#8221;100%&#8221; custom_padding=&#8221;0px||0px||false|false&#8221; global_colors_info=&#8221;{}&#8221;][et_pb_column type=&#8221;4_4&#8243; _builder_version=&#8221;4.16&#8243; custom_padding=&#8221;|||&#8221; global_colors_info=&#8221;{}&#8221; custom_padding__hover=&#8221;|||&#8221;][et_pb_text admin_label=&#8221;Conte\u00fado&#8221; _builder_version=&#8221;4.27.5&#8243; _module_preset=&#8221;default&#8221; text_letter_spacing=&#8221;1px&#8221; custom_margin=&#8221;||||false|false&#8221; hover_enabled=&#8221;0&#8243; global_colors_info=&#8221;{}&#8221; sticky_enabled=&#8221;0&#8243;]<\/p>\n<p><span data-contrast=\"auto\">A partir de\u00a03 de\u00a0mar\u00e7o de 2026, o Brasil passa a exigir oficialmente a\u00a0<\/span><b><span data-contrast=\"auto\">avalia\u00e7\u00e3o biopsicossocial para o reconhecimento da defici\u00eancia<\/span><\/b><span data-contrast=\"auto\">.\u00a0<\/span><span data-ccp-props=\"{}\">\u00a0<\/span><\/p>\n<p><span data-contrast=\"auto\">A mudan\u00e7a altera o crit\u00e9rio utilizado em pol\u00edticas p\u00fablicas, benef\u00edcios e rela\u00e7\u00f5es de trabalho, com\u00a0<\/span><b><span data-contrast=\"auto\">impactos diretos para empresas<\/span><\/b><span data-contrast=\"auto\">, especialmente na gest\u00e3o de afastamentos, inclus\u00e3o e retorno ao trabalho.<\/span><span data-ccp-props=\"{}\">\u00a0<\/span><\/p>\n<h2 aria-level=\"3\"><span data-contrast=\"none\">Por que a avalia\u00e7\u00e3o muda agora<\/span><span data-ccp-props=\"{&quot;134245418&quot;:true,&quot;134245529&quot;:true,&quot;335559738&quot;:160,&quot;335559739&quot;:80}\">\u00a0<\/span><\/h2>\n<p><span data-contrast=\"auto\">A obrigatoriedade j\u00e1 estava prevista na\u00a0<\/span><a href=\"https:\/\/www.planalto.gov.br\/ccivil_03\/_ato2015-2018\/2015\/lei\/l13146.htm\"><span data-contrast=\"none\">Lei Brasileira de Inclus\u00e3o da Pessoa com Defici\u00eancia\u00a0(Lei n\u00ba 13.146\/2015)<\/span><\/a><span data-contrast=\"auto\">, que incorporou ao ordenamento brasileiro os princ\u00edpios da Conven\u00e7\u00e3o da ONU sobre os Direitos das Pessoas com Defici\u00eancia.<\/span><span data-ccp-props=\"{&quot;134233117&quot;:false,&quot;134233118&quot;:false,&quot;335559738&quot;:240,&quot;335559739&quot;:240}\">\u00a0<\/span><\/p>\n<p><span data-contrast=\"auto\">A lei estabeleceu que o reconhecimento da defici\u00eancia deveria ser feito por avalia\u00e7\u00e3o biopsicossocial, conduzida por\u00a0<\/span><b><span data-contrast=\"auto\">equipe multiprofissional e interdisciplinar<\/span><\/b><span data-contrast=\"auto\">. A partir de 2026, essa metodologia passa a ser aplicada de forma efetiva.<\/span><span data-ccp-props=\"{&quot;134233117&quot;:false,&quot;134233118&quot;:false,&quot;335559738&quot;:240,&quot;335559739&quot;:240}\">\u00a0<\/span><\/p>\n<h3 aria-level=\"2\"><span data-contrast=\"none\">O que \u00e9 avalia\u00e7\u00e3o biopsicossocial<\/span><span data-ccp-props=\"{&quot;134245418&quot;:true,&quot;134245529&quot;:true,&quot;335559738&quot;:160,&quot;335559739&quot;:80}\">\u00a0<\/span><\/h3>\n<p><span data-contrast=\"auto\">O novo modelo considera tr\u00eas dimens\u00f5es integradas:<\/span><span data-ccp-props=\"{}\">\u00a0<\/span><\/p>\n<ol>\n<li aria-setsize=\"-1\" data-leveltext=\"%1.\" data-font=\"\" data-listid=\"5\" data-list-defn-props=\"{&quot;335552541&quot;:0,&quot;335559685&quot;:720,&quot;335559991&quot;:360,&quot;469769242&quot;:[65533,0],&quot;469777803&quot;:&quot;left&quot;,&quot;469777804&quot;:&quot;%1.&quot;,&quot;469777815&quot;:&quot;hybridMultilevel&quot;}\" data-aria-posinset=\"1\" data-aria-level=\"1\"><b><span data-contrast=\"auto\">Biol\u00f3gica\u00a0<\/span><\/b><span data-contrast=\"auto\">&#8211; c<\/span><span data-contrast=\"auto\">ondi\u00e7\u00f5es de sa\u00fade e limita\u00e7\u00f5es f\u00edsicas, sensoriais ou mentais.<\/span><span data-ccp-props=\"{}\">\u00a0<\/span><\/li>\n<li aria-setsize=\"-1\" data-leveltext=\"%1.\" data-font=\"\" data-listid=\"5\" data-list-defn-props=\"{&quot;335552541&quot;:0,&quot;335559685&quot;:720,&quot;335559991&quot;:360,&quot;469769242&quot;:[65533,0],&quot;469777803&quot;:&quot;left&quot;,&quot;469777804&quot;:&quot;%1.&quot;,&quot;469777815&quot;:&quot;hybridMultilevel&quot;}\" data-aria-posinset=\"1\" data-aria-level=\"1\"><b><span data-contrast=\"auto\">Psicol\u00f3gica\u00a0<\/span><\/b><span data-contrast=\"auto\">&#8211;\u00a0aspectos emocionais, cognitivos e comportamentais;<\/span><span data-ccp-props=\"{}\">\u00a0<\/span><\/li>\n<li aria-setsize=\"-1\" data-leveltext=\"%1.\" data-font=\"\" data-listid=\"5\" data-list-defn-props=\"{&quot;335552541&quot;:0,&quot;335559685&quot;:720,&quot;335559991&quot;:360,&quot;469769242&quot;:[65533,0],&quot;469777803&quot;:&quot;left&quot;,&quot;469777804&quot;:&quot;%1.&quot;,&quot;469777815&quot;:&quot;hybridMultilevel&quot;}\" data-aria-posinset=\"1\" data-aria-level=\"1\"><b><span data-contrast=\"auto\">Social<\/span><\/b><span data-contrast=\"auto\">\u00a0&#8211;\u00a0barreiras arquitet\u00f4nicas, sociais, culturais e atitudinais.<\/span><span data-ccp-props=\"{}\">\u00a0<\/span><\/li>\n<\/ol>\n<p><span data-contrast=\"auto\">Na pr\u00e1tica, o\u00a0<\/span><b><span data-contrast=\"auto\">diagn\u00f3stico m\u00e9dico deixa de ser o \u00fanico crit\u00e9rio<\/span><\/b><span data-contrast=\"auto\">. A an\u00e1lise passa a considerar como a condi\u00e7\u00e3o afeta a funcionalidade da pessoa no contexto em que ela vive e trabalha.<\/span><span data-ccp-props=\"{}\">\u00a0<\/span><\/p>\n<h3><span data-contrast=\"auto\">Leia tamb\u00e9m<\/span><span data-ccp-props=\"{}\">\u00a0<\/span><\/h3>\n<ul>\n<li aria-setsize=\"-1\" data-leveltext=\"\uf0b7\" data-font=\"Symbol\" data-listid=\"9\" data-list-defn-props=\"{&quot;335552541&quot;:1,&quot;335559683&quot;:0,&quot;335559684&quot;:-2,&quot;335559685&quot;:720,&quot;335559991&quot;:360,&quot;469769226&quot;:&quot;Symbol&quot;,&quot;469769242&quot;:[8226],&quot;469777803&quot;:&quot;left&quot;,&quot;469777804&quot;:&quot;\uf0b7&quot;,&quot;469777815&quot;:&quot;hybridMultilevel&quot;}\" data-aria-posinset=\"1\" data-aria-level=\"1\"><a href=\"https:\/\/acrisure.com.br\/insights\/lei-orientacao-inss-hospitais\/\" target=\"_blank\" rel=\"noopener\"><span data-contrast=\"none\">Orienta\u00e7\u00e3o sobre INSS passa a ser dever dos hospitais<\/span><\/a><span data-ccp-props=\"{}\">\u00a0<\/span><\/li>\n<\/ul>\n<ul>\n<li aria-setsize=\"-1\" data-leveltext=\"\uf0b7\" data-font=\"Symbol\" data-listid=\"9\" data-list-defn-props=\"{&quot;335552541&quot;:1,&quot;335559683&quot;:0,&quot;335559684&quot;:-2,&quot;335559685&quot;:720,&quot;335559991&quot;:360,&quot;469769226&quot;:&quot;Symbol&quot;,&quot;469769242&quot;:[8226],&quot;469777803&quot;:&quot;left&quot;,&quot;469777804&quot;:&quot;\uf0b7&quot;,&quot;469777815&quot;:&quot;hybridMultilevel&quot;}\" data-aria-posinset=\"2\" data-aria-level=\"1\"><a href=\"https:\/\/acrisure.com.br\/insights\/inss-prazo-auxilio-doenca\/\" target=\"_blank\" rel=\"noopener\"><span data-contrast=\"none\">INSS amplia temporariamente prazo do aux\u00edlio-doen\u00e7a<\/span><\/a><span data-ccp-props=\"{}\">\u00a0<\/span><\/li>\n<\/ul>\n<h3 aria-level=\"3\"><span data-contrast=\"none\">O que muda para empresas e RH<\/span><span data-ccp-props=\"{&quot;134245418&quot;:true,&quot;134245529&quot;:true,&quot;335559738&quot;:160,&quot;335559739&quot;:80}\">\u00a0<\/span><\/h3>\n<p><span data-contrast=\"auto\">A mudan\u00e7a amplia o impacto da avalia\u00e7\u00e3o para a\u00a0<\/span><b><span data-contrast=\"auto\">gest\u00e3o de pessoas, benef\u00edcios e afastamentos.<\/span><\/b><span data-ccp-props=\"{&quot;134233117&quot;:false,&quot;134233118&quot;:false,&quot;335559738&quot;:240,&quot;335559739&quot;:240}\">\u00a0<\/span><\/p>\n<p><span data-contrast=\"auto\">Casos que antes n\u00e3o eram enquadrados apenas por crit\u00e9rios cl\u00ednicos podem passar a ser reconhecidos sob a nova metodologia. Isso pode influenciar:<\/span><span data-ccp-props=\"{&quot;134233117&quot;:false,&quot;134233118&quot;:false,&quot;335559738&quot;:240,&quot;335559739&quot;:240}\">\u00a0<\/span><\/p>\n<ul>\n<li aria-setsize=\"-1\" data-leveltext=\"\uf0b7\" data-font=\"Symbol\" data-listid=\"6\" data-list-defn-props=\"{&quot;335552541&quot;:1,&quot;335559685&quot;:720,&quot;335559991&quot;:360,&quot;469769226&quot;:&quot;Symbol&quot;,&quot;469769242&quot;:[8226],&quot;469777803&quot;:&quot;left&quot;,&quot;469777804&quot;:&quot;\uf0b7&quot;,&quot;469777815&quot;:&quot;hybridMultilevel&quot;}\" data-aria-posinset=\"1\" data-aria-level=\"1\"><span data-contrast=\"auto\">enquadramento na Lei de Cotas;<\/span><span data-ccp-props=\"{&quot;134233117&quot;:false,&quot;134233118&quot;:false,&quot;335559738&quot;:240,&quot;335559739&quot;:240}\">\u00a0<\/span><\/li>\n<\/ul>\n<ul>\n<li aria-setsize=\"-1\" data-leveltext=\"\uf0b7\" data-font=\"Symbol\" data-listid=\"6\" data-list-defn-props=\"{&quot;335552541&quot;:1,&quot;335559685&quot;:720,&quot;335559991&quot;:360,&quot;469769226&quot;:&quot;Symbol&quot;,&quot;469769242&quot;:[8226],&quot;469777803&quot;:&quot;left&quot;,&quot;469777804&quot;:&quot;\uf0b7&quot;,&quot;469777815&quot;:&quot;hybridMultilevel&quot;}\" data-aria-posinset=\"2\" data-aria-level=\"1\"><span data-contrast=\"auto\">programas de inclus\u00e3o;<\/span><span data-ccp-props=\"{&quot;134233117&quot;:false,&quot;134233118&quot;:false,&quot;335559738&quot;:240,&quot;335559739&quot;:240}\">\u00a0<\/span><\/li>\n<\/ul>\n<ul>\n<li aria-setsize=\"-1\" data-leveltext=\"\uf0b7\" data-font=\"Symbol\" data-listid=\"6\" data-list-defn-props=\"{&quot;335552541&quot;:1,&quot;335559685&quot;:720,&quot;335559991&quot;:360,&quot;469769226&quot;:&quot;Symbol&quot;,&quot;469769242&quot;:[8226],&quot;469777803&quot;:&quot;left&quot;,&quot;469777804&quot;:&quot;\uf0b7&quot;,&quot;469777815&quot;:&quot;hybridMultilevel&quot;}\" data-aria-posinset=\"3\" data-aria-level=\"1\"><span data-contrast=\"auto\">benef\u00edcios espec\u00edficos;<\/span><span data-ccp-props=\"{&quot;134233117&quot;:false,&quot;134233118&quot;:false,&quot;335559738&quot;:240,&quot;335559739&quot;:240}\">\u00a0<\/span><\/li>\n<\/ul>\n<ul>\n<li aria-setsize=\"-1\" data-leveltext=\"\uf0b7\" data-font=\"Symbol\" data-listid=\"6\" data-list-defn-props=\"{&quot;335552541&quot;:1,&quot;335559685&quot;:720,&quot;335559991&quot;:360,&quot;469769226&quot;:&quot;Symbol&quot;,&quot;469769242&quot;:[8226],&quot;469777803&quot;:&quot;left&quot;,&quot;469777804&quot;:&quot;\uf0b7&quot;,&quot;469777815&quot;:&quot;hybridMultilevel&quot;}\" data-aria-posinset=\"4\" data-aria-level=\"1\"><span data-contrast=\"auto\">processos de readapta\u00e7\u00e3o funcional.<\/span><span data-ccp-props=\"{&quot;134233117&quot;:false,&quot;134233118&quot;:false,&quot;335559738&quot;:240,&quot;335559739&quot;:240}\">\u00a0<\/span><\/li>\n<\/ul>\n<p><span data-contrast=\"auto\">Em\u00a0<\/span><a href=\"https:\/\/acrisure.com.br\/insights\/afastamentos-na-previdencia\/\" target=\"_blank\" rel=\"noopener\"><span data-contrast=\"none\">afastamentos prolongados<\/span><\/a><span data-contrast=\"auto\">, a avalia\u00e7\u00e3o biopsicossocial pode impactar:<\/span><span data-ccp-props=\"{&quot;134233117&quot;:false,&quot;134233118&quot;:false,&quot;201341983&quot;:0,&quot;335551550&quot;:1,&quot;335551620&quot;:1,&quot;335559685&quot;:0,&quot;335559737&quot;:0,&quot;335559738&quot;:240,&quot;335559739&quot;:240,&quot;335559740&quot;:278}\">\u00a0<\/span><\/p>\n<ul>\n<li aria-setsize=\"-1\" data-leveltext=\"\uf0b7\" data-font=\"Symbol\" data-listid=\"7\" data-list-defn-props=\"{&quot;335552541&quot;:1,&quot;335559685&quot;:720,&quot;335559991&quot;:360,&quot;469769226&quot;:&quot;Symbol&quot;,&quot;469769242&quot;:[8226],&quot;469777803&quot;:&quot;left&quot;,&quot;469777804&quot;:&quot;\uf0b7&quot;,&quot;469777815&quot;:&quot;hybridMultilevel&quot;}\" data-aria-posinset=\"1\" data-aria-level=\"1\"><span data-contrast=\"auto\">reconhecimento de incapacidade parcial ou permanente;<\/span><span data-ccp-props=\"{&quot;134233117&quot;:false,&quot;134233118&quot;:false,&quot;335559738&quot;:240,&quot;335559739&quot;:240}\">\u00a0<\/span><\/li>\n<\/ul>\n<ul>\n<li aria-setsize=\"-1\" data-leveltext=\"\uf0b7\" data-font=\"Symbol\" data-listid=\"7\" data-list-defn-props=\"{&quot;335552541&quot;:1,&quot;335559685&quot;:720,&quot;335559991&quot;:360,&quot;469769226&quot;:&quot;Symbol&quot;,&quot;469769242&quot;:[8226],&quot;469777803&quot;:&quot;left&quot;,&quot;469777804&quot;:&quot;\uf0b7&quot;,&quot;469777815&quot;:&quot;hybridMultilevel&quot;}\" data-aria-posinset=\"2\" data-aria-level=\"1\"><span data-contrast=\"auto\">transi\u00e7\u00e3o entre benef\u00edcios por incapacidade e aposentadoria;<\/span><span data-ccp-props=\"{&quot;134233117&quot;:false,&quot;134233118&quot;:false,&quot;335559738&quot;:240,&quot;335559739&quot;:240}\">\u00a0<\/span><\/li>\n<\/ul>\n<ul>\n<li aria-setsize=\"-1\" data-leveltext=\"\uf0b7\" data-font=\"Symbol\" data-listid=\"7\" data-list-defn-props=\"{&quot;335552541&quot;:1,&quot;335559685&quot;:720,&quot;335559991&quot;:360,&quot;469769226&quot;:&quot;Symbol&quot;,&quot;469769242&quot;:[8226],&quot;469777803&quot;:&quot;left&quot;,&quot;469777804&quot;:&quot;\uf0b7&quot;,&quot;469777815&quot;:&quot;hybridMultilevel&quot;}\" data-aria-posinset=\"3\" data-aria-level=\"1\"><span data-contrast=\"auto\">processos de reabilita\u00e7\u00e3o profissional.<\/span><span data-ccp-props=\"{&quot;134233117&quot;:false,&quot;134233118&quot;:false,&quot;335559738&quot;:240,&quot;335559739&quot;:240}\">\u00a0<\/span><\/li>\n<\/ul>\n<p><span data-contrast=\"auto\">A an\u00e1lise passa a considerar\u00a0<\/span><b><span data-contrast=\"auto\">funcionalidade e contexto laboral<\/span><\/b><span data-contrast=\"auto\">, n\u00e3o apenas o diagn\u00f3stico.<\/span><span data-ccp-props=\"{&quot;134233117&quot;:false,&quot;134233118&quot;:false,&quot;335559738&quot;:240,&quot;335559739&quot;:240}\">\u00a0<\/span><\/p>\n<p><span data-contrast=\"auto\">Com isso, o novo modelo refor\u00e7a a\u00a0<\/span><b><span data-contrast=\"auto\">necessidade de estruturar<\/span><\/b><span data-contrast=\"auto\">:<\/span><span data-ccp-props=\"{&quot;134233117&quot;:false,&quot;134233118&quot;:false,&quot;335559738&quot;:240,&quot;335559739&quot;:240}\">\u00a0<\/span><\/p>\n<ul>\n<li aria-setsize=\"-1\" data-leveltext=\"\uf0b7\" data-font=\"Symbol\" data-listid=\"8\" data-list-defn-props=\"{&quot;335552541&quot;:1,&quot;335559685&quot;:720,&quot;335559991&quot;:360,&quot;469769226&quot;:&quot;Symbol&quot;,&quot;469769242&quot;:[8226],&quot;469777803&quot;:&quot;left&quot;,&quot;469777804&quot;:&quot;\uf0b7&quot;,&quot;469777815&quot;:&quot;hybridMultilevel&quot;}\" data-aria-posinset=\"1\" data-aria-level=\"1\"><span data-contrast=\"auto\">programas de reabilita\u00e7\u00e3o e retorno assistido;<\/span><span data-ccp-props=\"{&quot;134233117&quot;:false,&quot;134233118&quot;:false,&quot;335559738&quot;:240,&quot;335559739&quot;:240}\">\u00a0<\/span><\/li>\n<\/ul>\n<ul>\n<li aria-setsize=\"-1\" data-leveltext=\"\uf0b7\" data-font=\"Symbol\" data-listid=\"8\" data-list-defn-props=\"{&quot;335552541&quot;:1,&quot;335559685&quot;:720,&quot;335559991&quot;:360,&quot;469769226&quot;:&quot;Symbol&quot;,&quot;469769242&quot;:[8226],&quot;469777803&quot;:&quot;left&quot;,&quot;469777804&quot;:&quot;\uf0b7&quot;,&quot;469777815&quot;:&quot;hybridMultilevel&quot;}\" data-aria-posinset=\"2\" data-aria-level=\"1\"><span data-contrast=\"auto\">avalia\u00e7\u00f5es ergon\u00f4micas e adapta\u00e7\u00e3o de fun\u00e7\u00f5es;<\/span><span data-ccp-props=\"{&quot;134233117&quot;:false,&quot;134233118&quot;:false,&quot;335559738&quot;:240,&quot;335559739&quot;:240}\">\u00a0<\/span><\/li>\n<\/ul>\n<ul>\n<li aria-setsize=\"-1\" data-leveltext=\"\uf0b7\" data-font=\"Symbol\" data-listid=\"8\" data-list-defn-props=\"{&quot;335552541&quot;:1,&quot;335559685&quot;:720,&quot;335559991&quot;:360,&quot;469769226&quot;:&quot;Symbol&quot;,&quot;469769242&quot;:[8226],&quot;469777803&quot;:&quot;left&quot;,&quot;469777804&quot;:&quot;\uf0b7&quot;,&quot;469777815&quot;:&quot;hybridMultilevel&quot;}\" data-aria-posinset=\"3\" data-aria-level=\"1\"><span data-contrast=\"auto\">acompanhamento multiprofissional.<\/span><span data-ccp-props=\"{&quot;134233117&quot;:false,&quot;134233118&quot;:false,&quot;335559738&quot;:240,&quot;335559739&quot;:240}\">\u00a0<\/span><\/li>\n<\/ul>\n<p><span data-contrast=\"auto\">O foco tende a migrar de uma l\u00f3gica de aptid\u00e3o para uma\u00a0<\/span><b><span data-contrast=\"auto\">abordagem de perman\u00eancia e adapta\u00e7\u00e3o no trabalho<\/span><\/b><span data-contrast=\"auto\">.<\/span><span data-ccp-props=\"{&quot;134233117&quot;:false,&quot;134233118&quot;:false,&quot;335559738&quot;:240,&quot;335559739&quot;:240}\">\u00a0<\/span><\/p>\n<h2 aria-level=\"3\"><span data-contrast=\"none\">Um novo padr\u00e3o para reconhecimento da defici\u00eancia<\/span><span data-ccp-props=\"{&quot;134245418&quot;:true,&quot;134245529&quot;:true,&quot;335559738&quot;:160,&quot;335559739&quot;:80}\">\u00a0<\/span><\/h2>\n<p><span data-contrast=\"auto\">A ado\u00e7\u00e3o obrigat\u00f3ria da avalia\u00e7\u00e3o biopsicossocial marca a consolida\u00e7\u00e3o de um crit\u00e9rio mais t\u00e9cnico e multidimensional no pa\u00eds. Para as empresas, a mudan\u00e7a refor\u00e7a a import\u00e2ncia de\u00a0<\/span><b><span data-contrast=\"auto\">integrar inclus\u00e3o,\u00a0<\/span><\/b><a href=\"https:\/\/acrisure.com.br\/gestao-de-afastados\/\" target=\"_blank\" rel=\"noopener\"><b><span data-contrast=\"none\">gest\u00e3o de afastados<\/span><\/b><\/a><b><span data-contrast=\"auto\">\u00a0e sa\u00fade ocupacional.<\/span><\/b><span data-ccp-props=\"{&quot;134233117&quot;:false,&quot;134233118&quot;:false,&quot;335559738&quot;:240,&quot;335559739&quot;:240}\">\u00a0<\/span><\/p>\n<p>[\/et_pb_text][\/et_pb_column][\/et_pb_row][\/et_pb_section]<\/p>\n","protected":false},"excerpt":{"rendered":"<p>A digitaliza\u00e7\u00e3o e a automa\u00e7\u00e3o de tarefas n\u00e3o s\u00e3o tend\u00eancias futuras:\u00a0elas j\u00e1 transformam hoje a organiza\u00e7\u00e3o, performance e riscos no trabalho. O foco para l\u00edderes n\u00e3o \u00e9 a tecnologia isoladamente, mas\u00a0seus efeitos sobre pessoas, sa\u00fade e resultados do neg\u00f3cio.\u00a0<\/p>\n","protected":false},"author":1,"featured_media":20162,"comment_status":"closed","ping_status":"open","sticky":false,"template":"","format":"standard","meta":{"_et_pb_use_builder":"on","_et_pb_old_content":"","_et_gb_content_width":"","footnotes":"","_links_to":"","_links_to_target":""},"categories":[22],"tags":[9],"class_list":["post-20122","post","type-post","status-publish","format-standard","has-post-thumbnail","hentry","category-legislacao","tag-rh"],"yoast_head":"<!-- This site is optimized with the Yoast SEO plugin v27.4 - https:\/\/yoast.com\/product\/yoast-seo-wordpress\/ -->\n<title>Avalia\u00e7\u00e3o biopsicossocial passa a ser obrigat\u00f3ria<\/title>\n<meta name=\"description\" content=\"O Brasil passa a exigir a\u00a0avalia\u00e7\u00e3o biopsicossocial para o reconhecimento da defici\u00eancia, alterando o crit\u00e9rio utilizados,\" \/>\n<meta name=\"robots\" content=\"index, follow, max-snippet:-1, max-image-preview:large, max-video-preview:-1\" \/>\n<link rel=\"canonical\" href=\"https:\/\/acrisure.com.br\/insights\/avaliacao-biopsicossocial-passa-a-ser-obrigatoria\/\" \/>\n<meta property=\"og:locale\" content=\"pt_BR\" \/>\n<meta property=\"og:type\" content=\"article\" \/>\n<meta property=\"og:title\" content=\"Avalia\u00e7\u00e3o biopsicossocial passa a ser obrigat\u00f3ria\" \/>\n<meta property=\"og:description\" content=\"O Brasil passa a exigir a\u00a0avalia\u00e7\u00e3o biopsicossocial para o reconhecimento da defici\u00eancia, alterando o crit\u00e9rio utilizados,\" \/>\n<meta property=\"og:url\" content=\"https:\/\/acrisure.com.br\/insights\/avaliacao-biopsicossocial-passa-a-ser-obrigatoria\/\" \/>\n<meta property=\"og:site_name\" content=\"Insights \/ Acrisure\" \/>\n<meta property=\"article:publisher\" content=\"https:\/\/www.facebook.com\/itsseg\/\" \/>\n<meta property=\"article:published_time\" content=\"2026-02-19T13:12:37+00:00\" \/>\n<meta property=\"article:modified_time\" content=\"2026-02-19T17:58:46+00:00\" \/>\n<meta property=\"og:image\" content=\"https:\/\/acrisure.com.br\/insights\/wp-content\/uploads\/Avaliacao-biopsicossocial-passa-a-ser-obrigatoria-no-reconhecimento-da-deficiencia.jpg\" \/>\n\t<meta property=\"og:image:width\" content=\"1920\" \/>\n\t<meta property=\"og:image:height\" content=\"650\" \/>\n\t<meta property=\"og:image:type\" content=\"image\/jpeg\" \/>\n<meta name=\"author\" content=\"publishouse\" \/>\n<meta name=\"twitter:card\" content=\"summary_large_image\" \/>\n<meta name=\"twitter:label1\" content=\"Escrito por\" \/>\n\t<meta name=\"twitter:data1\" content=\"publishouse\" \/>\n\t<meta name=\"twitter:label2\" content=\"Est. tempo de leitura\" \/>\n\t<meta name=\"twitter:data2\" content=\"3 minutos\" \/>\n<script type=\"application\/ld+json\" class=\"yoast-schema-graph\">{\"@context\":\"https:\\\/\\\/schema.org\",\"@graph\":[{\"@type\":[\"Article\",\"BlogPosting\"],\"@id\":\"https:\\\/\\\/acrisure.com.br\\\/insights\\\/avaliacao-biopsicossocial-passa-a-ser-obrigatoria\\\/#article\",\"isPartOf\":{\"@id\":\"https:\\\/\\\/acrisure.com.br\\\/insights\\\/avaliacao-biopsicossocial-passa-a-ser-obrigatoria\\\/\"},\"author\":{\"name\":\"publishouse\",\"@id\":\"https:\\\/\\\/acrisure.com.br\\\/insights\\\/#\\\/schema\\\/person\\\/ae285068bde2d94bbb6b0692760fb361\"},\"headline\":\"Avalia\u00e7\u00e3o biopsicossocial passa a ser obrigat\u00f3ria no reconhecimento da defici\u00eancia\",\"datePublished\":\"2026-02-19T13:12:37+00:00\",\"dateModified\":\"2026-02-19T17:58:46+00:00\",\"mainEntityOfPage\":{\"@id\":\"https:\\\/\\\/acrisure.com.br\\\/insights\\\/avaliacao-biopsicossocial-passa-a-ser-obrigatoria\\\/\"},\"wordCount\":584,\"image\":{\"@id\":\"https:\\\/\\\/acrisure.com.br\\\/insights\\\/avaliacao-biopsicossocial-passa-a-ser-obrigatoria\\\/#primaryimage\"},\"thumbnailUrl\":\"https:\\\/\\\/acrisure.com.br\\\/insights\\\/wp-content\\\/uploads\\\/Avaliacao-biopsicossocial-passa-a-ser-obrigatoria-no-reconhecimento-da-deficiencia.jpg\",\"keywords\":[\"RH\"],\"articleSection\":[\"Legisla\u00e7\u00e3o\"],\"inLanguage\":\"pt-BR\"},{\"@type\":\"WebPage\",\"@id\":\"https:\\\/\\\/acrisure.com.br\\\/insights\\\/avaliacao-biopsicossocial-passa-a-ser-obrigatoria\\\/\",\"url\":\"https:\\\/\\\/acrisure.com.br\\\/insights\\\/avaliacao-biopsicossocial-passa-a-ser-obrigatoria\\\/\",\"name\":\"Avalia\u00e7\u00e3o biopsicossocial passa a ser obrigat\u00f3ria\",\"isPartOf\":{\"@id\":\"https:\\\/\\\/acrisure.com.br\\\/insights\\\/#website\"},\"primaryImageOfPage\":{\"@id\":\"https:\\\/\\\/acrisure.com.br\\\/insights\\\/avaliacao-biopsicossocial-passa-a-ser-obrigatoria\\\/#primaryimage\"},\"image\":{\"@id\":\"https:\\\/\\\/acrisure.com.br\\\/insights\\\/avaliacao-biopsicossocial-passa-a-ser-obrigatoria\\\/#primaryimage\"},\"thumbnailUrl\":\"https:\\\/\\\/acrisure.com.br\\\/insights\\\/wp-content\\\/uploads\\\/Avaliacao-biopsicossocial-passa-a-ser-obrigatoria-no-reconhecimento-da-deficiencia.jpg\",\"datePublished\":\"2026-02-19T13:12:37+00:00\",\"dateModified\":\"2026-02-19T17:58:46+00:00\",\"author\":{\"@id\":\"https:\\\/\\\/acrisure.com.br\\\/insights\\\/#\\\/schema\\\/person\\\/ae285068bde2d94bbb6b0692760fb361\"},\"description\":\"O Brasil passa a exigir a\u00a0avalia\u00e7\u00e3o biopsicossocial para o reconhecimento da defici\u00eancia, alterando o crit\u00e9rio utilizados,\",\"breadcrumb\":{\"@id\":\"https:\\\/\\\/acrisure.com.br\\\/insights\\\/avaliacao-biopsicossocial-passa-a-ser-obrigatoria\\\/#breadcrumb\"},\"inLanguage\":\"pt-BR\",\"potentialAction\":[{\"@type\":\"ReadAction\",\"target\":[\"https:\\\/\\\/acrisure.com.br\\\/insights\\\/avaliacao-biopsicossocial-passa-a-ser-obrigatoria\\\/\"]}]},{\"@type\":\"ImageObject\",\"inLanguage\":\"pt-BR\",\"@id\":\"https:\\\/\\\/acrisure.com.br\\\/insights\\\/avaliacao-biopsicossocial-passa-a-ser-obrigatoria\\\/#primaryimage\",\"url\":\"https:\\\/\\\/acrisure.com.br\\\/insights\\\/wp-content\\\/uploads\\\/Avaliacao-biopsicossocial-passa-a-ser-obrigatoria-no-reconhecimento-da-deficiencia.jpg\",\"contentUrl\":\"https:\\\/\\\/acrisure.com.br\\\/insights\\\/wp-content\\\/uploads\\\/Avaliacao-biopsicossocial-passa-a-ser-obrigatoria-no-reconhecimento-da-deficiencia.jpg\",\"width\":1920,\"height\":650,\"caption\":\"A diverse group of young business people walking a corridor in the glass-enclosed office of a modern\"},{\"@type\":\"BreadcrumbList\",\"@id\":\"https:\\\/\\\/acrisure.com.br\\\/insights\\\/avaliacao-biopsicossocial-passa-a-ser-obrigatoria\\\/#breadcrumb\",\"itemListElement\":[{\"@type\":\"ListItem\",\"position\":1,\"name\":\"In\u00edcio\",\"item\":\"https:\\\/\\\/acrisure.com.br\\\/insights\\\/\"},{\"@type\":\"ListItem\",\"position\":2,\"name\":\"Avalia\u00e7\u00e3o biopsicossocial passa a ser obrigat\u00f3ria no reconhecimento da defici\u00eancia\"}]},{\"@type\":\"WebSite\",\"@id\":\"https:\\\/\\\/acrisure.com.br\\\/insights\\\/#website\",\"url\":\"https:\\\/\\\/acrisure.com.br\\\/insights\\\/\",\"name\":\"Insights \\\/ Acrisure\",\"description\":\"Portal de Not\u00edcias e Conte\u00fado\",\"potentialAction\":[{\"@type\":\"SearchAction\",\"target\":{\"@type\":\"EntryPoint\",\"urlTemplate\":\"https:\\\/\\\/acrisure.com.br\\\/insights\\\/?s={search_term_string}\"},\"query-input\":{\"@type\":\"PropertyValueSpecification\",\"valueRequired\":true,\"valueName\":\"search_term_string\"}}],\"inLanguage\":\"pt-BR\"},{\"@type\":\"Person\",\"@id\":\"https:\\\/\\\/acrisure.com.br\\\/insights\\\/#\\\/schema\\\/person\\\/ae285068bde2d94bbb6b0692760fb361\",\"name\":\"publishouse\",\"image\":{\"@type\":\"ImageObject\",\"inLanguage\":\"pt-BR\",\"@id\":\"https:\\\/\\\/secure.gravatar.com\\\/avatar\\\/28cbb1595e2bba31bae82123e62ffe5e807440c64f2e05ed85a7bd654289e026?s=96&d=mm&r=g\",\"url\":\"https:\\\/\\\/secure.gravatar.com\\\/avatar\\\/28cbb1595e2bba31bae82123e62ffe5e807440c64f2e05ed85a7bd654289e026?s=96&d=mm&r=g\",\"contentUrl\":\"https:\\\/\\\/secure.gravatar.com\\\/avatar\\\/28cbb1595e2bba31bae82123e62ffe5e807440c64f2e05ed85a7bd654289e026?s=96&d=mm&r=g\",\"caption\":\"publishouse\"},\"sameAs\":[\"https:\\\/\\\/acrisure.com.br\\\/insights\"],\"url\":\"https:\\\/\\\/acrisure.com.br\\\/insights\\\/author\\\/publishouse\\\/\"}]}<\/script>\n<!-- \/ Yoast SEO plugin. -->","yoast_head_json":{"title":"Avalia\u00e7\u00e3o biopsicossocial passa a ser obrigat\u00f3ria","description":"O Brasil passa a exigir a\u00a0avalia\u00e7\u00e3o biopsicossocial para o reconhecimento da defici\u00eancia, alterando o crit\u00e9rio utilizados,","robots":{"index":"index","follow":"follow","max-snippet":"max-snippet:-1","max-image-preview":"max-image-preview:large","max-video-preview":"max-video-preview:-1"},"canonical":"https:\/\/acrisure.com.br\/insights\/avaliacao-biopsicossocial-passa-a-ser-obrigatoria\/","og_locale":"pt_BR","og_type":"article","og_title":"Avalia\u00e7\u00e3o biopsicossocial passa a ser obrigat\u00f3ria","og_description":"O Brasil passa a exigir a\u00a0avalia\u00e7\u00e3o biopsicossocial para o reconhecimento da defici\u00eancia, alterando o crit\u00e9rio utilizados,","og_url":"https:\/\/acrisure.com.br\/insights\/avaliacao-biopsicossocial-passa-a-ser-obrigatoria\/","og_site_name":"Insights \/ Acrisure","article_publisher":"https:\/\/www.facebook.com\/itsseg\/","article_published_time":"2026-02-19T13:12:37+00:00","article_modified_time":"2026-02-19T17:58:46+00:00","og_image":[{"width":1920,"height":650,"url":"https:\/\/acrisure.com.br\/insights\/wp-content\/uploads\/Avaliacao-biopsicossocial-passa-a-ser-obrigatoria-no-reconhecimento-da-deficiencia.jpg","type":"image\/jpeg"}],"author":"publishouse","twitter_card":"summary_large_image","twitter_misc":{"Escrito por":"publishouse","Est. tempo de leitura":"3 minutos"},"schema":{"@context":"https:\/\/schema.org","@graph":[{"@type":["Article","BlogPosting"],"@id":"https:\/\/acrisure.com.br\/insights\/avaliacao-biopsicossocial-passa-a-ser-obrigatoria\/#article","isPartOf":{"@id":"https:\/\/acrisure.com.br\/insights\/avaliacao-biopsicossocial-passa-a-ser-obrigatoria\/"},"author":{"name":"publishouse","@id":"https:\/\/acrisure.com.br\/insights\/#\/schema\/person\/ae285068bde2d94bbb6b0692760fb361"},"headline":"Avalia\u00e7\u00e3o biopsicossocial passa a ser obrigat\u00f3ria no reconhecimento da defici\u00eancia","datePublished":"2026-02-19T13:12:37+00:00","dateModified":"2026-02-19T17:58:46+00:00","mainEntityOfPage":{"@id":"https:\/\/acrisure.com.br\/insights\/avaliacao-biopsicossocial-passa-a-ser-obrigatoria\/"},"wordCount":584,"image":{"@id":"https:\/\/acrisure.com.br\/insights\/avaliacao-biopsicossocial-passa-a-ser-obrigatoria\/#primaryimage"},"thumbnailUrl":"https:\/\/acrisure.com.br\/insights\/wp-content\/uploads\/Avaliacao-biopsicossocial-passa-a-ser-obrigatoria-no-reconhecimento-da-deficiencia.jpg","keywords":["RH"],"articleSection":["Legisla\u00e7\u00e3o"],"inLanguage":"pt-BR"},{"@type":"WebPage","@id":"https:\/\/acrisure.com.br\/insights\/avaliacao-biopsicossocial-passa-a-ser-obrigatoria\/","url":"https:\/\/acrisure.com.br\/insights\/avaliacao-biopsicossocial-passa-a-ser-obrigatoria\/","name":"Avalia\u00e7\u00e3o biopsicossocial passa a ser obrigat\u00f3ria","isPartOf":{"@id":"https:\/\/acrisure.com.br\/insights\/#website"},"primaryImageOfPage":{"@id":"https:\/\/acrisure.com.br\/insights\/avaliacao-biopsicossocial-passa-a-ser-obrigatoria\/#primaryimage"},"image":{"@id":"https:\/\/acrisure.com.br\/insights\/avaliacao-biopsicossocial-passa-a-ser-obrigatoria\/#primaryimage"},"thumbnailUrl":"https:\/\/acrisure.com.br\/insights\/wp-content\/uploads\/Avaliacao-biopsicossocial-passa-a-ser-obrigatoria-no-reconhecimento-da-deficiencia.jpg","datePublished":"2026-02-19T13:12:37+00:00","dateModified":"2026-02-19T17:58:46+00:00","author":{"@id":"https:\/\/acrisure.com.br\/insights\/#\/schema\/person\/ae285068bde2d94bbb6b0692760fb361"},"description":"O Brasil passa a exigir a\u00a0avalia\u00e7\u00e3o biopsicossocial para o reconhecimento da defici\u00eancia, alterando o crit\u00e9rio utilizados,","breadcrumb":{"@id":"https:\/\/acrisure.com.br\/insights\/avaliacao-biopsicossocial-passa-a-ser-obrigatoria\/#breadcrumb"},"inLanguage":"pt-BR","potentialAction":[{"@type":"ReadAction","target":["https:\/\/acrisure.com.br\/insights\/avaliacao-biopsicossocial-passa-a-ser-obrigatoria\/"]}]},{"@type":"ImageObject","inLanguage":"pt-BR","@id":"https:\/\/acrisure.com.br\/insights\/avaliacao-biopsicossocial-passa-a-ser-obrigatoria\/#primaryimage","url":"https:\/\/acrisure.com.br\/insights\/wp-content\/uploads\/Avaliacao-biopsicossocial-passa-a-ser-obrigatoria-no-reconhecimento-da-deficiencia.jpg","contentUrl":"https:\/\/acrisure.com.br\/insights\/wp-content\/uploads\/Avaliacao-biopsicossocial-passa-a-ser-obrigatoria-no-reconhecimento-da-deficiencia.jpg","width":1920,"height":650,"caption":"A diverse group of young business people walking a corridor in the glass-enclosed office of a modern"},{"@type":"BreadcrumbList","@id":"https:\/\/acrisure.com.br\/insights\/avaliacao-biopsicossocial-passa-a-ser-obrigatoria\/#breadcrumb","itemListElement":[{"@type":"ListItem","position":1,"name":"In\u00edcio","item":"https:\/\/acrisure.com.br\/insights\/"},{"@type":"ListItem","position":2,"name":"Avalia\u00e7\u00e3o biopsicossocial passa a ser obrigat\u00f3ria no reconhecimento da defici\u00eancia"}]},{"@type":"WebSite","@id":"https:\/\/acrisure.com.br\/insights\/#website","url":"https:\/\/acrisure.com.br\/insights\/","name":"Insights \/ Acrisure","description":"Portal de Not\u00edcias e Conte\u00fado","potentialAction":[{"@type":"SearchAction","target":{"@type":"EntryPoint","urlTemplate":"https:\/\/acrisure.com.br\/insights\/?s={search_term_string}"},"query-input":{"@type":"PropertyValueSpecification","valueRequired":true,"valueName":"search_term_string"}}],"inLanguage":"pt-BR"},{"@type":"Person","@id":"https:\/\/acrisure.com.br\/insights\/#\/schema\/person\/ae285068bde2d94bbb6b0692760fb361","name":"publishouse","image":{"@type":"ImageObject","inLanguage":"pt-BR","@id":"https:\/\/secure.gravatar.com\/avatar\/28cbb1595e2bba31bae82123e62ffe5e807440c64f2e05ed85a7bd654289e026?s=96&d=mm&r=g","url":"https:\/\/secure.gravatar.com\/avatar\/28cbb1595e2bba31bae82123e62ffe5e807440c64f2e05ed85a7bd654289e026?s=96&d=mm&r=g","contentUrl":"https:\/\/secure.gravatar.com\/avatar\/28cbb1595e2bba31bae82123e62ffe5e807440c64f2e05ed85a7bd654289e026?s=96&d=mm&r=g","caption":"publishouse"},"sameAs":["https:\/\/acrisure.com.br\/insights"],"url":"https:\/\/acrisure.com.br\/insights\/author\/publishouse\/"}]}},"_links":{"self":[{"href":"https:\/\/acrisure.com.br\/insights\/wp-json\/wp\/v2\/posts\/20122","targetHints":{"allow":["GET"]}}],"collection":[{"href":"https:\/\/acrisure.com.br\/insights\/wp-json\/wp\/v2\/posts"}],"about":[{"href":"https:\/\/acrisure.com.br\/insights\/wp-json\/wp\/v2\/types\/post"}],"author":[{"embeddable":true,"href":"https:\/\/acrisure.com.br\/insights\/wp-json\/wp\/v2\/users\/1"}],"replies":[{"embeddable":true,"href":"https:\/\/acrisure.com.br\/insights\/wp-json\/wp\/v2\/comments?post=20122"}],"version-history":[{"count":6,"href":"https:\/\/acrisure.com.br\/insights\/wp-json\/wp\/v2\/posts\/20122\/revisions"}],"predecessor-version":[{"id":20163,"href":"https:\/\/acrisure.com.br\/insights\/wp-json\/wp\/v2\/posts\/20122\/revisions\/20163"}],"wp:featuredmedia":[{"embeddable":true,"href":"https:\/\/acrisure.com.br\/insights\/wp-json\/wp\/v2\/media\/20162"}],"wp:attachment":[{"href":"https:\/\/acrisure.com.br\/insights\/wp-json\/wp\/v2\/media?parent=20122"}],"wp:term":[{"taxonomy":"category","embeddable":true,"href":"https:\/\/acrisure.com.br\/insights\/wp-json\/wp\/v2\/categories?post=20122"},{"taxonomy":"post_tag","embeddable":true,"href":"https:\/\/acrisure.com.br\/insights\/wp-json\/wp\/v2\/tags?post=20122"}],"curies":[{"name":"wp","href":"https:\/\/api.w.org\/{rel}","templated":true}]}}