{"id":2492,"date":"2021-11-18T18:27:30","date_gmt":"2021-11-18T21:27:30","guid":{"rendered":"https:\/\/acrisure.com.br\/insights\/?p=2492"},"modified":"2026-02-03T10:43:01","modified_gmt":"2026-02-03T13:43:01","slug":"fap-e-constitucional","status":"publish","type":"post","link":"https:\/\/acrisure.com.br\/insights\/fap-e-constitucional\/","title":{"rendered":"O FAP \u00e9 constitucional. E agora?"},"content":{"rendered":"<p>[et_pb_section fb_built=&#8221;1&#8243; admin_label=&#8221;Post&#8221; _builder_version=&#8221;4.20.0&#8243; custom_padding=&#8221;0px||0px||false|false&#8221; global_colors_info=&#8221;{}&#8221;][et_pb_row admin_label=&#8221;Post&#8221; _builder_version=&#8221;4.19.4&#8243; background_size=&#8221;initial&#8221; background_position=&#8221;top_left&#8221; background_repeat=&#8221;repeat&#8221; width=&#8221;100%&#8221; custom_padding=&#8221;0px||0px||false|false&#8221; global_colors_info=&#8221;{}&#8221;][et_pb_column type=&#8221;4_4&#8243; _builder_version=&#8221;4.16&#8243; custom_padding=&#8221;|||&#8221; global_colors_info=&#8221;{}&#8221; custom_padding__hover=&#8221;|||&#8221;][et_pb_text admin_label=&#8221;Conte\u00fado&#8221; _builder_version=&#8221;4.27.3&#8243; _module_preset=&#8221;default&#8221; text_letter_spacing=&#8221;1px&#8221; custom_margin=&#8221;||||false|false&#8221; hover_enabled=&#8221;0&#8243; global_colors_info=&#8221;{}&#8221; sticky_enabled=&#8221;0&#8243;]<\/p>\n<p>A primeira divulga\u00e7\u00e3o do <a href=\"https:\/\/acrisure.com.br\/\" target=\"_blank\" rel=\"noopener\">Fator Acident\u00e1rio de Preven\u00e7\u00e3o (FAP)<\/a> aconteceu em 2010 e, assim, originou o trabalho de Gest\u00e3o de Afastados mais aprofundado. \u00c0 \u00e9poca, muitas empresas iniciaram a\u00e7\u00f5es de inconstitucionalidade. Outras preferiram aceitar e gerenciar pela perspectiva de economia que o \u00edndice prop\u00f5e, apoiado na robustez do arcabou\u00e7o jur\u00eddico em que nasceu.<\/p>\n<p>Entretanto, as disputas jur\u00eddicas s\u00f3 se avolumaram e foram, depois, para o Supremo Tribunal Federal (STF). Em julgamento que se encerrou no dia 10\/11\/2021, o Plen\u00e1rio do Supremo decidiu que <strong>o FAP \u00e9 constitucional e atende ao princ\u00edpio da legalidade tribut\u00e1ria<\/strong>.<\/p>\n<p>A pergunta que fica \u00e9: Agora, o que devem fazer as empresas que ingressaram em ju\u00edzo pela inconstitucionalidade?<\/p>\n<h4>Entenda a decis\u00e3o do STF<\/h4>\n<p>O FAP \u00e9 usado como multiplicador sobre as al\u00edquotas de contribui\u00e7\u00e3o das empresas\u00a0para os riscos ambientais do trabalho (RAT) \u2014\u00a0nova denomina\u00e7\u00e3o dada ao seguro acidente do trabalho (SAT), que financia os benef\u00edcios previdenci\u00e1rios dos trabalhadores acidentados.<\/p>\n<p>As al\u00edquotas podem ser reduzidas em at\u00e9 50% ou aumentadas em at\u00e9 100%, conforme os registros de acidentes ou doen\u00e7as ocupacionais. Essas possibilidades\u00a0foram\u00a0previstas\u00a0pelo artigo 10 da\u00a0<a href=\"https:\/\/web.archive.org\/web\/20260114073257\/https:\/\/www.planalto.gov.br\/ccivil_03\/LEIS\/2003\/L10.666.htm\" target=\"_blank\" rel=\"noopener\">Lei\u00a010.666\/2003<\/a>. Mais tarde, altera\u00e7\u00f5es feitas no\u00a0<a href=\"https:\/\/web.archive.org\/web\/20260105043539\/https:\/\/www.planalto.gov.br\/ccivil_03\/decreto\/D3048.htm\" target=\"_blank\" rel=\"noopener\">Decreto\u00a03.048\/1999<\/a>\u00a0regulamentaram a regra e institu\u00edram o FAP.<\/p>\n<p>O STF discutia se o \u00edndice poderia ser criado por meio do decreto. O tema foi objeto de uma\u00a0a\u00e7\u00e3o direta de inconstitucionalidade (ADI 4397) e de um recurso extraordin\u00e1rio (RE 677.725), que contestavam o FAP e sua metodologia.<\/p>\n<p>Em seu voto, o ministro Luiz Fux afirma que as al\u00edquotas da contribui\u00e7\u00e3o ao RAT foram expressamente definidas pela\u00a0<a href=\"https:\/\/web.archive.org\/web\/20260114073257\/https:\/\/www.planalto.gov.br\/ccivil_03\/LEIS\/2003\/L10.666.htm\">Lei 10.666\/2003<\/a>. Ele explica que o <a href=\"https:\/\/web.archive.org\/web\/20260105043539\/https:\/\/www.planalto.gov.br\/ccivil_03\/decreto\/D3048.htm\" target=\"_blank\" rel=\"noopener\">Decreto 3.048\/1999<\/a> apenas preencheu uma lacuna da lei, ao definir a classifica\u00e7\u00e3o de graus de risco de acidente de trabalho, a partir da atividade preponderante das empresas. Ao FAP, por sua vez, coube delimitar a progressividade dessas al\u00edquotas, sendo aplicado sobre a base de c\u00e1lculo do tributo.<\/p>\n<blockquote>\n<p>\u201cO fato de a lei relegar para o regulamento a complementa\u00e7\u00e3o dos conceitos de \u2018atividade preponderante\u2019 e \u2018grau de risco leve, m\u00e9dio e grave\u2019 <strong>n\u00e3o implica ofensa ao princ\u00edpio da legalidade<\/strong> gen\u00e9rica\u201d, disse o ministro. Segundo Fux, tamb\u00e9m n\u00e3o haveria viola\u00e7\u00e3o\u00a0aos princ\u00edpios da transpar\u00eancia, da moralidade administrativa e da publicidade, j\u00e1 que os \u00edndices usados pelo FAP s\u00e3o do conhecimento de cada contribuinte.<\/p>\n<\/blockquote>\n<p>No julgamento da ADI 4397, o relator Dias Toffoli ressalta que &#8220;eventual declara\u00e7\u00e3o de inconstitucionalidade do dispositivo impugnado far\u00e1 com que os contribuintes passem a recolher o tributo apenas com base nas al\u00edquotas coletivas, o que acarretar\u00e1 majora\u00e7\u00e3o<br \/>da contribui\u00e7\u00e3o para muitos&#8221;.<\/p>\n<p>Dessa forma, por unanimidade, os ministros votaram pela constitucionalidade da fixa\u00e7\u00e3o da al\u00edquota da contribui\u00e7\u00e3o ao RAT por decreto.<\/p>\n<p>[\/et_pb_text][\/et_pb_column][\/et_pb_row][\/et_pb_section]<\/p>\n","protected":false},"excerpt":{"rendered":"<p>O Plen\u00e1rio do STF decidiu que o FAP \u00e9 constitucional e atende ao princ\u00edpio da legalidade tribut\u00e1ria.<\/p>\n","protected":false},"author":1,"featured_media":2494,"comment_status":"closed","ping_status":"open","sticky":false,"template":"","format":"standard","meta":{"_et_pb_use_builder":"on","_et_pb_old_content":"","_et_gb_content_width":"","footnotes":"","_links_to":"","_links_to_target":""},"categories":[24],"tags":[9],"class_list":["post-2492","post","type-post","status-publish","format-standard","has-post-thumbnail","hentry","category-gestao-de-afastados","tag-rh"],"yoast_head":"<!-- This site is optimized with the Yoast SEO plugin v27.4 - https:\/\/yoast.com\/product\/yoast-seo-wordpress\/ -->\n<title>O FAP \u00e9 constitucional. E agora? - Insights \/ Acrisure<\/title>\n<meta name=\"description\" content=\"STF decide pela constitucionalidade do FAP, \u00edndice que ajusta al\u00edquotas do RAT conforme acidentes de trabalho.\" \/>\n<meta name=\"robots\" content=\"index, follow, max-snippet:-1, max-image-preview:large, max-video-preview:-1\" \/>\n<link rel=\"canonical\" href=\"https:\/\/acrisure.com.br\/insights\/fap-e-constitucional\/\" \/>\n<meta property=\"og:locale\" content=\"pt_BR\" \/>\n<meta property=\"og:type\" content=\"article\" \/>\n<meta property=\"og:title\" content=\"O FAP \u00e9 constitucional. E agora? - Insights \/ Acrisure\" \/>\n<meta property=\"og:description\" content=\"STF decide pela constitucionalidade do FAP, \u00edndice que ajusta al\u00edquotas do RAT conforme acidentes de trabalho.\" \/>\n<meta property=\"og:url\" content=\"https:\/\/acrisure.com.br\/insights\/fap-e-constitucional\/\" \/>\n<meta property=\"og:site_name\" content=\"Insights \/ Acrisure\" \/>\n<meta property=\"article:publisher\" content=\"https:\/\/www.facebook.com\/itsseg\/\" \/>\n<meta property=\"article:published_time\" content=\"2021-11-18T21:27:30+00:00\" \/>\n<meta property=\"article:modified_time\" content=\"2026-02-03T13:43:01+00:00\" \/>\n<meta property=\"og:image\" content=\"https:\/\/acrisure.com.br\/insights\/wp-content\/uploads\/turbinar-fap-e-constitucional.jpg\" \/>\n\t<meta property=\"og:image:width\" content=\"1920\" \/>\n\t<meta property=\"og:image:height\" content=\"640\" \/>\n\t<meta property=\"og:image:type\" content=\"image\/jpeg\" \/>\n<meta name=\"author\" content=\"publishouse\" \/>\n<meta name=\"twitter:card\" content=\"summary_large_image\" \/>\n<meta name=\"twitter:label1\" content=\"Escrito por\" \/>\n\t<meta name=\"twitter:data1\" content=\"publishouse\" \/>\n\t<meta name=\"twitter:label2\" content=\"Est. tempo de leitura\" \/>\n\t<meta name=\"twitter:data2\" content=\"3 minutos\" \/>\n<script type=\"application\/ld+json\" class=\"yoast-schema-graph\">{\"@context\":\"https:\\\/\\\/schema.org\",\"@graph\":[{\"@type\":\"Article\",\"@id\":\"https:\\\/\\\/acrisure.com.br\\\/insights\\\/fap-e-constitucional\\\/#article\",\"isPartOf\":{\"@id\":\"https:\\\/\\\/acrisure.com.br\\\/insights\\\/fap-e-constitucional\\\/\"},\"author\":{\"name\":\"publishouse\",\"@id\":\"https:\\\/\\\/acrisure.com.br\\\/insights\\\/#\\\/schema\\\/person\\\/ae285068bde2d94bbb6b0692760fb361\"},\"headline\":\"O FAP \u00e9 constitucional. E agora?\",\"datePublished\":\"2021-11-18T21:27:30+00:00\",\"dateModified\":\"2026-02-03T13:43:01+00:00\",\"mainEntityOfPage\":{\"@id\":\"https:\\\/\\\/acrisure.com.br\\\/insights\\\/fap-e-constitucional\\\/\"},\"wordCount\":571,\"image\":{\"@id\":\"https:\\\/\\\/acrisure.com.br\\\/insights\\\/fap-e-constitucional\\\/#primaryimage\"},\"thumbnailUrl\":\"https:\\\/\\\/acrisure.com.br\\\/insights\\\/wp-content\\\/uploads\\\/turbinar-fap-e-constitucional.jpg\",\"keywords\":[\"RH\"],\"articleSection\":[\"Gest\u00e3o de afastados\"],\"inLanguage\":\"pt-BR\"},{\"@type\":\"WebPage\",\"@id\":\"https:\\\/\\\/acrisure.com.br\\\/insights\\\/fap-e-constitucional\\\/\",\"url\":\"https:\\\/\\\/acrisure.com.br\\\/insights\\\/fap-e-constitucional\\\/\",\"name\":\"O FAP \u00e9 constitucional. E agora? - Insights \\\/ Acrisure\",\"isPartOf\":{\"@id\":\"https:\\\/\\\/acrisure.com.br\\\/insights\\\/#website\"},\"primaryImageOfPage\":{\"@id\":\"https:\\\/\\\/acrisure.com.br\\\/insights\\\/fap-e-constitucional\\\/#primaryimage\"},\"image\":{\"@id\":\"https:\\\/\\\/acrisure.com.br\\\/insights\\\/fap-e-constitucional\\\/#primaryimage\"},\"thumbnailUrl\":\"https:\\\/\\\/acrisure.com.br\\\/insights\\\/wp-content\\\/uploads\\\/turbinar-fap-e-constitucional.jpg\",\"datePublished\":\"2021-11-18T21:27:30+00:00\",\"dateModified\":\"2026-02-03T13:43:01+00:00\",\"author\":{\"@id\":\"https:\\\/\\\/acrisure.com.br\\\/insights\\\/#\\\/schema\\\/person\\\/ae285068bde2d94bbb6b0692760fb361\"},\"description\":\"STF decide pela constitucionalidade do FAP, \u00edndice que ajusta al\u00edquotas do RAT conforme acidentes de trabalho.\",\"breadcrumb\":{\"@id\":\"https:\\\/\\\/acrisure.com.br\\\/insights\\\/fap-e-constitucional\\\/#breadcrumb\"},\"inLanguage\":\"pt-BR\",\"potentialAction\":[{\"@type\":\"ReadAction\",\"target\":[\"https:\\\/\\\/acrisure.com.br\\\/insights\\\/fap-e-constitucional\\\/\"]}]},{\"@type\":\"ImageObject\",\"inLanguage\":\"pt-BR\",\"@id\":\"https:\\\/\\\/acrisure.com.br\\\/insights\\\/fap-e-constitucional\\\/#primaryimage\",\"url\":\"https:\\\/\\\/acrisure.com.br\\\/insights\\\/wp-content\\\/uploads\\\/turbinar-fap-e-constitucional.jpg\",\"contentUrl\":\"https:\\\/\\\/acrisure.com.br\\\/insights\\\/wp-content\\\/uploads\\\/turbinar-fap-e-constitucional.jpg\",\"width\":1920,\"height\":640,\"caption\":\"Est\u00e1tua em cobre da deusa T\u00eamis, s\u00edmbolo de justi\u00e7a e igualdade\"},{\"@type\":\"BreadcrumbList\",\"@id\":\"https:\\\/\\\/acrisure.com.br\\\/insights\\\/fap-e-constitucional\\\/#breadcrumb\",\"itemListElement\":[{\"@type\":\"ListItem\",\"position\":1,\"name\":\"In\u00edcio\",\"item\":\"https:\\\/\\\/acrisure.com.br\\\/insights\\\/\"},{\"@type\":\"ListItem\",\"position\":2,\"name\":\"O FAP \u00e9 constitucional. E agora?\"}]},{\"@type\":\"WebSite\",\"@id\":\"https:\\\/\\\/acrisure.com.br\\\/insights\\\/#website\",\"url\":\"https:\\\/\\\/acrisure.com.br\\\/insights\\\/\",\"name\":\"Insights \\\/ Acrisure\",\"description\":\"Portal de Not\u00edcias e Conte\u00fado\",\"potentialAction\":[{\"@type\":\"SearchAction\",\"target\":{\"@type\":\"EntryPoint\",\"urlTemplate\":\"https:\\\/\\\/acrisure.com.br\\\/insights\\\/?s={search_term_string}\"},\"query-input\":{\"@type\":\"PropertyValueSpecification\",\"valueRequired\":true,\"valueName\":\"search_term_string\"}}],\"inLanguage\":\"pt-BR\"},{\"@type\":\"Person\",\"@id\":\"https:\\\/\\\/acrisure.com.br\\\/insights\\\/#\\\/schema\\\/person\\\/ae285068bde2d94bbb6b0692760fb361\",\"name\":\"publishouse\",\"image\":{\"@type\":\"ImageObject\",\"inLanguage\":\"pt-BR\",\"@id\":\"https:\\\/\\\/secure.gravatar.com\\\/avatar\\\/28cbb1595e2bba31bae82123e62ffe5e807440c64f2e05ed85a7bd654289e026?s=96&d=mm&r=g\",\"url\":\"https:\\\/\\\/secure.gravatar.com\\\/avatar\\\/28cbb1595e2bba31bae82123e62ffe5e807440c64f2e05ed85a7bd654289e026?s=96&d=mm&r=g\",\"contentUrl\":\"https:\\\/\\\/secure.gravatar.com\\\/avatar\\\/28cbb1595e2bba31bae82123e62ffe5e807440c64f2e05ed85a7bd654289e026?s=96&d=mm&r=g\",\"caption\":\"publishouse\"},\"sameAs\":[\"https:\\\/\\\/acrisure.com.br\\\/insights\"],\"url\":\"https:\\\/\\\/acrisure.com.br\\\/insights\\\/author\\\/publishouse\\\/\"}]}<\/script>\n<!-- \/ Yoast SEO plugin. -->","yoast_head_json":{"title":"O FAP \u00e9 constitucional. E agora? - Insights \/ Acrisure","description":"STF decide pela constitucionalidade do FAP, \u00edndice que ajusta al\u00edquotas do RAT conforme acidentes de trabalho.","robots":{"index":"index","follow":"follow","max-snippet":"max-snippet:-1","max-image-preview":"max-image-preview:large","max-video-preview":"max-video-preview:-1"},"canonical":"https:\/\/acrisure.com.br\/insights\/fap-e-constitucional\/","og_locale":"pt_BR","og_type":"article","og_title":"O FAP \u00e9 constitucional. E agora? - Insights \/ Acrisure","og_description":"STF decide pela constitucionalidade do FAP, \u00edndice que ajusta al\u00edquotas do RAT conforme acidentes de trabalho.","og_url":"https:\/\/acrisure.com.br\/insights\/fap-e-constitucional\/","og_site_name":"Insights \/ Acrisure","article_publisher":"https:\/\/www.facebook.com\/itsseg\/","article_published_time":"2021-11-18T21:27:30+00:00","article_modified_time":"2026-02-03T13:43:01+00:00","og_image":[{"width":1920,"height":640,"url":"https:\/\/acrisure.com.br\/insights\/wp-content\/uploads\/turbinar-fap-e-constitucional.jpg","type":"image\/jpeg"}],"author":"publishouse","twitter_card":"summary_large_image","twitter_misc":{"Escrito por":"publishouse","Est. tempo de leitura":"3 minutos"},"schema":{"@context":"https:\/\/schema.org","@graph":[{"@type":"Article","@id":"https:\/\/acrisure.com.br\/insights\/fap-e-constitucional\/#article","isPartOf":{"@id":"https:\/\/acrisure.com.br\/insights\/fap-e-constitucional\/"},"author":{"name":"publishouse","@id":"https:\/\/acrisure.com.br\/insights\/#\/schema\/person\/ae285068bde2d94bbb6b0692760fb361"},"headline":"O FAP \u00e9 constitucional. E agora?","datePublished":"2021-11-18T21:27:30+00:00","dateModified":"2026-02-03T13:43:01+00:00","mainEntityOfPage":{"@id":"https:\/\/acrisure.com.br\/insights\/fap-e-constitucional\/"},"wordCount":571,"image":{"@id":"https:\/\/acrisure.com.br\/insights\/fap-e-constitucional\/#primaryimage"},"thumbnailUrl":"https:\/\/acrisure.com.br\/insights\/wp-content\/uploads\/turbinar-fap-e-constitucional.jpg","keywords":["RH"],"articleSection":["Gest\u00e3o de afastados"],"inLanguage":"pt-BR"},{"@type":"WebPage","@id":"https:\/\/acrisure.com.br\/insights\/fap-e-constitucional\/","url":"https:\/\/acrisure.com.br\/insights\/fap-e-constitucional\/","name":"O FAP \u00e9 constitucional. E agora? - Insights \/ Acrisure","isPartOf":{"@id":"https:\/\/acrisure.com.br\/insights\/#website"},"primaryImageOfPage":{"@id":"https:\/\/acrisure.com.br\/insights\/fap-e-constitucional\/#primaryimage"},"image":{"@id":"https:\/\/acrisure.com.br\/insights\/fap-e-constitucional\/#primaryimage"},"thumbnailUrl":"https:\/\/acrisure.com.br\/insights\/wp-content\/uploads\/turbinar-fap-e-constitucional.jpg","datePublished":"2021-11-18T21:27:30+00:00","dateModified":"2026-02-03T13:43:01+00:00","author":{"@id":"https:\/\/acrisure.com.br\/insights\/#\/schema\/person\/ae285068bde2d94bbb6b0692760fb361"},"description":"STF decide pela constitucionalidade do FAP, \u00edndice que ajusta al\u00edquotas do RAT conforme acidentes de trabalho.","breadcrumb":{"@id":"https:\/\/acrisure.com.br\/insights\/fap-e-constitucional\/#breadcrumb"},"inLanguage":"pt-BR","potentialAction":[{"@type":"ReadAction","target":["https:\/\/acrisure.com.br\/insights\/fap-e-constitucional\/"]}]},{"@type":"ImageObject","inLanguage":"pt-BR","@id":"https:\/\/acrisure.com.br\/insights\/fap-e-constitucional\/#primaryimage","url":"https:\/\/acrisure.com.br\/insights\/wp-content\/uploads\/turbinar-fap-e-constitucional.jpg","contentUrl":"https:\/\/acrisure.com.br\/insights\/wp-content\/uploads\/turbinar-fap-e-constitucional.jpg","width":1920,"height":640,"caption":"Est\u00e1tua em cobre da deusa T\u00eamis, s\u00edmbolo de justi\u00e7a e igualdade"},{"@type":"BreadcrumbList","@id":"https:\/\/acrisure.com.br\/insights\/fap-e-constitucional\/#breadcrumb","itemListElement":[{"@type":"ListItem","position":1,"name":"In\u00edcio","item":"https:\/\/acrisure.com.br\/insights\/"},{"@type":"ListItem","position":2,"name":"O FAP \u00e9 constitucional. E agora?"}]},{"@type":"WebSite","@id":"https:\/\/acrisure.com.br\/insights\/#website","url":"https:\/\/acrisure.com.br\/insights\/","name":"Insights \/ Acrisure","description":"Portal de Not\u00edcias e Conte\u00fado","potentialAction":[{"@type":"SearchAction","target":{"@type":"EntryPoint","urlTemplate":"https:\/\/acrisure.com.br\/insights\/?s={search_term_string}"},"query-input":{"@type":"PropertyValueSpecification","valueRequired":true,"valueName":"search_term_string"}}],"inLanguage":"pt-BR"},{"@type":"Person","@id":"https:\/\/acrisure.com.br\/insights\/#\/schema\/person\/ae285068bde2d94bbb6b0692760fb361","name":"publishouse","image":{"@type":"ImageObject","inLanguage":"pt-BR","@id":"https:\/\/secure.gravatar.com\/avatar\/28cbb1595e2bba31bae82123e62ffe5e807440c64f2e05ed85a7bd654289e026?s=96&d=mm&r=g","url":"https:\/\/secure.gravatar.com\/avatar\/28cbb1595e2bba31bae82123e62ffe5e807440c64f2e05ed85a7bd654289e026?s=96&d=mm&r=g","contentUrl":"https:\/\/secure.gravatar.com\/avatar\/28cbb1595e2bba31bae82123e62ffe5e807440c64f2e05ed85a7bd654289e026?s=96&d=mm&r=g","caption":"publishouse"},"sameAs":["https:\/\/acrisure.com.br\/insights"],"url":"https:\/\/acrisure.com.br\/insights\/author\/publishouse\/"}]}},"_links":{"self":[{"href":"https:\/\/acrisure.com.br\/insights\/wp-json\/wp\/v2\/posts\/2492","targetHints":{"allow":["GET"]}}],"collection":[{"href":"https:\/\/acrisure.com.br\/insights\/wp-json\/wp\/v2\/posts"}],"about":[{"href":"https:\/\/acrisure.com.br\/insights\/wp-json\/wp\/v2\/types\/post"}],"author":[{"embeddable":true,"href":"https:\/\/acrisure.com.br\/insights\/wp-json\/wp\/v2\/users\/1"}],"replies":[{"embeddable":true,"href":"https:\/\/acrisure.com.br\/insights\/wp-json\/wp\/v2\/comments?post=2492"}],"version-history":[{"count":7,"href":"https:\/\/acrisure.com.br\/insights\/wp-json\/wp\/v2\/posts\/2492\/revisions"}],"predecessor-version":[{"id":19466,"href":"https:\/\/acrisure.com.br\/insights\/wp-json\/wp\/v2\/posts\/2492\/revisions\/19466"}],"wp:featuredmedia":[{"embeddable":true,"href":"https:\/\/acrisure.com.br\/insights\/wp-json\/wp\/v2\/media\/2494"}],"wp:attachment":[{"href":"https:\/\/acrisure.com.br\/insights\/wp-json\/wp\/v2\/media?parent=2492"}],"wp:term":[{"taxonomy":"category","embeddable":true,"href":"https:\/\/acrisure.com.br\/insights\/wp-json\/wp\/v2\/categories?post=2492"},{"taxonomy":"post_tag","embeddable":true,"href":"https:\/\/acrisure.com.br\/insights\/wp-json\/wp\/v2\/tags?post=2492"}],"curies":[{"name":"wp","href":"https:\/\/api.w.org\/{rel}","templated":true}]}}