{"id":2498,"date":"2021-11-11T18:32:00","date_gmt":"2021-11-11T21:32:00","guid":{"rendered":"https:\/\/acrisure.com.br\/insights\/?p=2498"},"modified":"2026-02-03T10:43:06","modified_gmt":"2026-02-03T13:43:06","slug":"comprovante-vacina-covid","status":"publish","type":"post","link":"https:\/\/acrisure.com.br\/insights\/comprovante-vacina-covid\/","title":{"rendered":"Empresas podem exigir vacina\u00e7\u00e3o contra a covid-19?"},"content":{"rendered":"<p>[et_pb_section fb_built=&#8221;1&#8243; admin_label=&#8221;Post&#8221; _builder_version=&#8221;4.20.0&#8243; custom_padding=&#8221;0px||0px||false|false&#8221; global_colors_info=&#8221;{}&#8221;][et_pb_row admin_label=&#8221;Post&#8221; _builder_version=&#8221;4.19.4&#8243; background_size=&#8221;initial&#8221; background_position=&#8221;top_left&#8221; background_repeat=&#8221;repeat&#8221; width=&#8221;100%&#8221; custom_padding=&#8221;0px||0px||false|false&#8221; global_colors_info=&#8221;{}&#8221;][et_pb_column type=&#8221;4_4&#8243; _builder_version=&#8221;4.16&#8243; custom_padding=&#8221;|||&#8221; global_colors_info=&#8221;{}&#8221; custom_padding__hover=&#8221;|||&#8221;][et_pb_text admin_label=&#8221;Conte\u00fado&#8221; _builder_version=&#8221;4.27.3&#8243; _module_preset=&#8221;default&#8221; text_letter_spacing=&#8221;1px&#8221; custom_margin=&#8221;||||false|false&#8221; hover_enabled=&#8221;0&#8243; global_colors_info=&#8221;{}&#8221; sticky_enabled=&#8221;0&#8243;]<\/p>\n<p>O ministro\u00a0Lu\u00eds Roberto Barroso, do Supremo Tribunal Federal (STF), suspendeu nesta sexta-feira (12) trechos da portaria do governo federal que determinava a proibi\u00e7\u00e3o da exig\u00eancia de comprovante de <a href=\"https:\/\/acrisure.com.br\/\" target=\"_blank\" rel=\"noopener\">vacina\u00e7\u00e3o contra a Covid<\/a> para funcion\u00e1rios.<\/p>\n<p>Com a decis\u00e3o,\u00a0<strong>os empregadores poder\u00e3o exigir o comprovante dos empregados<\/strong>. Al\u00e9m disso, tamb\u00e9m\u00a0poder\u00e1 haver demiss\u00e3o de quem se recusar a fornecer o comprovante, desde que isso aconte\u00e7a como \u00faltima medida, dentro do crit\u00e9rio da proporcionalidade.<\/p>\n<p>Vale lembrar que\u00a0a vacina\u00e7\u00e3o no Brasil \u00e9 obrigat\u00f3ria, mas n\u00e3o pode ser for\u00e7ada. Assim, o STF entende ser poss\u00edvel\u00a0aplicar san\u00e7\u00f5es a quem decidir n\u00e3o se imunizar.<\/p>\n<p>O ministro tamb\u00e9m <strong>suspendeu o trecho da portaria que considerava pr\u00e1tica discriminat\u00f3ria<\/strong> a exig\u00eancia de certificado de vacina\u00e7\u00e3o em processos seletivos e a demiss\u00e3o por justa causa em raz\u00e3o da n\u00e3o apresenta\u00e7\u00e3o do documento.<\/p>\n<p>No texto, Barroso afirma que &#8220;n\u00e3o h\u00e1 compara\u00e7\u00e3o poss\u00edvel entre a exig\u00eancia de vacina\u00e7\u00e3o contra a Covid-19 e a discrimina\u00e7\u00e3o por sexo, origem, ra\u00e7a, cor, estado civil, situa\u00e7\u00e3o familiar, defici\u00eancia, reabilita\u00e7\u00e3o profissional, idade ou gravidez. Esses \u00faltimos fatores n\u00e3o interferem sobre o direito \u00e0 sa\u00fade ou \u00e0 vida dos demais empregados da companhia ou de terceiros.&#8221;<\/p>\n<p>Contudo,\u00a0a exig\u00eancia\u00a0<strong>n\u00e3o deve ser aplicada a pessoas que tenham contraindica\u00e7\u00e3o m\u00e9dica<\/strong>\u00a0baseada no Plano Nacional de Vacina\u00e7\u00e3o ou em consenso cient\u00edfico.<\/p>\n<h5>Entenda a portaria do governo federal<\/h5>\n<p>Em nota t\u00e9cnica divulgada na \u00faltima sexta-feira (05), o Minist\u00e9rio P\u00fablico do Trabalho (MPT) orientou que os empregadores mantenham a exig\u00eancia do comprovante de vacina da <a href=\"https:\/\/acrisure.com.br\/\" target=\"_blank\" rel=\"noopener\">covid-19<\/a> para colaboradores e demais pessoas que desejarem entrar no ambiente de trabalho. Segundo o texto, a medida \u00e9 necess\u00e1ria para garantir a seguran\u00e7a e sa\u00fade de todos.<\/p>\n<p>A recomenda\u00e7\u00e3o do MPT foi anunciada dias depois da publica\u00e7\u00e3o da <a href=\"https:\/\/www.in.gov.br\/en\/web\/dou\/-\/portaria-mtp-n-620-de-1-de-novembro-de-2021-356175059\" target=\"_blank\" rel=\"noopener\">portaria n\u00ba 620<\/a>, na qual o Minist\u00e9rio do Trabalho e Previd\u00eancia pro\u00edbe que empresas exijam comprovante de vacina\u00e7\u00e3o ou demitam, por justa causa, funcion\u00e1rios que n\u00e3o tiverem tomado a vacina.<\/p>\n<blockquote>\n<p>\u201cConsidera-se pr\u00e1tica discriminat\u00f3ria a obrigatoriedade de certificado de vacina\u00e7\u00e3o em processos seletivos de admiss\u00e3o de trabalhadores, assim como a demiss\u00e3o por justa causa em raz\u00e3o da n\u00e3o apresenta\u00e7\u00e3o de certificado de vacina\u00e7\u00e3o\u201d, diz a portaria publicada no dia 1\u00b0 de novembro.<\/p>\n<\/blockquote>\n<p>Entre as puni\u00e7\u00f5es previstas para as empresas est\u00e3o: reintegra\u00e7\u00e3o do funcion\u00e1rio demitido com ressarcimento integral do sal\u00e1rio pelo per\u00edodo que ficou afastado, pagamento em dobro da remunera\u00e7\u00e3o e indeniza\u00e7\u00e3o por danos morais.<\/p>\n<h3>Portaria vai contra decis\u00e3o do STF<\/h3>\n<p>Contudo, o documento contraria o Supremo Tribunal Federal (STF), que decidiu no ano passado pela obrigatoriedade da <a href=\"https:\/\/acrisure.com.br\/\" target=\"_blank\" rel=\"noopener\">vacina\u00e7\u00e3o contra a covid<\/a>, autorizando san\u00e7\u00f5es a quem recusar a imuniza\u00e7\u00e3o.<\/p>\n<p>Em entrevista ao G1, o professor da p\u00f3s-gradua\u00e7\u00e3o de direito do trabalho da FMU, Ricardo Calcini, diz que a portaria n\u00e3o tem status de lei e, por isso, n\u00e3o imp\u00f5e nenhuma obriga\u00e7\u00e3o para as empresas. \u201cA portaria \u00e9 ilegal, portanto, as empresas que j\u00e1 adotam o certificado de vacina\u00e7\u00e3o podem manter a exig\u00eancia\u201d, afirma.<\/p>\n<p>De acordo com Lariane Del Vecchio, advogada especialista em Direito do Trabalho do escrit\u00f3rio Aith, Badari e Luchin Advogados, tamb\u00e9m ao G1, a portaria tem for\u00e7a de orienta\u00e7\u00e3o, mas n\u00e3o legisla sobre o assunto.<\/p>\n<p><strong>\u201cA portaria vai contra os direitos coletivos como sa\u00fade. A responsabilidade sobre o ambiente de trabalho saud\u00e1vel \u00e9 do empregador, que tamb\u00e9m responde pela comprova\u00e7\u00e3o do nexo de causalidade em caso de uma doen\u00e7a ocupacional\u201d<\/strong>, aponta.<\/p>\n<h3>Trabalhador pode alegar pr\u00e1tica discriminat\u00f3ria?<\/h3>\n<p>Para Calcini, se a Justi\u00e7a do Trabalho entender que a portaria tem validade, \u00e9 poss\u00edvel com base nela que os trabalhadores que se sentirem lesados requeiram eventual pedido de nulidade da demiss\u00e3o.<\/p>\n<p>Por\u00e9m, segundo Giovanni Anderlini da Cunha, advogado da \u00e1rea trabalhista do escrit\u00f3rio Finocchio &amp; Ustra Advogados, considerando a <a href=\"https:\/\/www.in.gov.br\/en\/web\/dou\/-\/lei-n-13.979-de-6-de-fevereiro-de-2020-242078735\" target=\"_blank\" rel=\"noopener\">Lei 13.979\/20<\/a>, que permite que autoridades adotem a realiza\u00e7\u00e3o compuls\u00f3ria da vacina\u00e7\u00e3o para combater a pandemia, e o julgamento do STF sobre o tema, as chances de \u00eaxito do trabalhador seriam baixas. Sendo assim, ir\u00e1 \u201cdepender da confirma\u00e7\u00e3o do entendimento dos tribunais sobre o tema e da an\u00e1lise concreta de cada caso levado ao Judici\u00e1rio\u201d, afirma ao G1.<\/p>\n<p>Na avalia\u00e7\u00e3o de Fernando Kede, advogado especialista em Direito do Trabalho Empresarial, a portaria causa inseguran\u00e7a \u00e0s empresas, que podem ser juridicamente implicadas caso a desobede\u00e7am, apesar de estarem seguindo a orienta\u00e7\u00e3o do Minist\u00e9rio P\u00fablico do Trabalho (MPT) de exigir o comprovante.<\/p>\n<p>\u201cApesar de haver uma recomenda\u00e7\u00e3o do MPT, n\u00e3o h\u00e1 entendimento do TST sobre o assunto, e os fiscais do Minist\u00e9rio do Trabalho podem aplicar as san\u00e7\u00f5es previstas na portaria. <strong>Enquanto n\u00e3o se resolve juridicamente o imbr\u00f3glio causado pela portaria, as empresas est\u00e3o expostas a risco e devem ser cautelosas<\/strong>\u201d, afirma Kede.<\/p>\n<p>[\/et_pb_text][\/et_pb_column][\/et_pb_row][\/et_pb_section]<\/p>\n","protected":false},"excerpt":{"rendered":"<p>Ministro do STF suspendeu trechos da portaria do governo federal que determinava a proibi\u00e7\u00e3o da exig\u00eancia.<\/p>\n","protected":false},"author":1,"featured_media":2500,"comment_status":"closed","ping_status":"open","sticky":false,"template":"","format":"standard","meta":{"_et_pb_use_builder":"on","_et_pb_old_content":"","_et_gb_content_width":"","footnotes":"","_links_to":"","_links_to_target":""},"categories":[22],"tags":[9],"class_list":["post-2498","post","type-post","status-publish","format-standard","has-post-thumbnail","hentry","category-legislacao","tag-rh"],"yoast_head":"<!-- This site is optimized with the Yoast SEO plugin v27.4 - https:\/\/yoast.com\/product\/yoast-seo-wordpress\/ -->\n<title>Empresas podem exigir vacina\u00e7\u00e3o contra a covid-19? - Insights \/ Acrisure<\/title>\n<meta name=\"description\" content=\"STF suspende portaria e libera exig\u00eancia de comprovante de vacina\u00e7\u00e3o contra Covid-19 por empregadores para empresas.\" \/>\n<meta name=\"robots\" content=\"index, follow, max-snippet:-1, max-image-preview:large, max-video-preview:-1\" \/>\n<link rel=\"canonical\" href=\"https:\/\/acrisure.com.br\/insights\/comprovante-vacina-covid\/\" \/>\n<meta property=\"og:locale\" content=\"pt_BR\" \/>\n<meta property=\"og:type\" content=\"article\" \/>\n<meta property=\"og:title\" content=\"Empresas podem exigir vacina\u00e7\u00e3o contra a covid-19? - Insights \/ Acrisure\" \/>\n<meta property=\"og:description\" content=\"STF suspende portaria e libera exig\u00eancia de comprovante de vacina\u00e7\u00e3o contra Covid-19 por empregadores para empresas.\" \/>\n<meta property=\"og:url\" content=\"https:\/\/acrisure.com.br\/insights\/comprovante-vacina-covid\/\" \/>\n<meta property=\"og:site_name\" content=\"Insights \/ Acrisure\" \/>\n<meta property=\"article:publisher\" content=\"https:\/\/www.facebook.com\/itsseg\/\" \/>\n<meta property=\"article:published_time\" content=\"2021-11-11T21:32:00+00:00\" \/>\n<meta property=\"article:modified_time\" content=\"2026-02-03T13:43:06+00:00\" \/>\n<meta property=\"og:image\" content=\"https:\/\/acrisure.com.br\/insights\/wp-content\/uploads\/turbinar-comprovante-vacina-covid.jpg\" \/>\n\t<meta property=\"og:image:width\" content=\"1920\" \/>\n\t<meta property=\"og:image:height\" content=\"640\" \/>\n\t<meta property=\"og:image:type\" content=\"image\/jpeg\" \/>\n<meta name=\"author\" content=\"publishouse\" \/>\n<meta name=\"twitter:card\" content=\"summary_large_image\" \/>\n<meta name=\"twitter:label1\" content=\"Escrito por\" \/>\n\t<meta name=\"twitter:data1\" content=\"publishouse\" \/>\n\t<meta name=\"twitter:label2\" content=\"Est. tempo de leitura\" \/>\n\t<meta name=\"twitter:data2\" content=\"5 minutos\" \/>\n<script type=\"application\/ld+json\" class=\"yoast-schema-graph\">{\"@context\":\"https:\\\/\\\/schema.org\",\"@graph\":[{\"@type\":\"Article\",\"@id\":\"https:\\\/\\\/acrisure.com.br\\\/insights\\\/comprovante-vacina-covid\\\/#article\",\"isPartOf\":{\"@id\":\"https:\\\/\\\/acrisure.com.br\\\/insights\\\/comprovante-vacina-covid\\\/\"},\"author\":{\"name\":\"publishouse\",\"@id\":\"https:\\\/\\\/acrisure.com.br\\\/insights\\\/#\\\/schema\\\/person\\\/ae285068bde2d94bbb6b0692760fb361\"},\"headline\":\"Empresas podem exigir vacina\u00e7\u00e3o contra a covid-19?\",\"datePublished\":\"2021-11-11T21:32:00+00:00\",\"dateModified\":\"2026-02-03T13:43:06+00:00\",\"mainEntityOfPage\":{\"@id\":\"https:\\\/\\\/acrisure.com.br\\\/insights\\\/comprovante-vacina-covid\\\/\"},\"wordCount\":973,\"image\":{\"@id\":\"https:\\\/\\\/acrisure.com.br\\\/insights\\\/comprovante-vacina-covid\\\/#primaryimage\"},\"thumbnailUrl\":\"https:\\\/\\\/acrisure.com.br\\\/insights\\\/wp-content\\\/uploads\\\/turbinar-comprovante-vacina-covid.jpg\",\"keywords\":[\"RH\"],\"articleSection\":[\"Legisla\u00e7\u00e3o\"],\"inLanguage\":\"pt-BR\"},{\"@type\":\"WebPage\",\"@id\":\"https:\\\/\\\/acrisure.com.br\\\/insights\\\/comprovante-vacina-covid\\\/\",\"url\":\"https:\\\/\\\/acrisure.com.br\\\/insights\\\/comprovante-vacina-covid\\\/\",\"name\":\"Empresas podem exigir vacina\u00e7\u00e3o contra a covid-19? - Insights \\\/ Acrisure\",\"isPartOf\":{\"@id\":\"https:\\\/\\\/acrisure.com.br\\\/insights\\\/#website\"},\"primaryImageOfPage\":{\"@id\":\"https:\\\/\\\/acrisure.com.br\\\/insights\\\/comprovante-vacina-covid\\\/#primaryimage\"},\"image\":{\"@id\":\"https:\\\/\\\/acrisure.com.br\\\/insights\\\/comprovante-vacina-covid\\\/#primaryimage\"},\"thumbnailUrl\":\"https:\\\/\\\/acrisure.com.br\\\/insights\\\/wp-content\\\/uploads\\\/turbinar-comprovante-vacina-covid.jpg\",\"datePublished\":\"2021-11-11T21:32:00+00:00\",\"dateModified\":\"2026-02-03T13:43:06+00:00\",\"author\":{\"@id\":\"https:\\\/\\\/acrisure.com.br\\\/insights\\\/#\\\/schema\\\/person\\\/ae285068bde2d94bbb6b0692760fb361\"},\"description\":\"STF suspende portaria e libera exig\u00eancia de comprovante de vacina\u00e7\u00e3o contra Covid-19 por empregadores para empresas.\",\"breadcrumb\":{\"@id\":\"https:\\\/\\\/acrisure.com.br\\\/insights\\\/comprovante-vacina-covid\\\/#breadcrumb\"},\"inLanguage\":\"pt-BR\",\"potentialAction\":[{\"@type\":\"ReadAction\",\"target\":[\"https:\\\/\\\/acrisure.com.br\\\/insights\\\/comprovante-vacina-covid\\\/\"]}]},{\"@type\":\"ImageObject\",\"inLanguage\":\"pt-BR\",\"@id\":\"https:\\\/\\\/acrisure.com.br\\\/insights\\\/comprovante-vacina-covid\\\/#primaryimage\",\"url\":\"https:\\\/\\\/acrisure.com.br\\\/insights\\\/wp-content\\\/uploads\\\/turbinar-comprovante-vacina-covid.jpg\",\"contentUrl\":\"https:\\\/\\\/acrisure.com.br\\\/insights\\\/wp-content\\\/uploads\\\/turbinar-comprovante-vacina-covid.jpg\",\"width\":1920,\"height\":640,\"caption\":\"Recipientes de vacina contra covid com uma seringa em fundo branco\"},{\"@type\":\"BreadcrumbList\",\"@id\":\"https:\\\/\\\/acrisure.com.br\\\/insights\\\/comprovante-vacina-covid\\\/#breadcrumb\",\"itemListElement\":[{\"@type\":\"ListItem\",\"position\":1,\"name\":\"In\u00edcio\",\"item\":\"https:\\\/\\\/acrisure.com.br\\\/insights\\\/\"},{\"@type\":\"ListItem\",\"position\":2,\"name\":\"Empresas podem exigir vacina\u00e7\u00e3o contra a covid-19?\"}]},{\"@type\":\"WebSite\",\"@id\":\"https:\\\/\\\/acrisure.com.br\\\/insights\\\/#website\",\"url\":\"https:\\\/\\\/acrisure.com.br\\\/insights\\\/\",\"name\":\"Insights \\\/ Acrisure\",\"description\":\"Portal de Not\u00edcias e Conte\u00fado\",\"potentialAction\":[{\"@type\":\"SearchAction\",\"target\":{\"@type\":\"EntryPoint\",\"urlTemplate\":\"https:\\\/\\\/acrisure.com.br\\\/insights\\\/?s={search_term_string}\"},\"query-input\":{\"@type\":\"PropertyValueSpecification\",\"valueRequired\":true,\"valueName\":\"search_term_string\"}}],\"inLanguage\":\"pt-BR\"},{\"@type\":\"Person\",\"@id\":\"https:\\\/\\\/acrisure.com.br\\\/insights\\\/#\\\/schema\\\/person\\\/ae285068bde2d94bbb6b0692760fb361\",\"name\":\"publishouse\",\"image\":{\"@type\":\"ImageObject\",\"inLanguage\":\"pt-BR\",\"@id\":\"https:\\\/\\\/secure.gravatar.com\\\/avatar\\\/28cbb1595e2bba31bae82123e62ffe5e807440c64f2e05ed85a7bd654289e026?s=96&d=mm&r=g\",\"url\":\"https:\\\/\\\/secure.gravatar.com\\\/avatar\\\/28cbb1595e2bba31bae82123e62ffe5e807440c64f2e05ed85a7bd654289e026?s=96&d=mm&r=g\",\"contentUrl\":\"https:\\\/\\\/secure.gravatar.com\\\/avatar\\\/28cbb1595e2bba31bae82123e62ffe5e807440c64f2e05ed85a7bd654289e026?s=96&d=mm&r=g\",\"caption\":\"publishouse\"},\"sameAs\":[\"https:\\\/\\\/acrisure.com.br\\\/insights\"],\"url\":\"https:\\\/\\\/acrisure.com.br\\\/insights\\\/author\\\/publishouse\\\/\"}]}<\/script>\n<!-- \/ Yoast SEO plugin. -->","yoast_head_json":{"title":"Empresas podem exigir vacina\u00e7\u00e3o contra a covid-19? - Insights \/ Acrisure","description":"STF suspende portaria e libera exig\u00eancia de comprovante de vacina\u00e7\u00e3o contra Covid-19 por empregadores para empresas.","robots":{"index":"index","follow":"follow","max-snippet":"max-snippet:-1","max-image-preview":"max-image-preview:large","max-video-preview":"max-video-preview:-1"},"canonical":"https:\/\/acrisure.com.br\/insights\/comprovante-vacina-covid\/","og_locale":"pt_BR","og_type":"article","og_title":"Empresas podem exigir vacina\u00e7\u00e3o contra a covid-19? - Insights \/ Acrisure","og_description":"STF suspende portaria e libera exig\u00eancia de comprovante de vacina\u00e7\u00e3o contra Covid-19 por empregadores para empresas.","og_url":"https:\/\/acrisure.com.br\/insights\/comprovante-vacina-covid\/","og_site_name":"Insights \/ Acrisure","article_publisher":"https:\/\/www.facebook.com\/itsseg\/","article_published_time":"2021-11-11T21:32:00+00:00","article_modified_time":"2026-02-03T13:43:06+00:00","og_image":[{"width":1920,"height":640,"url":"https:\/\/acrisure.com.br\/insights\/wp-content\/uploads\/turbinar-comprovante-vacina-covid.jpg","type":"image\/jpeg"}],"author":"publishouse","twitter_card":"summary_large_image","twitter_misc":{"Escrito por":"publishouse","Est. tempo de leitura":"5 minutos"},"schema":{"@context":"https:\/\/schema.org","@graph":[{"@type":"Article","@id":"https:\/\/acrisure.com.br\/insights\/comprovante-vacina-covid\/#article","isPartOf":{"@id":"https:\/\/acrisure.com.br\/insights\/comprovante-vacina-covid\/"},"author":{"name":"publishouse","@id":"https:\/\/acrisure.com.br\/insights\/#\/schema\/person\/ae285068bde2d94bbb6b0692760fb361"},"headline":"Empresas podem exigir vacina\u00e7\u00e3o contra a covid-19?","datePublished":"2021-11-11T21:32:00+00:00","dateModified":"2026-02-03T13:43:06+00:00","mainEntityOfPage":{"@id":"https:\/\/acrisure.com.br\/insights\/comprovante-vacina-covid\/"},"wordCount":973,"image":{"@id":"https:\/\/acrisure.com.br\/insights\/comprovante-vacina-covid\/#primaryimage"},"thumbnailUrl":"https:\/\/acrisure.com.br\/insights\/wp-content\/uploads\/turbinar-comprovante-vacina-covid.jpg","keywords":["RH"],"articleSection":["Legisla\u00e7\u00e3o"],"inLanguage":"pt-BR"},{"@type":"WebPage","@id":"https:\/\/acrisure.com.br\/insights\/comprovante-vacina-covid\/","url":"https:\/\/acrisure.com.br\/insights\/comprovante-vacina-covid\/","name":"Empresas podem exigir vacina\u00e7\u00e3o contra a covid-19? - Insights \/ Acrisure","isPartOf":{"@id":"https:\/\/acrisure.com.br\/insights\/#website"},"primaryImageOfPage":{"@id":"https:\/\/acrisure.com.br\/insights\/comprovante-vacina-covid\/#primaryimage"},"image":{"@id":"https:\/\/acrisure.com.br\/insights\/comprovante-vacina-covid\/#primaryimage"},"thumbnailUrl":"https:\/\/acrisure.com.br\/insights\/wp-content\/uploads\/turbinar-comprovante-vacina-covid.jpg","datePublished":"2021-11-11T21:32:00+00:00","dateModified":"2026-02-03T13:43:06+00:00","author":{"@id":"https:\/\/acrisure.com.br\/insights\/#\/schema\/person\/ae285068bde2d94bbb6b0692760fb361"},"description":"STF suspende portaria e libera exig\u00eancia de comprovante de vacina\u00e7\u00e3o contra Covid-19 por empregadores para empresas.","breadcrumb":{"@id":"https:\/\/acrisure.com.br\/insights\/comprovante-vacina-covid\/#breadcrumb"},"inLanguage":"pt-BR","potentialAction":[{"@type":"ReadAction","target":["https:\/\/acrisure.com.br\/insights\/comprovante-vacina-covid\/"]}]},{"@type":"ImageObject","inLanguage":"pt-BR","@id":"https:\/\/acrisure.com.br\/insights\/comprovante-vacina-covid\/#primaryimage","url":"https:\/\/acrisure.com.br\/insights\/wp-content\/uploads\/turbinar-comprovante-vacina-covid.jpg","contentUrl":"https:\/\/acrisure.com.br\/insights\/wp-content\/uploads\/turbinar-comprovante-vacina-covid.jpg","width":1920,"height":640,"caption":"Recipientes de vacina contra covid com uma seringa em fundo branco"},{"@type":"BreadcrumbList","@id":"https:\/\/acrisure.com.br\/insights\/comprovante-vacina-covid\/#breadcrumb","itemListElement":[{"@type":"ListItem","position":1,"name":"In\u00edcio","item":"https:\/\/acrisure.com.br\/insights\/"},{"@type":"ListItem","position":2,"name":"Empresas podem exigir vacina\u00e7\u00e3o contra a covid-19?"}]},{"@type":"WebSite","@id":"https:\/\/acrisure.com.br\/insights\/#website","url":"https:\/\/acrisure.com.br\/insights\/","name":"Insights \/ Acrisure","description":"Portal de Not\u00edcias e Conte\u00fado","potentialAction":[{"@type":"SearchAction","target":{"@type":"EntryPoint","urlTemplate":"https:\/\/acrisure.com.br\/insights\/?s={search_term_string}"},"query-input":{"@type":"PropertyValueSpecification","valueRequired":true,"valueName":"search_term_string"}}],"inLanguage":"pt-BR"},{"@type":"Person","@id":"https:\/\/acrisure.com.br\/insights\/#\/schema\/person\/ae285068bde2d94bbb6b0692760fb361","name":"publishouse","image":{"@type":"ImageObject","inLanguage":"pt-BR","@id":"https:\/\/secure.gravatar.com\/avatar\/28cbb1595e2bba31bae82123e62ffe5e807440c64f2e05ed85a7bd654289e026?s=96&d=mm&r=g","url":"https:\/\/secure.gravatar.com\/avatar\/28cbb1595e2bba31bae82123e62ffe5e807440c64f2e05ed85a7bd654289e026?s=96&d=mm&r=g","contentUrl":"https:\/\/secure.gravatar.com\/avatar\/28cbb1595e2bba31bae82123e62ffe5e807440c64f2e05ed85a7bd654289e026?s=96&d=mm&r=g","caption":"publishouse"},"sameAs":["https:\/\/acrisure.com.br\/insights"],"url":"https:\/\/acrisure.com.br\/insights\/author\/publishouse\/"}]}},"_links":{"self":[{"href":"https:\/\/acrisure.com.br\/insights\/wp-json\/wp\/v2\/posts\/2498","targetHints":{"allow":["GET"]}}],"collection":[{"href":"https:\/\/acrisure.com.br\/insights\/wp-json\/wp\/v2\/posts"}],"about":[{"href":"https:\/\/acrisure.com.br\/insights\/wp-json\/wp\/v2\/types\/post"}],"author":[{"embeddable":true,"href":"https:\/\/acrisure.com.br\/insights\/wp-json\/wp\/v2\/users\/1"}],"replies":[{"embeddable":true,"href":"https:\/\/acrisure.com.br\/insights\/wp-json\/wp\/v2\/comments?post=2498"}],"version-history":[{"count":7,"href":"https:\/\/acrisure.com.br\/insights\/wp-json\/wp\/v2\/posts\/2498\/revisions"}],"predecessor-version":[{"id":19468,"href":"https:\/\/acrisure.com.br\/insights\/wp-json\/wp\/v2\/posts\/2498\/revisions\/19468"}],"wp:featuredmedia":[{"embeddable":true,"href":"https:\/\/acrisure.com.br\/insights\/wp-json\/wp\/v2\/media\/2500"}],"wp:attachment":[{"href":"https:\/\/acrisure.com.br\/insights\/wp-json\/wp\/v2\/media?parent=2498"}],"wp:term":[{"taxonomy":"category","embeddable":true,"href":"https:\/\/acrisure.com.br\/insights\/wp-json\/wp\/v2\/categories?post=2498"},{"taxonomy":"post_tag","embeddable":true,"href":"https:\/\/acrisure.com.br\/insights\/wp-json\/wp\/v2\/tags?post=2498"}],"curies":[{"name":"wp","href":"https:\/\/api.w.org\/{rel}","templated":true}]}}