{"id":2778,"date":"2021-07-14T18:34:44","date_gmt":"2021-07-14T21:34:44","guid":{"rendered":"https:\/\/acrisure.com.br\/insights\/?p=2778"},"modified":"2026-03-17T11:06:13","modified_gmt":"2026-03-17T14:06:13","slug":"hepatites-virais","status":"publish","type":"post","link":"https:\/\/acrisure.com.br\/insights\/hepatites-virais\/","title":{"rendered":"O que s\u00e3o Hepatites Virais e quais s\u00e3o os sintomas?"},"content":{"rendered":"<p>[et_pb_section fb_built=&#8221;1&#8243; admin_label=&#8221;Post&#8221; _builder_version=&#8221;4.20.0&#8243; custom_padding=&#8221;0px||0px||false|false&#8221; global_colors_info=&#8221;{}&#8221;][et_pb_row admin_label=&#8221;Post&#8221; _builder_version=&#8221;4.19.4&#8243; background_size=&#8221;initial&#8221; background_position=&#8221;top_left&#8221; background_repeat=&#8221;repeat&#8221; width=&#8221;100%&#8221; custom_padding=&#8221;0px||0px||false|false&#8221; global_colors_info=&#8221;{}&#8221;][et_pb_column type=&#8221;4_4&#8243; _builder_version=&#8221;4.16&#8243; custom_padding=&#8221;|||&#8221; global_colors_info=&#8221;{}&#8221; custom_padding__hover=&#8221;|||&#8221;][et_pb_text admin_label=&#8221;Conte\u00fado&#8221; _builder_version=&#8221;4.27.3&#8243; _module_preset=&#8221;default&#8221; text_letter_spacing=&#8221;1px&#8221; custom_margin=&#8221;||||false|false&#8221; global_colors_info=&#8221;{}&#8221;]<\/p>\n<p>No dia 08 de julho, a Ag\u00eancia Nacional de Sa\u00fade Suplementar (ANS) aprovou o reajuste negativo de -8,19% para os <strong>planos de sa\u00fade individuais e familiares<\/strong>. Com isso, \u00e9 a primeira vez na hist\u00f3ria que as <a href=\"https:\/\/barela.com.br\/reajuste-dos-planos-de-saude-21\/\" target=\"_blank\" rel=\"noopener\">operadoras de sa\u00fade ter\u00e3o que reduzir as mensalidades<\/a>.<\/p>\n<p>A decis\u00e3o, no entanto, lan\u00e7ou luz sobre uma quest\u00e3o antiga: <strong>a regula\u00e7\u00e3o de pre\u00e7os dos planos coletivos<\/strong>, que hoje representam cerca de 80% dos contratos.<\/p>\n<p>O teto do reajuste de planos individuais sempre destoou do \u00edndice aplicado aos planos coletivos. Por\u00e9m, <a href=\"https:\/\/saude.estadao.com.br\/noticias\/geral,reajuste-negativo-de-planos-de-saude-individuais-pressiona-contratos-coletivos,70003773335\" target=\"_blank\" rel=\"noopener\">segundo especialistas<\/a>, o desconto concedido aos contratos de pessoas f\u00edsicas deve acirrar negocia\u00e7\u00f5es entre empresas e operadoras.<\/p>\n<h2>Por que o reajuste foi negativo?<\/h2>\n<p>O <a href=\"https:\/\/barela.com.br\/tipos-de-reajuste-do-plano-de-saude\/\" target=\"_blank\" rel=\"noopener\">reajuste dos planos de sa\u00fade individuais e familiares<\/a> \u00e9 calculado pela varia\u00e7\u00e3o de custos m\u00e9dico-hospitalares com o \u00cdndice de Pre\u00e7os ao Consumidor Amplo (IPCA), em rela\u00e7\u00e3o ao ano anterior, desconsiderando a varia\u00e7\u00e3o de custos das operadoras.<\/p>\n<p>Segundo a ANS, o resultado negativo do \u00edndice reflete a redu\u00e7\u00e3o na utiliza\u00e7\u00e3o de servi\u00e7os de sa\u00fade ocorrida em 2020, fen\u00f4meno provocado pela pandemia de Covid-19. Com as medidas protetivas para evitar a dissemina\u00e7\u00e3o do v\u00edrus, houve uma queda na procura por atendimentos que n\u00e3o eram urgentes.<\/p>\n<h3>Como \u00e9 calculado o reajuste dos planos coletivos?<\/h3>\n<p>Embora os planos de sa\u00fade coletivos tamb\u00e9m sejam regulados pela ANS, os reajustes destes s\u00e3o determinados na negocia\u00e7\u00e3o entre operadoras e empresas ou entidades, de acordo com o tipo de contrato. J\u00e1 os planos individuais seguem o teto estipulado pela ag\u00eancia.<\/p>\n<ul>\n<li><strong>Planos coletivos empresariais com at\u00e9 29 vidas:<\/strong> Conforme a resolu\u00e7\u00e3o normativa 309\/12, publicada pela ANS, a operadora deve agrupar estes contratos e calcular um porcentual de aumento \u00fanico para todos.<\/li>\n<li><strong>Planos coletivos empresariais com mais de 29 vidas:<\/strong> Os reajustes seguem as regras previstas em contrato e s\u00e3o negociados entre as partes.<\/li>\n<li><strong>Planos coletivos por ades\u00e3o:<\/strong> Os reajustes seguem as regras previstas em contrato e s\u00e3o negociados entre as partes.<\/li>\n<\/ul>\n<p>Para calcular o reajuste anual dos planos de sa\u00fade coletivos, uma das principais medidas utilizadas pelas operadoras \u00e9 a VCMH, tamb\u00e9m conhecida como<a href=\"https:\/\/acrisure.com.br\/\" target=\"_blank\" rel=\"noopener\"> infla\u00e7\u00e3o m\u00e9dica<\/a>. A conta considera n\u00e3o apenas a varia\u00e7\u00e3o de pre\u00e7os, mas tamb\u00e9m a frequ\u00eancia com que um servi\u00e7o \u00e9 utilizado. Por isso, esse \u00edndice tende sempre a ser superior \u00e0 infla\u00e7\u00e3o geral.<\/p>\n<p>O reajuste dos planos coletivos pode, ainda, levar em considera\u00e7\u00e3o outro componente, chamado de <strong>sinistralidade<\/strong>. Esse tipo de reajuste ocorre quando h\u00e1 um aumento n\u00e3o esperado das despesas assistenciais, ultrapassando a margem estipulada em contrato. Para evitar que isso aconte\u00e7a, \u00e9 preciso <a href=\"https:\/\/acrisure.com.br\/\" target=\"_blank\" rel=\"noopener\">estimular iniciativas que tenham foco no usu\u00e1rio e no desenvolvimento de programas de gest\u00e3o de sa\u00fade<\/a>.<\/p>\n<p>Nos \u00faltimos meses, com a pandemia, aumentou a cobran\u00e7a de entidades de defesa do consumidor para que a ANS passe a determinar os limites de aumento dos planos coletivos. Entretanto, ainda \u00e9 cedo para saber se a press\u00e3o feita por esses \u00f3rg\u00e3os ter\u00e1, de fato, algum efeito.<\/p>\n<p>Em caso de d\u00favida sobre o reajuste do plano, busque o aux\u00edlio da sua corretora ou consultoria de benef\u00edcios.<\/p>\n<p>[\/et_pb_text][\/et_pb_column][\/et_pb_row][\/et_pb_section]<\/p>\n","protected":false},"excerpt":{"rendered":"<p>Hepatites virais representam um grave problema de sa\u00fade p\u00fablica no mundo.<\/p>\n","protected":false},"author":1,"featured_media":2780,"comment_status":"closed","ping_status":"open","sticky":false,"template":"","format":"standard","meta":{"_et_pb_use_builder":"on","_et_pb_old_content":"","_et_gb_content_width":"","footnotes":"","_links_to":"","_links_to_target":""},"categories":[77],"tags":[20],"class_list":["post-2778","post","type-post","status-publish","format-standard","has-post-thumbnail","hentry","category-prevencao-e-cuidados","tag-bem-estar"],"yoast_head":"<!-- This site is optimized with the Yoast SEO plugin v27.4 - https:\/\/yoast.com\/product\/yoast-seo-wordpress\/ -->\n<title>O que s\u00e3o Hepatites Virais e quais s\u00e3o os sintomas? - Insights \/ Acrisure<\/title>\n<meta name=\"description\" content=\"Hepatites virais s\u00e3o inflama\u00e7\u00f5es do f\u00edgado que podem evoluir silenciosamente; conhe\u00e7a tipos, sintomas e formas de preven\u00e7\u00e3o.\" \/>\n<meta name=\"robots\" content=\"index, follow, max-snippet:-1, max-image-preview:large, max-video-preview:-1\" \/>\n<link rel=\"canonical\" href=\"https:\/\/acrisure.com.br\/insights\/hepatites-virais\/\" \/>\n<meta property=\"og:locale\" content=\"pt_BR\" \/>\n<meta property=\"og:type\" content=\"article\" \/>\n<meta property=\"og:title\" content=\"O que s\u00e3o Hepatites Virais e quais s\u00e3o os sintomas? - Insights \/ Acrisure\" \/>\n<meta property=\"og:description\" content=\"Hepatites virais s\u00e3o inflama\u00e7\u00f5es do f\u00edgado que podem evoluir silenciosamente; conhe\u00e7a tipos, sintomas e formas de preven\u00e7\u00e3o.\" \/>\n<meta property=\"og:url\" content=\"https:\/\/acrisure.com.br\/insights\/hepatites-virais\/\" \/>\n<meta property=\"og:site_name\" content=\"Insights \/ Acrisure\" \/>\n<meta property=\"article:publisher\" content=\"https:\/\/www.facebook.com\/itsseg\/\" \/>\n<meta property=\"article:published_time\" content=\"2021-07-14T21:34:44+00:00\" \/>\n<meta property=\"article:modified_time\" content=\"2026-03-17T14:06:13+00:00\" \/>\n<meta property=\"og:image\" content=\"https:\/\/acrisure.com.br\/insights\/wp-content\/uploads\/turbinar-hepatites-virais.jpg\" \/>\n\t<meta property=\"og:image:width\" content=\"1920\" \/>\n\t<meta property=\"og:image:height\" content=\"640\" \/>\n\t<meta property=\"og:image:type\" content=\"image\/jpeg\" \/>\n<meta name=\"author\" content=\"publishouse\" \/>\n<meta name=\"twitter:card\" content=\"summary_large_image\" \/>\n<meta name=\"twitter:label1\" content=\"Escrito por\" \/>\n\t<meta name=\"twitter:data1\" content=\"publishouse\" \/>\n\t<meta name=\"twitter:label2\" content=\"Est. tempo de leitura\" \/>\n\t<meta name=\"twitter:data2\" content=\"3 minutos\" \/>\n<script type=\"application\/ld+json\" class=\"yoast-schema-graph\">{\"@context\":\"https:\\\/\\\/schema.org\",\"@graph\":[{\"@type\":\"Article\",\"@id\":\"https:\\\/\\\/acrisure.com.br\\\/insights\\\/hepatites-virais\\\/#article\",\"isPartOf\":{\"@id\":\"https:\\\/\\\/acrisure.com.br\\\/insights\\\/hepatites-virais\\\/\"},\"author\":{\"name\":\"publishouse\",\"@id\":\"https:\\\/\\\/acrisure.com.br\\\/insights\\\/#\\\/schema\\\/person\\\/ae285068bde2d94bbb6b0692760fb361\"},\"headline\":\"O que s\u00e3o Hepatites Virais e quais s\u00e3o os sintomas?\",\"datePublished\":\"2021-07-14T21:34:44+00:00\",\"dateModified\":\"2026-03-17T14:06:13+00:00\",\"mainEntityOfPage\":{\"@id\":\"https:\\\/\\\/acrisure.com.br\\\/insights\\\/hepatites-virais\\\/\"},\"wordCount\":645,\"image\":{\"@id\":\"https:\\\/\\\/acrisure.com.br\\\/insights\\\/hepatites-virais\\\/#primaryimage\"},\"thumbnailUrl\":\"https:\\\/\\\/acrisure.com.br\\\/insights\\\/wp-content\\\/uploads\\\/turbinar-hepatites-virais.jpg\",\"keywords\":[\"Bem-estar\"],\"articleSection\":[\"Preven\u00e7\u00e3o e Cuidados\"],\"inLanguage\":\"pt-BR\"},{\"@type\":\"WebPage\",\"@id\":\"https:\\\/\\\/acrisure.com.br\\\/insights\\\/hepatites-virais\\\/\",\"url\":\"https:\\\/\\\/acrisure.com.br\\\/insights\\\/hepatites-virais\\\/\",\"name\":\"O que s\u00e3o Hepatites Virais e quais s\u00e3o os sintomas? - Insights \\\/ Acrisure\",\"isPartOf\":{\"@id\":\"https:\\\/\\\/acrisure.com.br\\\/insights\\\/#website\"},\"primaryImageOfPage\":{\"@id\":\"https:\\\/\\\/acrisure.com.br\\\/insights\\\/hepatites-virais\\\/#primaryimage\"},\"image\":{\"@id\":\"https:\\\/\\\/acrisure.com.br\\\/insights\\\/hepatites-virais\\\/#primaryimage\"},\"thumbnailUrl\":\"https:\\\/\\\/acrisure.com.br\\\/insights\\\/wp-content\\\/uploads\\\/turbinar-hepatites-virais.jpg\",\"datePublished\":\"2021-07-14T21:34:44+00:00\",\"dateModified\":\"2026-03-17T14:06:13+00:00\",\"author\":{\"@id\":\"https:\\\/\\\/acrisure.com.br\\\/insights\\\/#\\\/schema\\\/person\\\/ae285068bde2d94bbb6b0692760fb361\"},\"description\":\"Hepatites virais s\u00e3o inflama\u00e7\u00f5es do f\u00edgado que podem evoluir silenciosamente; conhe\u00e7a tipos, sintomas e formas de preven\u00e7\u00e3o.\",\"breadcrumb\":{\"@id\":\"https:\\\/\\\/acrisure.com.br\\\/insights\\\/hepatites-virais\\\/#breadcrumb\"},\"inLanguage\":\"pt-BR\",\"potentialAction\":[{\"@type\":\"ReadAction\",\"target\":[\"https:\\\/\\\/acrisure.com.br\\\/insights\\\/hepatites-virais\\\/\"]}]},{\"@type\":\"ImageObject\",\"inLanguage\":\"pt-BR\",\"@id\":\"https:\\\/\\\/acrisure.com.br\\\/insights\\\/hepatites-virais\\\/#primaryimage\",\"url\":\"https:\\\/\\\/acrisure.com.br\\\/insights\\\/wp-content\\\/uploads\\\/turbinar-hepatites-virais.jpg\",\"contentUrl\":\"https:\\\/\\\/acrisure.com.br\\\/insights\\\/wp-content\\\/uploads\\\/turbinar-hepatites-virais.jpg\",\"width\":1920,\"height\":640,\"caption\":\"Compara\u00e7\u00e3o entre f\u00edgado doente e f\u00edgado saud\u00e1vel em ilustra\u00e7\u00f5es\"},{\"@type\":\"BreadcrumbList\",\"@id\":\"https:\\\/\\\/acrisure.com.br\\\/insights\\\/hepatites-virais\\\/#breadcrumb\",\"itemListElement\":[{\"@type\":\"ListItem\",\"position\":1,\"name\":\"In\u00edcio\",\"item\":\"https:\\\/\\\/acrisure.com.br\\\/insights\\\/\"},{\"@type\":\"ListItem\",\"position\":2,\"name\":\"O que s\u00e3o Hepatites Virais e quais s\u00e3o os sintomas?\"}]},{\"@type\":\"WebSite\",\"@id\":\"https:\\\/\\\/acrisure.com.br\\\/insights\\\/#website\",\"url\":\"https:\\\/\\\/acrisure.com.br\\\/insights\\\/\",\"name\":\"Insights \\\/ Acrisure\",\"description\":\"Portal de Not\u00edcias e Conte\u00fado\",\"potentialAction\":[{\"@type\":\"SearchAction\",\"target\":{\"@type\":\"EntryPoint\",\"urlTemplate\":\"https:\\\/\\\/acrisure.com.br\\\/insights\\\/?s={search_term_string}\"},\"query-input\":{\"@type\":\"PropertyValueSpecification\",\"valueRequired\":true,\"valueName\":\"search_term_string\"}}],\"inLanguage\":\"pt-BR\"},{\"@type\":\"Person\",\"@id\":\"https:\\\/\\\/acrisure.com.br\\\/insights\\\/#\\\/schema\\\/person\\\/ae285068bde2d94bbb6b0692760fb361\",\"name\":\"publishouse\",\"image\":{\"@type\":\"ImageObject\",\"inLanguage\":\"pt-BR\",\"@id\":\"https:\\\/\\\/secure.gravatar.com\\\/avatar\\\/28cbb1595e2bba31bae82123e62ffe5e807440c64f2e05ed85a7bd654289e026?s=96&d=mm&r=g\",\"url\":\"https:\\\/\\\/secure.gravatar.com\\\/avatar\\\/28cbb1595e2bba31bae82123e62ffe5e807440c64f2e05ed85a7bd654289e026?s=96&d=mm&r=g\",\"contentUrl\":\"https:\\\/\\\/secure.gravatar.com\\\/avatar\\\/28cbb1595e2bba31bae82123e62ffe5e807440c64f2e05ed85a7bd654289e026?s=96&d=mm&r=g\",\"caption\":\"publishouse\"},\"sameAs\":[\"https:\\\/\\\/acrisure.com.br\\\/insights\"],\"url\":\"https:\\\/\\\/acrisure.com.br\\\/insights\\\/author\\\/publishouse\\\/\"}]}<\/script>\n<!-- \/ Yoast SEO plugin. -->","yoast_head_json":{"title":"O que s\u00e3o Hepatites Virais e quais s\u00e3o os sintomas? - Insights \/ Acrisure","description":"Hepatites virais s\u00e3o inflama\u00e7\u00f5es do f\u00edgado que podem evoluir silenciosamente; conhe\u00e7a tipos, sintomas e formas de preven\u00e7\u00e3o.","robots":{"index":"index","follow":"follow","max-snippet":"max-snippet:-1","max-image-preview":"max-image-preview:large","max-video-preview":"max-video-preview:-1"},"canonical":"https:\/\/acrisure.com.br\/insights\/hepatites-virais\/","og_locale":"pt_BR","og_type":"article","og_title":"O que s\u00e3o Hepatites Virais e quais s\u00e3o os sintomas? - Insights \/ Acrisure","og_description":"Hepatites virais s\u00e3o inflama\u00e7\u00f5es do f\u00edgado que podem evoluir silenciosamente; conhe\u00e7a tipos, sintomas e formas de preven\u00e7\u00e3o.","og_url":"https:\/\/acrisure.com.br\/insights\/hepatites-virais\/","og_site_name":"Insights \/ Acrisure","article_publisher":"https:\/\/www.facebook.com\/itsseg\/","article_published_time":"2021-07-14T21:34:44+00:00","article_modified_time":"2026-03-17T14:06:13+00:00","og_image":[{"width":1920,"height":640,"url":"https:\/\/acrisure.com.br\/insights\/wp-content\/uploads\/turbinar-hepatites-virais.jpg","type":"image\/jpeg"}],"author":"publishouse","twitter_card":"summary_large_image","twitter_misc":{"Escrito por":"publishouse","Est. tempo de leitura":"3 minutos"},"schema":{"@context":"https:\/\/schema.org","@graph":[{"@type":"Article","@id":"https:\/\/acrisure.com.br\/insights\/hepatites-virais\/#article","isPartOf":{"@id":"https:\/\/acrisure.com.br\/insights\/hepatites-virais\/"},"author":{"name":"publishouse","@id":"https:\/\/acrisure.com.br\/insights\/#\/schema\/person\/ae285068bde2d94bbb6b0692760fb361"},"headline":"O que s\u00e3o Hepatites Virais e quais s\u00e3o os sintomas?","datePublished":"2021-07-14T21:34:44+00:00","dateModified":"2026-03-17T14:06:13+00:00","mainEntityOfPage":{"@id":"https:\/\/acrisure.com.br\/insights\/hepatites-virais\/"},"wordCount":645,"image":{"@id":"https:\/\/acrisure.com.br\/insights\/hepatites-virais\/#primaryimage"},"thumbnailUrl":"https:\/\/acrisure.com.br\/insights\/wp-content\/uploads\/turbinar-hepatites-virais.jpg","keywords":["Bem-estar"],"articleSection":["Preven\u00e7\u00e3o e Cuidados"],"inLanguage":"pt-BR"},{"@type":"WebPage","@id":"https:\/\/acrisure.com.br\/insights\/hepatites-virais\/","url":"https:\/\/acrisure.com.br\/insights\/hepatites-virais\/","name":"O que s\u00e3o Hepatites Virais e quais s\u00e3o os sintomas? - Insights \/ Acrisure","isPartOf":{"@id":"https:\/\/acrisure.com.br\/insights\/#website"},"primaryImageOfPage":{"@id":"https:\/\/acrisure.com.br\/insights\/hepatites-virais\/#primaryimage"},"image":{"@id":"https:\/\/acrisure.com.br\/insights\/hepatites-virais\/#primaryimage"},"thumbnailUrl":"https:\/\/acrisure.com.br\/insights\/wp-content\/uploads\/turbinar-hepatites-virais.jpg","datePublished":"2021-07-14T21:34:44+00:00","dateModified":"2026-03-17T14:06:13+00:00","author":{"@id":"https:\/\/acrisure.com.br\/insights\/#\/schema\/person\/ae285068bde2d94bbb6b0692760fb361"},"description":"Hepatites virais s\u00e3o inflama\u00e7\u00f5es do f\u00edgado que podem evoluir silenciosamente; conhe\u00e7a tipos, sintomas e formas de preven\u00e7\u00e3o.","breadcrumb":{"@id":"https:\/\/acrisure.com.br\/insights\/hepatites-virais\/#breadcrumb"},"inLanguage":"pt-BR","potentialAction":[{"@type":"ReadAction","target":["https:\/\/acrisure.com.br\/insights\/hepatites-virais\/"]}]},{"@type":"ImageObject","inLanguage":"pt-BR","@id":"https:\/\/acrisure.com.br\/insights\/hepatites-virais\/#primaryimage","url":"https:\/\/acrisure.com.br\/insights\/wp-content\/uploads\/turbinar-hepatites-virais.jpg","contentUrl":"https:\/\/acrisure.com.br\/insights\/wp-content\/uploads\/turbinar-hepatites-virais.jpg","width":1920,"height":640,"caption":"Compara\u00e7\u00e3o entre f\u00edgado doente e f\u00edgado saud\u00e1vel em ilustra\u00e7\u00f5es"},{"@type":"BreadcrumbList","@id":"https:\/\/acrisure.com.br\/insights\/hepatites-virais\/#breadcrumb","itemListElement":[{"@type":"ListItem","position":1,"name":"In\u00edcio","item":"https:\/\/acrisure.com.br\/insights\/"},{"@type":"ListItem","position":2,"name":"O que s\u00e3o Hepatites Virais e quais s\u00e3o os sintomas?"}]},{"@type":"WebSite","@id":"https:\/\/acrisure.com.br\/insights\/#website","url":"https:\/\/acrisure.com.br\/insights\/","name":"Insights \/ Acrisure","description":"Portal de Not\u00edcias e Conte\u00fado","potentialAction":[{"@type":"SearchAction","target":{"@type":"EntryPoint","urlTemplate":"https:\/\/acrisure.com.br\/insights\/?s={search_term_string}"},"query-input":{"@type":"PropertyValueSpecification","valueRequired":true,"valueName":"search_term_string"}}],"inLanguage":"pt-BR"},{"@type":"Person","@id":"https:\/\/acrisure.com.br\/insights\/#\/schema\/person\/ae285068bde2d94bbb6b0692760fb361","name":"publishouse","image":{"@type":"ImageObject","inLanguage":"pt-BR","@id":"https:\/\/secure.gravatar.com\/avatar\/28cbb1595e2bba31bae82123e62ffe5e807440c64f2e05ed85a7bd654289e026?s=96&d=mm&r=g","url":"https:\/\/secure.gravatar.com\/avatar\/28cbb1595e2bba31bae82123e62ffe5e807440c64f2e05ed85a7bd654289e026?s=96&d=mm&r=g","contentUrl":"https:\/\/secure.gravatar.com\/avatar\/28cbb1595e2bba31bae82123e62ffe5e807440c64f2e05ed85a7bd654289e026?s=96&d=mm&r=g","caption":"publishouse"},"sameAs":["https:\/\/acrisure.com.br\/insights"],"url":"https:\/\/acrisure.com.br\/insights\/author\/publishouse\/"}]}},"_links":{"self":[{"href":"https:\/\/acrisure.com.br\/insights\/wp-json\/wp\/v2\/posts\/2778","targetHints":{"allow":["GET"]}}],"collection":[{"href":"https:\/\/acrisure.com.br\/insights\/wp-json\/wp\/v2\/posts"}],"about":[{"href":"https:\/\/acrisure.com.br\/insights\/wp-json\/wp\/v2\/types\/post"}],"author":[{"embeddable":true,"href":"https:\/\/acrisure.com.br\/insights\/wp-json\/wp\/v2\/users\/1"}],"replies":[{"embeddable":true,"href":"https:\/\/acrisure.com.br\/insights\/wp-json\/wp\/v2\/comments?post=2778"}],"version-history":[{"count":7,"href":"https:\/\/acrisure.com.br\/insights\/wp-json\/wp\/v2\/posts\/2778\/revisions"}],"predecessor-version":[{"id":20425,"href":"https:\/\/acrisure.com.br\/insights\/wp-json\/wp\/v2\/posts\/2778\/revisions\/20425"}],"wp:featuredmedia":[{"embeddable":true,"href":"https:\/\/acrisure.com.br\/insights\/wp-json\/wp\/v2\/media\/2780"}],"wp:attachment":[{"href":"https:\/\/acrisure.com.br\/insights\/wp-json\/wp\/v2\/media?parent=2778"}],"wp:term":[{"taxonomy":"category","embeddable":true,"href":"https:\/\/acrisure.com.br\/insights\/wp-json\/wp\/v2\/categories?post=2778"},{"taxonomy":"post_tag","embeddable":true,"href":"https:\/\/acrisure.com.br\/insights\/wp-json\/wp\/v2\/tags?post=2778"}],"curies":[{"name":"wp","href":"https:\/\/api.w.org\/{rel}","templated":true}]}}