{"id":3026,"date":"2016-07-28T11:44:12","date_gmt":"2016-07-28T14:44:12","guid":{"rendered":"https:\/\/acrisure.com.br\/insights\/?p=3026"},"modified":"2026-01-13T10:29:17","modified_gmt":"2026-01-13T13:29:17","slug":"extensao-para-aposentados-e-demitidos-sera-que-tenho-direito","status":"publish","type":"post","link":"https:\/\/acrisure.com.br\/insights\/extensao-para-aposentados-e-demitidos-sera-que-tenho-direito\/","title":{"rendered":"Extens\u00e3o para aposentados e demitidos: ser\u00e1 que tenho direito?"},"content":{"rendered":"<p>[et_pb_section fb_built=&#8221;1&#8243; admin_label=&#8221;Post&#8221; _builder_version=&#8221;4.20.0&#8243; custom_padding=&#8221;0px||0px||false|false&#8221; global_colors_info=&#8221;{}&#8221;][et_pb_row admin_label=&#8221;Post&#8221; _builder_version=&#8221;4.19.4&#8243; background_size=&#8221;initial&#8221; background_position=&#8221;top_left&#8221; background_repeat=&#8221;repeat&#8221; width=&#8221;100%&#8221; custom_padding=&#8221;0px||0px||false|false&#8221; global_colors_info=&#8221;{}&#8221;][et_pb_column type=&#8221;4_4&#8243; _builder_version=&#8221;4.16&#8243; custom_padding=&#8221;|||&#8221; global_colors_info=&#8221;{}&#8221; custom_padding__hover=&#8221;|||&#8221;][et_pb_text admin_label=&#8221;Conte\u00fado&#8221; _builder_version=&#8221;4.27.5&#8243; _module_preset=&#8221;default&#8221; text_letter_spacing=&#8221;1px&#8221; custom_margin=&#8221;||||false|false&#8221; hover_enabled=&#8221;0&#8243; global_colors_info=&#8221;{}&#8221; sticky_enabled=&#8221;0&#8243;]<\/p>\n<p>Um assunto que gera muitas d\u00favidas aos colaboradores e tamb\u00e9m aos profissionais de Recursos Humanos \u00e9 o plano de extens\u00e3o. Afinal, o que acontece com plano de sa\u00fade de um funcion\u00e1rio que \u00e9 demitido ou se aposenta? \u00c9 poss\u00edvel manter o benef\u00edcio?<\/p>\n<p style=\"color: #495358; font-size: 22px; font-weight: bold;\">Quem tem direito ao plano de extens\u00e3o?<\/p>\n<p>Nos termos dispostos pela Lei 9.656\/98, tem direito de manter o plano oferecido pela empresa o empregado demitido ou exonerado sem justa causa e aposentados (mesmo que permane\u00e7am trabalhando na mesma empresa), desde que tenham contribu\u00eddo mensalmente para o custeio do mesmo. Se o colaborador contribuiu um dia, mas n\u00e3o contribui mais, ter\u00e1 direito de manter o plano com base na soma dos per\u00edodos de pagamento do benef\u00edcio.<\/p>\n<p>Quem foi demitido ou exonerado sem justa causa, ou aposentado, mas que a empresa paga integralmente o plano de sa\u00fade, no qual o benefici\u00e1rio s\u00f3 arca com o pagamento de seus dependentes, coparticipa\u00e7\u00e3o ou franquia de utiliza\u00e7\u00e3o dos servi\u00e7os, n\u00e3o tem direito ao plano de extens\u00e3o.<\/p>\n<p style=\"color: #495358; font-size: 22px; font-weight: bold;\">Como solicitar o plano de extens\u00e3o?<\/p>\n<p>O colaborador deve ser informado sobre o direito de manuten\u00e7\u00e3o do plano de sa\u00fade coletivo empresarial junto com o comunicado de demiss\u00e3o ou de desligamento, e a partir desta data ter\u00e1 prazo de 30 dias para informar se pretende fazer a manuten\u00e7\u00e3o do benef\u00edcio.<\/p>\n<p>Caso o funcion\u00e1rio tenha ci\u00eancia de que contribuiu com o custeio do plano e a empresa n\u00e3o comunicar sobre o direito, ele deve exigir \u00e0 \u00e1rea de Recursos Humanos ou \u00e0 operadora do plano de sa\u00fade a possibilidade de extens\u00e3o conforme garante a legisla\u00e7\u00e3o da Ag\u00eancia Nacional de Sa\u00fade Suplementar (ANS).<\/p>\n<p style=\"color: #495358; font-size: 22px; font-weight: bold;\">Como funciona o plano de extens\u00e3o?<\/p>\n<p>O plano deve ser id\u00eantico aos dos funcion\u00e1rios ativos, com as mesmas caracter\u00edsticas de assist\u00eancia, cobertura e condi\u00e7\u00f5es de reajuste do plano no qual o ex-funcion\u00e1rio estava vinculado antes da demiss\u00e3o. \u00c9 permitido que as empresas contratem um plano exclusivo para esse p\u00fablico, com cobertura, rede assistencial e padr\u00e3o de acomoda\u00e7\u00e3o diferenciados, bem como reajustes do plano, mas apenas como uma op\u00e7\u00e3o mais barata.<\/p>\n<p>Nas duas situa\u00e7\u00f5es o ex-colaborador dever\u00e1 assumir integralmente o valor do plano de sa\u00fade sob pena de cancelamento por inadimpl\u00eancia. Tamb\u00e9m \u00e9 garantido o direito de manter todos os dependentes e incluir novos, desde que arque com os custos do plano.<\/p>\n<p style=\"color: #495358; font-size: 22px; font-weight: bold;\">Por quanto tempo posso manter o plano?<\/p>\n<p>Demitidos ou exonerados sem justa causa podem permanecer por 1\/3 do tempo de pagamento do plano, sendo o m\u00ednimo 6 meses e o m\u00e1ximo dois anos, independentemente do tempo em que ficaram vinculados a empresa.<\/p>\n<p>Aposentados que mantiveram o v\u00ednculo com a empresa por menos de 10 anos podem permanecer o equivalente ao tempo de contribui\u00e7\u00e3o. J\u00e1 os que contribu\u00edram com o custeio por mais de 10 anos dentro do mesmo contrato de trabalho t\u00eam direito a extens\u00e3o vital\u00edcia ou enquanto a empresa mantiver o plano de sa\u00fade para os funcion\u00e1rios ativos.<\/p>\n<p>No caso de morte do titular ou de extens\u00e3o por prazo certo e determinado (demitidos ou aposentados com menos de 10 anos de contribui\u00e7\u00e3o), os dependentes t\u00eam o direito de manter o plano pelo prazo restante da extens\u00e3o. Quando h\u00e1 morte do titular de extens\u00e3o vital\u00edcia, o direito de se manter no plano por parte dos dependentes se encerra com o falecimento, j\u00e1 que a condi\u00e7\u00e3o de extens\u00e3o estava ligada ao titular. No entanto, em ambos os cen\u00e1rios, \u00e9 poss\u00edvel a portabilidade especial de car\u00eancias para um novo plano de sa\u00fade individual, familiar ou coletivo por ades\u00e3o, respeitando as seguintes indica\u00e7\u00f5es:<\/p>\n<ol>\n<li><strong>T\u00e9rmino do prazo da extens\u00e3o por prazo certo e determinado, com titular vivo ou falecido:<\/strong> todos os benefici\u00e1rios, a partir de 60 dias antes do t\u00e9rmino dos prazos de perman\u00eancia no plano de extens\u00e3o, podem solicitar portabilidade especial para a mesma operadora ou operadora diversa, para planos individuais ou coletivos por ades\u00e3o;<\/li>\n<li><strong>T\u00e9rmino do prazo da extens\u00e3o por prazo indeterminado (aposentados com condi\u00e7\u00e3o de vital\u00edcio):<\/strong> a partir do falecimento do titular, os dependentes t\u00eam prazo de 60 dias para solicitar portabilidade especial para a mesma operadora ou operadora diversa, para planos individuais ou coletivos por ades\u00e3o;<\/li>\n<li><strong>T\u00e9rmino de v\u00ednculo de depend\u00eancia:<\/strong> conforme regras do plano de sa\u00fade, a partir de 60 dias antes do t\u00e9rmino da depend\u00eancia, o dependente pode solicitar portabilidade especial para a mesma operadora ou operadora diversa, para planos individuais ou coletivos por ades\u00e3o.<\/li>\n<\/ol>\n<p>Em caso de cancelamento do plano de assist\u00eancia \u00e0 sa\u00fade por parte da empresa em favor dos benefici\u00e1rios ativos, ocorre o cancelamento da extens\u00e3o dos inativos, e independente do tempo restante da extens\u00e3o.\u00a0A lei tamb\u00e9m estabelece que o empregado demitido deixar\u00e1 de ter direito \u00e0 manuten\u00e7\u00e3o do plano de sa\u00fade em caso de\u00a0admiss\u00e3o\u00a0em um novo emprego.<\/p>\n<p>[\/et_pb_text][\/et_pb_column][\/et_pb_row][\/et_pb_section]<\/p>\n","protected":false},"excerpt":{"rendered":"<p>O assunto gera in\u00fameras d\u00favidas, tanto para colaboradores quanto para profissionais de Recursos Humanos.<\/p>\n","protected":false},"author":1,"featured_media":3028,"comment_status":"closed","ping_status":"open","sticky":false,"template":"","format":"standard","meta":{"_et_pb_use_builder":"on","_et_pb_old_content":"","_et_gb_content_width":"","footnotes":"","_links_to":"","_links_to_target":""},"categories":[22],"tags":[9],"class_list":["post-3026","post","type-post","status-publish","format-standard","has-post-thumbnail","hentry","category-legislacao","tag-rh"],"yoast_head":"<!-- This site is optimized with the Yoast SEO plugin v27.4 - https:\/\/yoast.com\/product\/yoast-seo-wordpress\/ -->\n<title>Extens\u00e3o para aposentados e demitidos: ser\u00e1 que tenho direito? - Insights \/ Acrisure<\/title>\n<meta name=\"description\" content=\"Como funciona o plano de extens\u00e3o de sa\u00fade para demitidos e aposentados: quem tem direito, prazos de perman\u00eancia e regras da ANS.\" \/>\n<meta name=\"robots\" content=\"index, follow, max-snippet:-1, max-image-preview:large, max-video-preview:-1\" \/>\n<link rel=\"canonical\" href=\"https:\/\/acrisure.com.br\/insights\/extensao-para-aposentados-e-demitidos-sera-que-tenho-direito\/\" \/>\n<meta property=\"og:locale\" content=\"pt_BR\" \/>\n<meta property=\"og:type\" content=\"article\" \/>\n<meta property=\"og:title\" content=\"Extens\u00e3o para aposentados e demitidos: ser\u00e1 que tenho direito? - Insights \/ Acrisure\" \/>\n<meta property=\"og:description\" content=\"Como funciona o plano de extens\u00e3o de sa\u00fade para demitidos e aposentados: quem tem direito, prazos de perman\u00eancia e regras da ANS.\" \/>\n<meta property=\"og:url\" content=\"https:\/\/acrisure.com.br\/insights\/extensao-para-aposentados-e-demitidos-sera-que-tenho-direito\/\" \/>\n<meta property=\"og:site_name\" content=\"Insights \/ Acrisure\" \/>\n<meta property=\"article:publisher\" content=\"https:\/\/www.facebook.com\/itsseg\/\" \/>\n<meta property=\"article:published_time\" content=\"2016-07-28T14:44:12+00:00\" \/>\n<meta property=\"article:modified_time\" content=\"2026-01-13T13:29:17+00:00\" \/>\n<meta property=\"og:image\" content=\"https:\/\/acrisure.com.br\/insights\/wp-content\/uploads\/Extensao-para-aposentados-e-demitidos-sera-que-tenho-direito.jpg\" \/>\n\t<meta property=\"og:image:width\" content=\"1920\" \/>\n\t<meta property=\"og:image:height\" content=\"640\" \/>\n\t<meta property=\"og:image:type\" content=\"image\/jpeg\" \/>\n<meta name=\"author\" content=\"publishouse\" \/>\n<meta name=\"twitter:card\" content=\"summary_large_image\" \/>\n<meta name=\"twitter:label1\" content=\"Escrito por\" \/>\n\t<meta name=\"twitter:data1\" content=\"publishouse\" \/>\n\t<meta name=\"twitter:label2\" content=\"Est. tempo de leitura\" \/>\n\t<meta name=\"twitter:data2\" content=\"5 minutos\" \/>\n<script type=\"application\/ld+json\" class=\"yoast-schema-graph\">{\"@context\":\"https:\\\/\\\/schema.org\",\"@graph\":[{\"@type\":\"Article\",\"@id\":\"https:\\\/\\\/acrisure.com.br\\\/insights\\\/extensao-para-aposentados-e-demitidos-sera-que-tenho-direito\\\/#article\",\"isPartOf\":{\"@id\":\"https:\\\/\\\/acrisure.com.br\\\/insights\\\/extensao-para-aposentados-e-demitidos-sera-que-tenho-direito\\\/\"},\"author\":{\"name\":\"publishouse\",\"@id\":\"https:\\\/\\\/acrisure.com.br\\\/insights\\\/#\\\/schema\\\/person\\\/ae285068bde2d94bbb6b0692760fb361\"},\"headline\":\"Extens\u00e3o para aposentados e demitidos: ser\u00e1 que tenho direito?\",\"datePublished\":\"2016-07-28T14:44:12+00:00\",\"dateModified\":\"2026-01-13T13:29:17+00:00\",\"mainEntityOfPage\":{\"@id\":\"https:\\\/\\\/acrisure.com.br\\\/insights\\\/extensao-para-aposentados-e-demitidos-sera-que-tenho-direito\\\/\"},\"wordCount\":964,\"image\":{\"@id\":\"https:\\\/\\\/acrisure.com.br\\\/insights\\\/extensao-para-aposentados-e-demitidos-sera-que-tenho-direito\\\/#primaryimage\"},\"thumbnailUrl\":\"https:\\\/\\\/acrisure.com.br\\\/insights\\\/wp-content\\\/uploads\\\/Extensao-para-aposentados-e-demitidos-sera-que-tenho-direito.jpg\",\"keywords\":[\"RH\"],\"articleSection\":[\"Legisla\u00e7\u00e3o\"],\"inLanguage\":\"pt-BR\"},{\"@type\":\"WebPage\",\"@id\":\"https:\\\/\\\/acrisure.com.br\\\/insights\\\/extensao-para-aposentados-e-demitidos-sera-que-tenho-direito\\\/\",\"url\":\"https:\\\/\\\/acrisure.com.br\\\/insights\\\/extensao-para-aposentados-e-demitidos-sera-que-tenho-direito\\\/\",\"name\":\"Extens\u00e3o para aposentados e demitidos: ser\u00e1 que tenho direito? - Insights \\\/ Acrisure\",\"isPartOf\":{\"@id\":\"https:\\\/\\\/acrisure.com.br\\\/insights\\\/#website\"},\"primaryImageOfPage\":{\"@id\":\"https:\\\/\\\/acrisure.com.br\\\/insights\\\/extensao-para-aposentados-e-demitidos-sera-que-tenho-direito\\\/#primaryimage\"},\"image\":{\"@id\":\"https:\\\/\\\/acrisure.com.br\\\/insights\\\/extensao-para-aposentados-e-demitidos-sera-que-tenho-direito\\\/#primaryimage\"},\"thumbnailUrl\":\"https:\\\/\\\/acrisure.com.br\\\/insights\\\/wp-content\\\/uploads\\\/Extensao-para-aposentados-e-demitidos-sera-que-tenho-direito.jpg\",\"datePublished\":\"2016-07-28T14:44:12+00:00\",\"dateModified\":\"2026-01-13T13:29:17+00:00\",\"author\":{\"@id\":\"https:\\\/\\\/acrisure.com.br\\\/insights\\\/#\\\/schema\\\/person\\\/ae285068bde2d94bbb6b0692760fb361\"},\"description\":\"Como funciona o plano de extens\u00e3o de sa\u00fade para demitidos e aposentados: quem tem direito, prazos de perman\u00eancia e regras da ANS.\",\"breadcrumb\":{\"@id\":\"https:\\\/\\\/acrisure.com.br\\\/insights\\\/extensao-para-aposentados-e-demitidos-sera-que-tenho-direito\\\/#breadcrumb\"},\"inLanguage\":\"pt-BR\",\"potentialAction\":[{\"@type\":\"ReadAction\",\"target\":[\"https:\\\/\\\/acrisure.com.br\\\/insights\\\/extensao-para-aposentados-e-demitidos-sera-que-tenho-direito\\\/\"]}]},{\"@type\":\"ImageObject\",\"inLanguage\":\"pt-BR\",\"@id\":\"https:\\\/\\\/acrisure.com.br\\\/insights\\\/extensao-para-aposentados-e-demitidos-sera-que-tenho-direito\\\/#primaryimage\",\"url\":\"https:\\\/\\\/acrisure.com.br\\\/insights\\\/wp-content\\\/uploads\\\/Extensao-para-aposentados-e-demitidos-sera-que-tenho-direito.jpg\",\"contentUrl\":\"https:\\\/\\\/acrisure.com.br\\\/insights\\\/wp-content\\\/uploads\\\/Extensao-para-aposentados-e-demitidos-sera-que-tenho-direito.jpg\",\"width\":1920,\"height\":640,\"caption\":\"Pilha de pontos de interroga\u00e7\u00e3o na cor branca e cinza\"},{\"@type\":\"BreadcrumbList\",\"@id\":\"https:\\\/\\\/acrisure.com.br\\\/insights\\\/extensao-para-aposentados-e-demitidos-sera-que-tenho-direito\\\/#breadcrumb\",\"itemListElement\":[{\"@type\":\"ListItem\",\"position\":1,\"name\":\"In\u00edcio\",\"item\":\"https:\\\/\\\/acrisure.com.br\\\/insights\\\/\"},{\"@type\":\"ListItem\",\"position\":2,\"name\":\"Extens\u00e3o para aposentados e demitidos: ser\u00e1 que tenho direito?\"}]},{\"@type\":\"WebSite\",\"@id\":\"https:\\\/\\\/acrisure.com.br\\\/insights\\\/#website\",\"url\":\"https:\\\/\\\/acrisure.com.br\\\/insights\\\/\",\"name\":\"Insights \\\/ Acrisure\",\"description\":\"Portal de Not\u00edcias e Conte\u00fado\",\"potentialAction\":[{\"@type\":\"SearchAction\",\"target\":{\"@type\":\"EntryPoint\",\"urlTemplate\":\"https:\\\/\\\/acrisure.com.br\\\/insights\\\/?s={search_term_string}\"},\"query-input\":{\"@type\":\"PropertyValueSpecification\",\"valueRequired\":true,\"valueName\":\"search_term_string\"}}],\"inLanguage\":\"pt-BR\"},{\"@type\":\"Person\",\"@id\":\"https:\\\/\\\/acrisure.com.br\\\/insights\\\/#\\\/schema\\\/person\\\/ae285068bde2d94bbb6b0692760fb361\",\"name\":\"publishouse\",\"image\":{\"@type\":\"ImageObject\",\"inLanguage\":\"pt-BR\",\"@id\":\"https:\\\/\\\/secure.gravatar.com\\\/avatar\\\/28cbb1595e2bba31bae82123e62ffe5e807440c64f2e05ed85a7bd654289e026?s=96&d=mm&r=g\",\"url\":\"https:\\\/\\\/secure.gravatar.com\\\/avatar\\\/28cbb1595e2bba31bae82123e62ffe5e807440c64f2e05ed85a7bd654289e026?s=96&d=mm&r=g\",\"contentUrl\":\"https:\\\/\\\/secure.gravatar.com\\\/avatar\\\/28cbb1595e2bba31bae82123e62ffe5e807440c64f2e05ed85a7bd654289e026?s=96&d=mm&r=g\",\"caption\":\"publishouse\"},\"sameAs\":[\"https:\\\/\\\/acrisure.com.br\\\/insights\"],\"url\":\"https:\\\/\\\/acrisure.com.br\\\/insights\\\/author\\\/publishouse\\\/\"}]}<\/script>\n<!-- \/ Yoast SEO plugin. -->","yoast_head_json":{"title":"Extens\u00e3o para aposentados e demitidos: ser\u00e1 que tenho direito? - Insights \/ Acrisure","description":"Como funciona o plano de extens\u00e3o de sa\u00fade para demitidos e aposentados: quem tem direito, prazos de perman\u00eancia e regras da ANS.","robots":{"index":"index","follow":"follow","max-snippet":"max-snippet:-1","max-image-preview":"max-image-preview:large","max-video-preview":"max-video-preview:-1"},"canonical":"https:\/\/acrisure.com.br\/insights\/extensao-para-aposentados-e-demitidos-sera-que-tenho-direito\/","og_locale":"pt_BR","og_type":"article","og_title":"Extens\u00e3o para aposentados e demitidos: ser\u00e1 que tenho direito? - Insights \/ Acrisure","og_description":"Como funciona o plano de extens\u00e3o de sa\u00fade para demitidos e aposentados: quem tem direito, prazos de perman\u00eancia e regras da ANS.","og_url":"https:\/\/acrisure.com.br\/insights\/extensao-para-aposentados-e-demitidos-sera-que-tenho-direito\/","og_site_name":"Insights \/ Acrisure","article_publisher":"https:\/\/www.facebook.com\/itsseg\/","article_published_time":"2016-07-28T14:44:12+00:00","article_modified_time":"2026-01-13T13:29:17+00:00","og_image":[{"width":1920,"height":640,"url":"https:\/\/acrisure.com.br\/insights\/wp-content\/uploads\/Extensao-para-aposentados-e-demitidos-sera-que-tenho-direito.jpg","type":"image\/jpeg"}],"author":"publishouse","twitter_card":"summary_large_image","twitter_misc":{"Escrito por":"publishouse","Est. tempo de leitura":"5 minutos"},"schema":{"@context":"https:\/\/schema.org","@graph":[{"@type":"Article","@id":"https:\/\/acrisure.com.br\/insights\/extensao-para-aposentados-e-demitidos-sera-que-tenho-direito\/#article","isPartOf":{"@id":"https:\/\/acrisure.com.br\/insights\/extensao-para-aposentados-e-demitidos-sera-que-tenho-direito\/"},"author":{"name":"publishouse","@id":"https:\/\/acrisure.com.br\/insights\/#\/schema\/person\/ae285068bde2d94bbb6b0692760fb361"},"headline":"Extens\u00e3o para aposentados e demitidos: ser\u00e1 que tenho direito?","datePublished":"2016-07-28T14:44:12+00:00","dateModified":"2026-01-13T13:29:17+00:00","mainEntityOfPage":{"@id":"https:\/\/acrisure.com.br\/insights\/extensao-para-aposentados-e-demitidos-sera-que-tenho-direito\/"},"wordCount":964,"image":{"@id":"https:\/\/acrisure.com.br\/insights\/extensao-para-aposentados-e-demitidos-sera-que-tenho-direito\/#primaryimage"},"thumbnailUrl":"https:\/\/acrisure.com.br\/insights\/wp-content\/uploads\/Extensao-para-aposentados-e-demitidos-sera-que-tenho-direito.jpg","keywords":["RH"],"articleSection":["Legisla\u00e7\u00e3o"],"inLanguage":"pt-BR"},{"@type":"WebPage","@id":"https:\/\/acrisure.com.br\/insights\/extensao-para-aposentados-e-demitidos-sera-que-tenho-direito\/","url":"https:\/\/acrisure.com.br\/insights\/extensao-para-aposentados-e-demitidos-sera-que-tenho-direito\/","name":"Extens\u00e3o para aposentados e demitidos: ser\u00e1 que tenho direito? - Insights \/ Acrisure","isPartOf":{"@id":"https:\/\/acrisure.com.br\/insights\/#website"},"primaryImageOfPage":{"@id":"https:\/\/acrisure.com.br\/insights\/extensao-para-aposentados-e-demitidos-sera-que-tenho-direito\/#primaryimage"},"image":{"@id":"https:\/\/acrisure.com.br\/insights\/extensao-para-aposentados-e-demitidos-sera-que-tenho-direito\/#primaryimage"},"thumbnailUrl":"https:\/\/acrisure.com.br\/insights\/wp-content\/uploads\/Extensao-para-aposentados-e-demitidos-sera-que-tenho-direito.jpg","datePublished":"2016-07-28T14:44:12+00:00","dateModified":"2026-01-13T13:29:17+00:00","author":{"@id":"https:\/\/acrisure.com.br\/insights\/#\/schema\/person\/ae285068bde2d94bbb6b0692760fb361"},"description":"Como funciona o plano de extens\u00e3o de sa\u00fade para demitidos e aposentados: quem tem direito, prazos de perman\u00eancia e regras da ANS.","breadcrumb":{"@id":"https:\/\/acrisure.com.br\/insights\/extensao-para-aposentados-e-demitidos-sera-que-tenho-direito\/#breadcrumb"},"inLanguage":"pt-BR","potentialAction":[{"@type":"ReadAction","target":["https:\/\/acrisure.com.br\/insights\/extensao-para-aposentados-e-demitidos-sera-que-tenho-direito\/"]}]},{"@type":"ImageObject","inLanguage":"pt-BR","@id":"https:\/\/acrisure.com.br\/insights\/extensao-para-aposentados-e-demitidos-sera-que-tenho-direito\/#primaryimage","url":"https:\/\/acrisure.com.br\/insights\/wp-content\/uploads\/Extensao-para-aposentados-e-demitidos-sera-que-tenho-direito.jpg","contentUrl":"https:\/\/acrisure.com.br\/insights\/wp-content\/uploads\/Extensao-para-aposentados-e-demitidos-sera-que-tenho-direito.jpg","width":1920,"height":640,"caption":"Pilha de pontos de interroga\u00e7\u00e3o na cor branca e cinza"},{"@type":"BreadcrumbList","@id":"https:\/\/acrisure.com.br\/insights\/extensao-para-aposentados-e-demitidos-sera-que-tenho-direito\/#breadcrumb","itemListElement":[{"@type":"ListItem","position":1,"name":"In\u00edcio","item":"https:\/\/acrisure.com.br\/insights\/"},{"@type":"ListItem","position":2,"name":"Extens\u00e3o para aposentados e demitidos: ser\u00e1 que tenho direito?"}]},{"@type":"WebSite","@id":"https:\/\/acrisure.com.br\/insights\/#website","url":"https:\/\/acrisure.com.br\/insights\/","name":"Insights \/ Acrisure","description":"Portal de Not\u00edcias e Conte\u00fado","potentialAction":[{"@type":"SearchAction","target":{"@type":"EntryPoint","urlTemplate":"https:\/\/acrisure.com.br\/insights\/?s={search_term_string}"},"query-input":{"@type":"PropertyValueSpecification","valueRequired":true,"valueName":"search_term_string"}}],"inLanguage":"pt-BR"},{"@type":"Person","@id":"https:\/\/acrisure.com.br\/insights\/#\/schema\/person\/ae285068bde2d94bbb6b0692760fb361","name":"publishouse","image":{"@type":"ImageObject","inLanguage":"pt-BR","@id":"https:\/\/secure.gravatar.com\/avatar\/28cbb1595e2bba31bae82123e62ffe5e807440c64f2e05ed85a7bd654289e026?s=96&d=mm&r=g","url":"https:\/\/secure.gravatar.com\/avatar\/28cbb1595e2bba31bae82123e62ffe5e807440c64f2e05ed85a7bd654289e026?s=96&d=mm&r=g","contentUrl":"https:\/\/secure.gravatar.com\/avatar\/28cbb1595e2bba31bae82123e62ffe5e807440c64f2e05ed85a7bd654289e026?s=96&d=mm&r=g","caption":"publishouse"},"sameAs":["https:\/\/acrisure.com.br\/insights"],"url":"https:\/\/acrisure.com.br\/insights\/author\/publishouse\/"}]}},"_links":{"self":[{"href":"https:\/\/acrisure.com.br\/insights\/wp-json\/wp\/v2\/posts\/3026","targetHints":{"allow":["GET"]}}],"collection":[{"href":"https:\/\/acrisure.com.br\/insights\/wp-json\/wp\/v2\/posts"}],"about":[{"href":"https:\/\/acrisure.com.br\/insights\/wp-json\/wp\/v2\/types\/post"}],"author":[{"embeddable":true,"href":"https:\/\/acrisure.com.br\/insights\/wp-json\/wp\/v2\/users\/1"}],"replies":[{"embeddable":true,"href":"https:\/\/acrisure.com.br\/insights\/wp-json\/wp\/v2\/comments?post=3026"}],"version-history":[{"count":5,"href":"https:\/\/acrisure.com.br\/insights\/wp-json\/wp\/v2\/posts\/3026\/revisions"}],"predecessor-version":[{"id":18870,"href":"https:\/\/acrisure.com.br\/insights\/wp-json\/wp\/v2\/posts\/3026\/revisions\/18870"}],"wp:featuredmedia":[{"embeddable":true,"href":"https:\/\/acrisure.com.br\/insights\/wp-json\/wp\/v2\/media\/3028"}],"wp:attachment":[{"href":"https:\/\/acrisure.com.br\/insights\/wp-json\/wp\/v2\/media?parent=3026"}],"wp:term":[{"taxonomy":"category","embeddable":true,"href":"https:\/\/acrisure.com.br\/insights\/wp-json\/wp\/v2\/categories?post=3026"},{"taxonomy":"post_tag","embeddable":true,"href":"https:\/\/acrisure.com.br\/insights\/wp-json\/wp\/v2\/tags?post=3026"}],"curies":[{"name":"wp","href":"https:\/\/api.w.org\/{rel}","templated":true}]}}