{"id":3105,"date":"2021-06-23T19:45:03","date_gmt":"2021-06-23T22:45:03","guid":{"rendered":"https:\/\/acrisure.com.br\/insights\/?p=3105"},"modified":"2026-02-03T11:42:58","modified_gmt":"2026-02-03T14:42:58","slug":"webinar-gestao-de-afastados","status":"publish","type":"post","link":"https:\/\/acrisure.com.br\/insights\/webinar-gestao-de-afastados\/","title":{"rendered":"Principais d\u00favidas sobre Gest\u00e3o de Afastados e o Coronav\u00edrus"},"content":{"rendered":"<p>[et_pb_section fb_built=&#8221;1&#8243; admin_label=&#8221;Post&#8221; _builder_version=&#8221;4.20.0&#8243; custom_padding=&#8221;0px||0px||false|false&#8221; global_colors_info=&#8221;{}&#8221;][et_pb_row admin_label=&#8221;Post&#8221; _builder_version=&#8221;4.19.4&#8243; background_size=&#8221;initial&#8221; background_position=&#8221;top_left&#8221; background_repeat=&#8221;repeat&#8221; width=&#8221;100%&#8221; custom_padding=&#8221;0px||0px||false|false&#8221; global_colors_info=&#8221;{}&#8221;][et_pb_column type=&#8221;4_4&#8243; _builder_version=&#8221;4.16&#8243; custom_padding=&#8221;|||&#8221; global_colors_info=&#8221;{}&#8221; custom_padding__hover=&#8221;|||&#8221;][et_pb_text admin_label=&#8221;Conte\u00fado&#8221; _builder_version=&#8221;4.27.3&#8243; _module_preset=&#8221;default&#8221; text_letter_spacing=&#8221;1px&#8221; custom_margin=&#8221;||||false|false&#8221; hover_enabled=&#8221;0&#8243; global_colors_info=&#8221;{}&#8221; sticky_enabled=&#8221;0&#8243;]<\/p>\n<p>O afastamento de funcion\u00e1rios junto ao INSS \u00e9 um problema que atinge boa parte das empresas no Brasil, e com a pandemia de covid-19, esses pedidos seguem em ritmo crescente. Por isso, a Acrisure promoveu, no dia 16 junho, um webinar sobre o papel da <strong>Gest\u00e3o de Afastados e o Corona V\u00edrus<\/strong> dentro das organiza\u00e7\u00f5es.<\/p>\n<p>No webinar, realizado atrav\u00e9s do\u00a0<a href=\"https:\/\/acrisure.com.br\/\" target=\"_blank\" rel=\"noopener\">programa Turbinar<\/a>, os especialistas da Acrisure Oswaldo Merbach, Danilo Nakandakare e Marcio Tosi discutiram como o gerenciamento de funcion\u00e1rios afastados \u00e9 imprescind\u00edvel para controlar o <a href=\"https:\/\/acrisure.com.br\/\" target=\"_blank\" rel=\"noopener\">Fator Acident\u00e1rio de Preven\u00e7\u00e3o (FAP)<\/a> e reduzir o n\u00famero de afastamentos, al\u00e9m de evitar gastos e melhorar a sa\u00fade organizacional. No entanto, ainda h\u00e1 muitas d\u00favidas a respeito de como fazer essa gest\u00e3o de maneira efetiva.<\/p>\n<p>Confira abaixo algumas quest\u00f5es que foram levantadas durante o nosso bate-papo.<\/p>\n<p>https:\/\/segurosinteligentes.com.br\/portalrh\/gestao-funcionarios-afastados\/<\/p>\n<p><strong>Afastamento pelo INSS em caso de covid-19, \u00e9 v\u00e1lido?<\/strong><\/p>\n<p>O adoecimento pela covid-19 \u00e9 como outro adoecimento qualquer, sem nenhuma caracter\u00edstica exclusiva, a n\u00e3o ser tratar-se de uma pandemia. Sendo assim, a pessoa acometida e incapacitada para o trabalho dever\u00e1 cumprir os protocolos sanit\u00e1rios e, caso permane\u00e7a incapacitada por mais de 15 dias, ser\u00e1 tratada conforme normativa para requerimento de aux\u00edlio-doen\u00e7a, seguindo os mesmos protocolos da Previd\u00eancia para concess\u00e3o e cessa\u00e7\u00e3o do afastamento INSS. Saiba mais em:\u00a0<a href=\"https:\/\/acrisure.com.br\/\" target=\"_blank\" rel=\"noopener\">Covid \u00e9 doen\u00e7a ocupacional?<\/a><\/p>\n<p><strong>Quando um colaborador tem alta do INSS, mas discorda da decis\u00e3o do perito e se mant\u00e9m afastado com atestado de seu m\u00e9dico particular, qual deve ser a a\u00e7\u00e3o da empresa?<\/strong><\/p>\n<p>A rela\u00e7\u00e3o \u00e9 paciente e INSS. Formalmente a empresa n\u00e3o \u00e9 parte e, por isso, n\u00e3o deve participar, pois assumir\u00e1 a responsabilidade.<\/p>\n<p>Se o INSS decidiu pela aptid\u00e3o do funcion\u00e1rio, a empresa deve receb\u00ea-lo de volta para retomada das atividades. Caso o funcion\u00e1rio se recuse ao retorno, por qualquer motivo, dever\u00e1 assinar um documento de pr\u00f3prio punho, declarando n\u00e3o se sentir apto para a volta. Na tentativa de resolu\u00e7\u00e3o do impasse, o colaborador precisar\u00e1 recorrer da decis\u00e3o do perito, pedindo revis\u00e3o, prorroga\u00e7\u00e3o do benef\u00edcio cessado ou um novo benef\u00edcio junto ao Meu INSS. Lembramos que esses pedidos ser\u00e3o tratados como recursos administrativos, podendo demorar pela an\u00e1lise e decis\u00e3o. Fatalmente permanecer\u00e1 no chamado <a href=\"https:\/\/acrisure.com.br\/\" target=\"_blank\" rel=\"noopener\">Limbo Previdenci\u00e1rio<\/a>.<\/p>\n<p><strong>Quando um colaborador h\u00e1 mais de 6 meses n\u00e3o consegue cumprir sua jornada de trabalho, em fun\u00e7\u00e3o de crises de ansiedade, mas n\u00e3o foi afastado pelo m\u00e9dico das atividades, h\u00e1 alguma a\u00e7\u00e3o que a empresa possa tomar?<\/strong><\/p>\n<p>Se a empresa estiver descontente com o trabalho e n\u00e3o deu causa \u00e0 queixa, \u00e9 poss\u00edvel considerar a dispensa sem justa causa.<br \/>Uma segunda opini\u00e3o m\u00e9dica poder\u00e1 respaldar a empresa de eventual decis\u00e3o rescis\u00f3ria.<\/p>\n<p><strong>Temos colaboradores que os m\u00e9dicos est\u00e3o afastando por 17-18 dias (normalmente divididos em 2 atestados). Afastando pelo INSS no retorno, tem a necessidade de passar pelo m\u00e9dico do trabalho ou receber alguma alta m\u00e9dica?<\/strong><\/p>\n<p>S\u00f3 pode retornar ao trabalho com ASO (Atestado M\u00e9dico Ocupacional). O ASO tem o objetivo de atestar se o funcion\u00e1rio est\u00e1 apto ou n\u00e3o para exercer as suas fun\u00e7\u00f5es profissionais para o cargo indicado.<\/p>\n<p><strong>Foi apontado que entra como afastamento acident\u00e1rio a contamina\u00e7\u00e3o por covid-19. Estando em modelo de trabalho remoto (home office), seria essa mesma situa\u00e7\u00e3o acident\u00e1rio, ou seja, a empresa depende do comprometimento do colaborador?<\/strong><\/p>\n<p>A caracteriza\u00e7\u00e3o por covid-19 se dar\u00e1 por exposi\u00e7\u00e3o a ambiente de risco de cont\u00e1gio. N\u00e3o \u00e9 o caso de Home Office.<\/p>\n<p><strong>Quanto mais afastamentos as empresas t\u00eam, maior a chance de aumentar a porcentagem do RAT?<\/strong><\/p>\n<p>O RAT \u00e9 fixo. O que varia \u00e9 o FAP, que estimula a redu\u00e7\u00e3o da acidentalidade. Saiba mais em: <a href=\"https:\/\/acrisure.com.br\/\" target=\"_blank\" rel=\"noopener\">Como o FAP \u00e9 constru\u00eddo.<\/a><\/p>\n<p><strong>Reconhecido o NTEP, sou obrigado emitir a CAT?<\/strong><\/p>\n<p>A CAT deve anteceder \u00e0 concess\u00e3o do benef\u00edcio por NTEP. Se n\u00e3o foi emitida a CAT, \u00e9 sinal que a empresa n\u00e3o est\u00e1 convencida de que \u00e9 acidente e deve contestar.<\/p>\n<p><strong>\u00c9 poss\u00edvel verificar o adoecimento da &#8220;fam\u00edlia&#8221; quando o trabalhador(a) est\u00e1 doente\/afastado? O empregado que est\u00e1 afastado, por qualquer motivo?<\/strong><\/p>\n<p>Se a empresa manifestar leg\u00edtimo interesse em cuidar da sa\u00fade, sem d\u00favida que sim. Cuidado para casos eventuais que podem ser considerados como interesses escusos, passiveis de a\u00e7\u00f5es por danos morais. Entenda aqui <a href=\"https:\/\/acrisure.com.br\/\" target=\"_blank\" rel=\"noopener\">a\u00a0import\u00e2ncia de acompanhar afastamentos na Previd\u00eancia.<\/a><\/p>\n<p>[\/et_pb_text][\/et_pb_column][\/et_pb_row][\/et_pb_section]<\/p>\n","protected":false},"excerpt":{"rendered":"<p>Confira os principais assuntos discutidos no webinar promovido pela Acrisure.<\/p>\n","protected":false},"author":1,"featured_media":3107,"comment_status":"closed","ping_status":"open","sticky":false,"template":"","format":"standard","meta":{"_et_pb_use_builder":"on","_et_pb_old_content":"","_et_gb_content_width":"","footnotes":"","_links_to":"","_links_to_target":""},"categories":[24],"tags":[9],"class_list":["post-3105","post","type-post","status-publish","format-standard","has-post-thumbnail","hentry","category-gestao-de-afastados","tag-rh"],"yoast_head":"<!-- This site is optimized with the Yoast SEO plugin v27.4 - https:\/\/yoast.com\/product\/yoast-seo-wordpress\/ -->\n<title>Principais d\u00favidas sobre Gest\u00e3o de Afastados e o Coronav\u00edrus - Insights \/ Acrisure<\/title>\n<meta name=\"description\" content=\"A gest\u00e3o de afastados e o corona v\u00edrus andam juntos, a primeira \u00e9 essencial para reduzir custos e controlar impactos da covid-19 nas empresas\" \/>\n<meta name=\"robots\" content=\"index, follow, max-snippet:-1, max-image-preview:large, max-video-preview:-1\" \/>\n<link rel=\"canonical\" href=\"https:\/\/acrisure.com.br\/insights\/webinar-gestao-de-afastados\/\" \/>\n<meta property=\"og:locale\" content=\"pt_BR\" \/>\n<meta property=\"og:type\" content=\"article\" \/>\n<meta property=\"og:title\" content=\"Principais d\u00favidas sobre Gest\u00e3o de Afastados e o Coronav\u00edrus - Insights \/ Acrisure\" \/>\n<meta property=\"og:description\" content=\"A gest\u00e3o de afastados e o corona v\u00edrus andam juntos, a primeira \u00e9 essencial para reduzir custos e controlar impactos da covid-19 nas empresas\" \/>\n<meta property=\"og:url\" content=\"https:\/\/acrisure.com.br\/insights\/webinar-gestao-de-afastados\/\" \/>\n<meta property=\"og:site_name\" content=\"Insights \/ Acrisure\" \/>\n<meta property=\"article:publisher\" content=\"https:\/\/www.facebook.com\/itsseg\/\" \/>\n<meta property=\"article:published_time\" content=\"2021-06-23T22:45:03+00:00\" \/>\n<meta property=\"article:modified_time\" content=\"2026-02-03T14:42:58+00:00\" \/>\n<meta property=\"og:image\" content=\"https:\/\/acrisure.com.br\/insights\/wp-content\/uploads\/turbinar-webinar-gestao-afastados.jpg\" \/>\n\t<meta property=\"og:image:width\" content=\"1920\" \/>\n\t<meta property=\"og:image:height\" content=\"640\" \/>\n\t<meta property=\"og:image:type\" content=\"image\/jpeg\" \/>\n<meta name=\"author\" content=\"publishouse\" \/>\n<meta name=\"twitter:card\" content=\"summary_large_image\" \/>\n<meta name=\"twitter:label1\" content=\"Escrito por\" \/>\n\t<meta name=\"twitter:data1\" content=\"publishouse\" \/>\n\t<meta name=\"twitter:label2\" content=\"Est. tempo de leitura\" \/>\n\t<meta name=\"twitter:data2\" content=\"5 minutos\" \/>\n<script type=\"application\/ld+json\" class=\"yoast-schema-graph\">{\"@context\":\"https:\\\/\\\/schema.org\",\"@graph\":[{\"@type\":\"Article\",\"@id\":\"https:\\\/\\\/acrisure.com.br\\\/insights\\\/webinar-gestao-de-afastados\\\/#article\",\"isPartOf\":{\"@id\":\"https:\\\/\\\/acrisure.com.br\\\/insights\\\/webinar-gestao-de-afastados\\\/\"},\"author\":{\"name\":\"publishouse\",\"@id\":\"https:\\\/\\\/acrisure.com.br\\\/insights\\\/#\\\/schema\\\/person\\\/ae285068bde2d94bbb6b0692760fb361\"},\"headline\":\"Principais d\u00favidas sobre Gest\u00e3o de Afastados e o Coronav\u00edrus\",\"datePublished\":\"2021-06-23T22:45:03+00:00\",\"dateModified\":\"2026-02-03T14:42:58+00:00\",\"mainEntityOfPage\":{\"@id\":\"https:\\\/\\\/acrisure.com.br\\\/insights\\\/webinar-gestao-de-afastados\\\/\"},\"wordCount\":878,\"image\":{\"@id\":\"https:\\\/\\\/acrisure.com.br\\\/insights\\\/webinar-gestao-de-afastados\\\/#primaryimage\"},\"thumbnailUrl\":\"https:\\\/\\\/acrisure.com.br\\\/insights\\\/wp-content\\\/uploads\\\/turbinar-webinar-gestao-afastados.jpg\",\"keywords\":[\"RH\"],\"articleSection\":[\"Gest\u00e3o de afastados\"],\"inLanguage\":\"pt-BR\"},{\"@type\":\"WebPage\",\"@id\":\"https:\\\/\\\/acrisure.com.br\\\/insights\\\/webinar-gestao-de-afastados\\\/\",\"url\":\"https:\\\/\\\/acrisure.com.br\\\/insights\\\/webinar-gestao-de-afastados\\\/\",\"name\":\"Principais d\u00favidas sobre Gest\u00e3o de Afastados e o Coronav\u00edrus - Insights \\\/ Acrisure\",\"isPartOf\":{\"@id\":\"https:\\\/\\\/acrisure.com.br\\\/insights\\\/#website\"},\"primaryImageOfPage\":{\"@id\":\"https:\\\/\\\/acrisure.com.br\\\/insights\\\/webinar-gestao-de-afastados\\\/#primaryimage\"},\"image\":{\"@id\":\"https:\\\/\\\/acrisure.com.br\\\/insights\\\/webinar-gestao-de-afastados\\\/#primaryimage\"},\"thumbnailUrl\":\"https:\\\/\\\/acrisure.com.br\\\/insights\\\/wp-content\\\/uploads\\\/turbinar-webinar-gestao-afastados.jpg\",\"datePublished\":\"2021-06-23T22:45:03+00:00\",\"dateModified\":\"2026-02-03T14:42:58+00:00\",\"author\":{\"@id\":\"https:\\\/\\\/acrisure.com.br\\\/insights\\\/#\\\/schema\\\/person\\\/ae285068bde2d94bbb6b0692760fb361\"},\"description\":\"A gest\u00e3o de afastados e o corona v\u00edrus andam juntos, a primeira \u00e9 essencial para reduzir custos e controlar impactos da covid-19 nas empresas\",\"breadcrumb\":{\"@id\":\"https:\\\/\\\/acrisure.com.br\\\/insights\\\/webinar-gestao-de-afastados\\\/#breadcrumb\"},\"inLanguage\":\"pt-BR\",\"potentialAction\":[{\"@type\":\"ReadAction\",\"target\":[\"https:\\\/\\\/acrisure.com.br\\\/insights\\\/webinar-gestao-de-afastados\\\/\"]}]},{\"@type\":\"ImageObject\",\"inLanguage\":\"pt-BR\",\"@id\":\"https:\\\/\\\/acrisure.com.br\\\/insights\\\/webinar-gestao-de-afastados\\\/#primaryimage\",\"url\":\"https:\\\/\\\/acrisure.com.br\\\/insights\\\/wp-content\\\/uploads\\\/turbinar-webinar-gestao-afastados.jpg\",\"contentUrl\":\"https:\\\/\\\/acrisure.com.br\\\/insights\\\/wp-content\\\/uploads\\\/turbinar-webinar-gestao-afastados.jpg\",\"width\":1920,\"height\":640,\"caption\":\"Pontos de interroga\u00e7\u00e3o em diferentes formatos e cores\"},{\"@type\":\"BreadcrumbList\",\"@id\":\"https:\\\/\\\/acrisure.com.br\\\/insights\\\/webinar-gestao-de-afastados\\\/#breadcrumb\",\"itemListElement\":[{\"@type\":\"ListItem\",\"position\":1,\"name\":\"In\u00edcio\",\"item\":\"https:\\\/\\\/acrisure.com.br\\\/insights\\\/\"},{\"@type\":\"ListItem\",\"position\":2,\"name\":\"Principais d\u00favidas sobre Gest\u00e3o de Afastados e o Coronav\u00edrus\"}]},{\"@type\":\"WebSite\",\"@id\":\"https:\\\/\\\/acrisure.com.br\\\/insights\\\/#website\",\"url\":\"https:\\\/\\\/acrisure.com.br\\\/insights\\\/\",\"name\":\"Insights \\\/ Acrisure\",\"description\":\"Portal de Not\u00edcias e Conte\u00fado\",\"potentialAction\":[{\"@type\":\"SearchAction\",\"target\":{\"@type\":\"EntryPoint\",\"urlTemplate\":\"https:\\\/\\\/acrisure.com.br\\\/insights\\\/?s={search_term_string}\"},\"query-input\":{\"@type\":\"PropertyValueSpecification\",\"valueRequired\":true,\"valueName\":\"search_term_string\"}}],\"inLanguage\":\"pt-BR\"},{\"@type\":\"Person\",\"@id\":\"https:\\\/\\\/acrisure.com.br\\\/insights\\\/#\\\/schema\\\/person\\\/ae285068bde2d94bbb6b0692760fb361\",\"name\":\"publishouse\",\"image\":{\"@type\":\"ImageObject\",\"inLanguage\":\"pt-BR\",\"@id\":\"https:\\\/\\\/secure.gravatar.com\\\/avatar\\\/28cbb1595e2bba31bae82123e62ffe5e807440c64f2e05ed85a7bd654289e026?s=96&d=mm&r=g\",\"url\":\"https:\\\/\\\/secure.gravatar.com\\\/avatar\\\/28cbb1595e2bba31bae82123e62ffe5e807440c64f2e05ed85a7bd654289e026?s=96&d=mm&r=g\",\"contentUrl\":\"https:\\\/\\\/secure.gravatar.com\\\/avatar\\\/28cbb1595e2bba31bae82123e62ffe5e807440c64f2e05ed85a7bd654289e026?s=96&d=mm&r=g\",\"caption\":\"publishouse\"},\"sameAs\":[\"https:\\\/\\\/acrisure.com.br\\\/insights\"],\"url\":\"https:\\\/\\\/acrisure.com.br\\\/insights\\\/author\\\/publishouse\\\/\"}]}<\/script>\n<!-- \/ Yoast SEO plugin. -->","yoast_head_json":{"title":"Principais d\u00favidas sobre Gest\u00e3o de Afastados e o Coronav\u00edrus - Insights \/ Acrisure","description":"A gest\u00e3o de afastados e o corona v\u00edrus andam juntos, a primeira \u00e9 essencial para reduzir custos e controlar impactos da covid-19 nas empresas","robots":{"index":"index","follow":"follow","max-snippet":"max-snippet:-1","max-image-preview":"max-image-preview:large","max-video-preview":"max-video-preview:-1"},"canonical":"https:\/\/acrisure.com.br\/insights\/webinar-gestao-de-afastados\/","og_locale":"pt_BR","og_type":"article","og_title":"Principais d\u00favidas sobre Gest\u00e3o de Afastados e o Coronav\u00edrus - Insights \/ Acrisure","og_description":"A gest\u00e3o de afastados e o corona v\u00edrus andam juntos, a primeira \u00e9 essencial para reduzir custos e controlar impactos da covid-19 nas empresas","og_url":"https:\/\/acrisure.com.br\/insights\/webinar-gestao-de-afastados\/","og_site_name":"Insights \/ Acrisure","article_publisher":"https:\/\/www.facebook.com\/itsseg\/","article_published_time":"2021-06-23T22:45:03+00:00","article_modified_time":"2026-02-03T14:42:58+00:00","og_image":[{"width":1920,"height":640,"url":"https:\/\/acrisure.com.br\/insights\/wp-content\/uploads\/turbinar-webinar-gestao-afastados.jpg","type":"image\/jpeg"}],"author":"publishouse","twitter_card":"summary_large_image","twitter_misc":{"Escrito por":"publishouse","Est. tempo de leitura":"5 minutos"},"schema":{"@context":"https:\/\/schema.org","@graph":[{"@type":"Article","@id":"https:\/\/acrisure.com.br\/insights\/webinar-gestao-de-afastados\/#article","isPartOf":{"@id":"https:\/\/acrisure.com.br\/insights\/webinar-gestao-de-afastados\/"},"author":{"name":"publishouse","@id":"https:\/\/acrisure.com.br\/insights\/#\/schema\/person\/ae285068bde2d94bbb6b0692760fb361"},"headline":"Principais d\u00favidas sobre Gest\u00e3o de Afastados e o Coronav\u00edrus","datePublished":"2021-06-23T22:45:03+00:00","dateModified":"2026-02-03T14:42:58+00:00","mainEntityOfPage":{"@id":"https:\/\/acrisure.com.br\/insights\/webinar-gestao-de-afastados\/"},"wordCount":878,"image":{"@id":"https:\/\/acrisure.com.br\/insights\/webinar-gestao-de-afastados\/#primaryimage"},"thumbnailUrl":"https:\/\/acrisure.com.br\/insights\/wp-content\/uploads\/turbinar-webinar-gestao-afastados.jpg","keywords":["RH"],"articleSection":["Gest\u00e3o de afastados"],"inLanguage":"pt-BR"},{"@type":"WebPage","@id":"https:\/\/acrisure.com.br\/insights\/webinar-gestao-de-afastados\/","url":"https:\/\/acrisure.com.br\/insights\/webinar-gestao-de-afastados\/","name":"Principais d\u00favidas sobre Gest\u00e3o de Afastados e o Coronav\u00edrus - Insights \/ Acrisure","isPartOf":{"@id":"https:\/\/acrisure.com.br\/insights\/#website"},"primaryImageOfPage":{"@id":"https:\/\/acrisure.com.br\/insights\/webinar-gestao-de-afastados\/#primaryimage"},"image":{"@id":"https:\/\/acrisure.com.br\/insights\/webinar-gestao-de-afastados\/#primaryimage"},"thumbnailUrl":"https:\/\/acrisure.com.br\/insights\/wp-content\/uploads\/turbinar-webinar-gestao-afastados.jpg","datePublished":"2021-06-23T22:45:03+00:00","dateModified":"2026-02-03T14:42:58+00:00","author":{"@id":"https:\/\/acrisure.com.br\/insights\/#\/schema\/person\/ae285068bde2d94bbb6b0692760fb361"},"description":"A gest\u00e3o de afastados e o corona v\u00edrus andam juntos, a primeira \u00e9 essencial para reduzir custos e controlar impactos da covid-19 nas empresas","breadcrumb":{"@id":"https:\/\/acrisure.com.br\/insights\/webinar-gestao-de-afastados\/#breadcrumb"},"inLanguage":"pt-BR","potentialAction":[{"@type":"ReadAction","target":["https:\/\/acrisure.com.br\/insights\/webinar-gestao-de-afastados\/"]}]},{"@type":"ImageObject","inLanguage":"pt-BR","@id":"https:\/\/acrisure.com.br\/insights\/webinar-gestao-de-afastados\/#primaryimage","url":"https:\/\/acrisure.com.br\/insights\/wp-content\/uploads\/turbinar-webinar-gestao-afastados.jpg","contentUrl":"https:\/\/acrisure.com.br\/insights\/wp-content\/uploads\/turbinar-webinar-gestao-afastados.jpg","width":1920,"height":640,"caption":"Pontos de interroga\u00e7\u00e3o em diferentes formatos e cores"},{"@type":"BreadcrumbList","@id":"https:\/\/acrisure.com.br\/insights\/webinar-gestao-de-afastados\/#breadcrumb","itemListElement":[{"@type":"ListItem","position":1,"name":"In\u00edcio","item":"https:\/\/acrisure.com.br\/insights\/"},{"@type":"ListItem","position":2,"name":"Principais d\u00favidas sobre Gest\u00e3o de Afastados e o Coronav\u00edrus"}]},{"@type":"WebSite","@id":"https:\/\/acrisure.com.br\/insights\/#website","url":"https:\/\/acrisure.com.br\/insights\/","name":"Insights \/ Acrisure","description":"Portal de Not\u00edcias e Conte\u00fado","potentialAction":[{"@type":"SearchAction","target":{"@type":"EntryPoint","urlTemplate":"https:\/\/acrisure.com.br\/insights\/?s={search_term_string}"},"query-input":{"@type":"PropertyValueSpecification","valueRequired":true,"valueName":"search_term_string"}}],"inLanguage":"pt-BR"},{"@type":"Person","@id":"https:\/\/acrisure.com.br\/insights\/#\/schema\/person\/ae285068bde2d94bbb6b0692760fb361","name":"publishouse","image":{"@type":"ImageObject","inLanguage":"pt-BR","@id":"https:\/\/secure.gravatar.com\/avatar\/28cbb1595e2bba31bae82123e62ffe5e807440c64f2e05ed85a7bd654289e026?s=96&d=mm&r=g","url":"https:\/\/secure.gravatar.com\/avatar\/28cbb1595e2bba31bae82123e62ffe5e807440c64f2e05ed85a7bd654289e026?s=96&d=mm&r=g","contentUrl":"https:\/\/secure.gravatar.com\/avatar\/28cbb1595e2bba31bae82123e62ffe5e807440c64f2e05ed85a7bd654289e026?s=96&d=mm&r=g","caption":"publishouse"},"sameAs":["https:\/\/acrisure.com.br\/insights"],"url":"https:\/\/acrisure.com.br\/insights\/author\/publishouse\/"}]}},"_links":{"self":[{"href":"https:\/\/acrisure.com.br\/insights\/wp-json\/wp\/v2\/posts\/3105","targetHints":{"allow":["GET"]}}],"collection":[{"href":"https:\/\/acrisure.com.br\/insights\/wp-json\/wp\/v2\/posts"}],"about":[{"href":"https:\/\/acrisure.com.br\/insights\/wp-json\/wp\/v2\/types\/post"}],"author":[{"embeddable":true,"href":"https:\/\/acrisure.com.br\/insights\/wp-json\/wp\/v2\/users\/1"}],"replies":[{"embeddable":true,"href":"https:\/\/acrisure.com.br\/insights\/wp-json\/wp\/v2\/comments?post=3105"}],"version-history":[{"count":11,"href":"https:\/\/acrisure.com.br\/insights\/wp-json\/wp\/v2\/posts\/3105\/revisions"}],"predecessor-version":[{"id":19832,"href":"https:\/\/acrisure.com.br\/insights\/wp-json\/wp\/v2\/posts\/3105\/revisions\/19832"}],"wp:featuredmedia":[{"embeddable":true,"href":"https:\/\/acrisure.com.br\/insights\/wp-json\/wp\/v2\/media\/3107"}],"wp:attachment":[{"href":"https:\/\/acrisure.com.br\/insights\/wp-json\/wp\/v2\/media?parent=3105"}],"wp:term":[{"taxonomy":"category","embeddable":true,"href":"https:\/\/acrisure.com.br\/insights\/wp-json\/wp\/v2\/categories?post=3105"},{"taxonomy":"post_tag","embeddable":true,"href":"https:\/\/acrisure.com.br\/insights\/wp-json\/wp\/v2\/tags?post=3105"}],"curies":[{"name":"wp","href":"https:\/\/api.w.org\/{rel}","templated":true}]}}