{"id":3723,"date":"2023-05-04T08:46:03","date_gmt":"2023-05-04T11:46:03","guid":{"rendered":"https:\/\/acrisure.com.br\/insights\/?p=3723"},"modified":"2023-05-30T20:05:39","modified_gmt":"2023-05-30T23:05:39","slug":"neurodiversidade-nas-empresas","status":"publish","type":"post","link":"https:\/\/acrisure.com.br\/insights\/neurodiversidade-nas-empresas\/","title":{"rendered":"Neurodiversidade ganha espa\u00e7o, mas inclus\u00e3o segue limitada nas empresas"},"content":{"rendered":"<p>[et_pb_section fb_built=&#8221;1&#8243; admin_label=&#8221;Post&#8221; _builder_version=&#8221;4.20.0&#8243; custom_padding=&#8221;0px||0px||false|false&#8221; global_colors_info=&#8221;{}&#8221;][et_pb_row admin_label=&#8221;Post&#8221; _builder_version=&#8221;4.19.4&#8243; background_size=&#8221;initial&#8221; background_position=&#8221;top_left&#8221; background_repeat=&#8221;repeat&#8221; width=&#8221;100%&#8221; custom_padding=&#8221;0px||0px||false|false&#8221; global_colors_info=&#8221;{}&#8221;][et_pb_column type=&#8221;4_4&#8243; _builder_version=&#8221;4.16&#8243; custom_padding=&#8221;|||&#8221; global_colors_info=&#8221;{}&#8221; custom_padding__hover=&#8221;|||&#8221;][et_pb_text admin_label=&#8221;Conte\u00fado&#8221; _builder_version=&#8221;4.20.0&#8243; _module_preset=&#8221;default&#8221; text_letter_spacing=&#8221;1px&#8221; custom_margin=&#8221;||||false|false&#8221; global_colors_info=&#8221;{}&#8221;]<\/p>\n<p>A ascens\u00e3o da pauta ESG, sigla para gest\u00e3o socioambiental e governan\u00e7a, tem levado a um crescimento de pol\u00edticas de inclus\u00e3o nas empresas brasileiras. No entanto, a neurodiversidade, que engloba profissionais autistas ou com outras neurodiverg\u00eancias,\u00a0<strong>ainda \u00e9 pouco debatida<\/strong>\u00a0no ambiente corporativo.<\/p>\n<blockquote>\n<p>\u201c\u00c9 um tema que, no Brasil, est\u00e1 atrasado. A gente j\u00e1 deveria estar falando sobre a neurodiversidade h\u00e1 algum tempo\u201d, afirma Christine da Silva Schr\u00f6eder, professora assistente na Universidade Federal do Rio Grande do Sul e profissional neurodivergente.<\/p>\n<\/blockquote>\n<h2>O que \u00e9 a neurodiversidade?<\/h2>\n<pre>\u00a0<\/pre>\n<p>O conceito de \u201cneurodiversidade\u201d, criado pela soci\u00f3loga australiana Judy Singer, \u00e9 usado para definir a varia\u00e7\u00e3o neurocognitiva natural presente na sociedade. J\u00e1 o termo \u201cneurodivergente\u201d \u00e9 usado para definir uma pessoa cujo funcionamento mental diverge dos padr\u00f5es ou expectativas.<\/p>\n<blockquote>\n<p>\u201c\u00c9 uma diferen\u00e7a entre os c\u00e9rebros humanos. N\u00e3o \u00e9 necessariamente uma defici\u00eancia, \u00e9 apenas uma caracter\u00edstica\u201d, explica Christine.<\/p>\n<\/blockquote>\n<p>Dentro dessa grande variabilidade neurol\u00f3gica, existem condi\u00e7\u00f5es que s\u00e3o mais pr\u00f3ximas dos padr\u00f5es e\u00a0<strong>as que s\u00e3o at\u00edpicas<\/strong>\u00a0\u2014 como\u00a0 autismo (TEA), dislexia, dispraxia, TDAH (d\u00e9ficit de aten\u00e7\u00e3o com hiperatividade), TOC (espectro obsessivo compulsivo) e s\u00edndrome de Tourette.\u00a0<\/p>\n<h3><b>Neurodiversidade no ambiente de trabalho<\/b><\/h3>\n<pre>\u00a0<\/pre>\n<p>Nas empresas, essa multiplicidade \u00e9 valiosa: \u201cInvestir na neurodiversidade \u00e9 investir na constru\u00e7\u00e3o de\u00a0<strong>uma organiza\u00e7\u00e3o mais preparada<\/strong>\u00a0para o di\u00e1logo, coopera\u00e7\u00e3o, inova\u00e7\u00e3o e criatividade\u201d, afirma Fernando Mantovani, diretor-geral da companhia de recursos humanos Robert Half, em seu artigo no LinkedIn.<\/p>\n<p>Segundo Christine, os autistas se tornaram protagonistas da discuss\u00e3o sobre este tema nas empresas. Por\u00e9m, mesmo para eles, os \u00edndices de empregabilidade ainda s\u00e3o baixos.\u00a0<a href=\"https:\/\/epocanegocios.globo.com\/colunas\/Diversifique-se\/noticia\/2019\/11\/85-das-pessoas-no-espectro-autista-estao-fora-do-mercado-de-trabalho.html\" target=\"_blank\" rel=\"noopener\">Estima-se que somente 15% dos adultos do grupo t\u00eam empregos<\/a>, apesar de serem contemplados pela Lei de Cotas (Lei n\u00ba 8.213\/91). Essa norma define uma porcentagem m\u00ednima de cargos reservados para PCDs (pessoas com defici\u00eancia) de acordo com o tamanho da companhia.<\/p>\n<p>A resist\u00eancia \u00e0s contrata\u00e7\u00f5es de profissionais neurodivergentes se deve, principalmente,\u00a0<a href=\"https:\/\/www.linkedin.com\/posts\/janainalmoreira_tenho-lido-com-recorr%C3%AAncia-relatos-de-processos-activity-6948782411086221312-afFW?utm_source=share&amp;utm_medium=member_desktop\" target=\"_blank\" rel=\"noopener\">\u00e0 falta de prepara\u00e7\u00e3o das empresas para receber o grupo.<\/a>\u00a0Segundo J\u00e9ssica Sim\u00f5es, cofundadora da assessoria de marketing Aster e profissional com TDAH, a falta de conhecimento sobre neurodiversidade \u00e9 uma das principais dificuldades das pessoas neurodivergentes no mercado de trabalho.<\/p>\n<blockquote>\n<p>\u201cProfissionais com TDAH, na maioria das vezes, s\u00e3o avaliados como pessoas pregui\u00e7osas, que n\u00e3o respeitam regras e prazos de entregas, que t\u00eam dificuldade com processos e hierarquias. Mas, na verdade, a nossa maneira de trabalhar e pensar \u00e9 apenas diferente.\u201d\u00a0<\/p>\n<\/blockquote>\n<h4><b>Praticando a inclus\u00e3o<\/b><\/h4>\n<pre>\u00a0<\/pre>\n<p>Os aspectos t\u00e9cnicos, emocionais e sociais dessas pessoas devem ser levados em conta no momento de recrutamento e sele\u00e7\u00e3o de candidatos. Processos seletivos com as tradicionais din\u00e2micas em grupos tendem a favorecer pessoas falantes e soci\u00e1veis, o que pode ser\u00a0<strong>um desafio para indiv\u00edduos neurodivergentes.<\/strong>\u00a0Mapear e suprir as necessidades de cada candidato com din\u00e2micas individuais e menos exposi\u00e7\u00e3o torna a admiss\u00e3o mais acolhedora.<\/p>\n<p>Ap\u00f3s a contrata\u00e7\u00e3o, oferecer recursos e suporte adequados aos desafios adicionais que o funcion\u00e1rio pode enfrentar tamb\u00e9m \u00e9 uma forma de apoiar a neurodiversidade.<\/p>\n<blockquote>\n<p>\u201cCada pessoa vai exigir uma adapta\u00e7\u00e3o diferente\u201d, explica Christine. \u201cO que funciona para pessoas autistas, por exemplo, pode n\u00e3o funcionar bem para pessoas com alguma outra caracter\u00edstica.\u201d<\/p>\n<\/blockquote>\n<p>A pesquisadora tamb\u00e9m sugere a revis\u00e3o de benef\u00edcios corporativos e a oferta de um plano de sa\u00fade com cl\u00ednicas que possuam experi\u00eancia no atendimento de neurodivergentes.<\/p>\n<h4><b>Mudan\u00e7a de paradigma<\/b><\/h4>\n<pre>\u00a0<\/pre>\n<p>Para a pesquisadora, o investimento em conscientiza\u00e7\u00e3o e acolhimento \u00e9 essencial para a virada de chave sobre a neurodiversidade no mundo corporativo. O acesso a informa\u00e7\u00f5es corretas \u2014 por meio de workshops e palestras \u2014 ajuda a quebrar estigmas sobre as pessoas neurodivergentes, al\u00e9m de preparar as equipes para incluir novos funcion\u00e1rios.<\/p>\n<p>J\u00e1 para as lideran\u00e7as, a pesquisadora recomenda<strong>\u00a0treinamentos mais aprofundados,<\/strong>\u00a0que os capacitem para compreender as caracter\u00edsticas de cada funcion\u00e1rio e, assim, aprimorem suas habilidades na gest\u00e3o de equipes. No entanto, embora essas iniciativas sejam importantes, J\u00e9ssica ressalta a import\u00e2ncia de que \u201csejam complementadas por outras a\u00e7\u00f5es para garantir que a inclus\u00e3o ocorra\u00a0<strong>em todos os n\u00edveis e em todas as \u00e1reas<\/strong>\u00a0da organiza\u00e7\u00e3o\u201d.\u00a0<\/p>\n<p>[\/et_pb_text][\/et_pb_column][\/et_pb_row][\/et_pb_section]<\/p>\n","protected":false},"excerpt":{"rendered":"<p>Enquanto o debate sobre neurodivergentes ganha f\u00f4lego no mercado de trabalho, a empregabilidade desses profissionais continua baixa.<\/p>\n","protected":false},"author":1,"featured_media":3725,"comment_status":"closed","ping_status":"open","sticky":false,"template":"","format":"standard","meta":{"_et_pb_use_builder":"on","_et_pb_old_content":"","_et_gb_content_width":"","footnotes":"","_links_to":"","_links_to_target":""},"categories":[25],"tags":[9],"class_list":["post-3723","post","type-post","status-publish","format-standard","has-post-thumbnail","hentry","category-gestao-de-pessoas","tag-rh"],"yoast_head":"<!-- This site is optimized with the Yoast SEO plugin v27.4 - https:\/\/yoast.com\/product\/yoast-seo-wordpress\/ -->\n<title>Neurodiversidade ganha espa\u00e7o, mas inclus\u00e3o segue limitada<\/title>\n<meta name=\"description\" content=\"Enquanto o debate sobre neurodiversidade ganha f\u00f4lego no mercado de trabalho, a empregabilidade desses profissionais continua baixa.\" \/>\n<meta name=\"robots\" content=\"index, follow, max-snippet:-1, max-image-preview:large, max-video-preview:-1\" \/>\n<link rel=\"canonical\" href=\"https:\/\/acrisure.com.br\/insights\/neurodiversidade-nas-empresas\/\" \/>\n<meta property=\"og:locale\" content=\"pt_BR\" \/>\n<meta property=\"og:type\" content=\"article\" \/>\n<meta property=\"og:title\" content=\"Neurodiversidade ganha espa\u00e7o, mas inclus\u00e3o segue limitada\" \/>\n<meta property=\"og:description\" content=\"Enquanto o debate sobre neurodiversidade ganha f\u00f4lego no mercado de trabalho, a empregabilidade desses profissionais continua baixa.\" \/>\n<meta property=\"og:url\" content=\"https:\/\/acrisure.com.br\/insights\/neurodiversidade-nas-empresas\/\" \/>\n<meta property=\"og:site_name\" content=\"Insights \/ Acrisure\" \/>\n<meta property=\"article:publisher\" content=\"https:\/\/www.facebook.com\/itsseg\/\" \/>\n<meta property=\"article:published_time\" content=\"2023-05-04T11:46:03+00:00\" \/>\n<meta property=\"article:modified_time\" content=\"2023-05-30T23:05:39+00:00\" \/>\n<meta property=\"og:image\" content=\"https:\/\/acrisure.com.br\/insights\/wp-content\/uploads\/neuro.jpg\" \/>\n\t<meta property=\"og:image:width\" content=\"1920\" \/>\n\t<meta property=\"og:image:height\" content=\"677\" \/>\n\t<meta property=\"og:image:type\" content=\"image\/jpeg\" \/>\n<meta name=\"author\" content=\"publishouse\" \/>\n<meta name=\"twitter:card\" content=\"summary_large_image\" \/>\n<meta name=\"twitter:label1\" content=\"Escrito por\" \/>\n\t<meta name=\"twitter:data1\" content=\"publishouse\" \/>\n\t<meta name=\"twitter:label2\" content=\"Est. tempo de leitura\" \/>\n\t<meta name=\"twitter:data2\" content=\"4 minutos\" \/>\n<script type=\"application\/ld+json\" class=\"yoast-schema-graph\">{\"@context\":\"https:\\\/\\\/schema.org\",\"@graph\":[{\"@type\":\"Article\",\"@id\":\"https:\\\/\\\/acrisure.com.br\\\/insights\\\/neurodiversidade-nas-empresas\\\/#article\",\"isPartOf\":{\"@id\":\"https:\\\/\\\/acrisure.com.br\\\/insights\\\/neurodiversidade-nas-empresas\\\/\"},\"author\":{\"name\":\"publishouse\",\"@id\":\"https:\\\/\\\/acrisure.com.br\\\/insights\\\/#\\\/schema\\\/person\\\/ae285068bde2d94bbb6b0692760fb361\"},\"headline\":\"Neurodiversidade ganha espa\u00e7o, mas inclus\u00e3o segue limitada nas empresas\",\"datePublished\":\"2023-05-04T11:46:03+00:00\",\"dateModified\":\"2023-05-30T23:05:39+00:00\",\"mainEntityOfPage\":{\"@id\":\"https:\\\/\\\/acrisure.com.br\\\/insights\\\/neurodiversidade-nas-empresas\\\/\"},\"wordCount\":816,\"image\":{\"@id\":\"https:\\\/\\\/acrisure.com.br\\\/insights\\\/neurodiversidade-nas-empresas\\\/#primaryimage\"},\"thumbnailUrl\":\"https:\\\/\\\/acrisure.com.br\\\/insights\\\/wp-content\\\/uploads\\\/neuro.jpg\",\"keywords\":[\"RH\"],\"articleSection\":[\"Gest\u00e3o de pessoas\"],\"inLanguage\":\"pt-BR\"},{\"@type\":\"WebPage\",\"@id\":\"https:\\\/\\\/acrisure.com.br\\\/insights\\\/neurodiversidade-nas-empresas\\\/\",\"url\":\"https:\\\/\\\/acrisure.com.br\\\/insights\\\/neurodiversidade-nas-empresas\\\/\",\"name\":\"Neurodiversidade ganha espa\u00e7o, mas inclus\u00e3o segue limitada\",\"isPartOf\":{\"@id\":\"https:\\\/\\\/acrisure.com.br\\\/insights\\\/#website\"},\"primaryImageOfPage\":{\"@id\":\"https:\\\/\\\/acrisure.com.br\\\/insights\\\/neurodiversidade-nas-empresas\\\/#primaryimage\"},\"image\":{\"@id\":\"https:\\\/\\\/acrisure.com.br\\\/insights\\\/neurodiversidade-nas-empresas\\\/#primaryimage\"},\"thumbnailUrl\":\"https:\\\/\\\/acrisure.com.br\\\/insights\\\/wp-content\\\/uploads\\\/neuro.jpg\",\"datePublished\":\"2023-05-04T11:46:03+00:00\",\"dateModified\":\"2023-05-30T23:05:39+00:00\",\"author\":{\"@id\":\"https:\\\/\\\/acrisure.com.br\\\/insights\\\/#\\\/schema\\\/person\\\/ae285068bde2d94bbb6b0692760fb361\"},\"description\":\"Enquanto o debate sobre neurodiversidade ganha f\u00f4lego no mercado de trabalho, a empregabilidade desses profissionais continua baixa.\",\"breadcrumb\":{\"@id\":\"https:\\\/\\\/acrisure.com.br\\\/insights\\\/neurodiversidade-nas-empresas\\\/#breadcrumb\"},\"inLanguage\":\"pt-BR\",\"potentialAction\":[{\"@type\":\"ReadAction\",\"target\":[\"https:\\\/\\\/acrisure.com.br\\\/insights\\\/neurodiversidade-nas-empresas\\\/\"]}]},{\"@type\":\"ImageObject\",\"inLanguage\":\"pt-BR\",\"@id\":\"https:\\\/\\\/acrisure.com.br\\\/insights\\\/neurodiversidade-nas-empresas\\\/#primaryimage\",\"url\":\"https:\\\/\\\/acrisure.com.br\\\/insights\\\/wp-content\\\/uploads\\\/neuro.jpg\",\"contentUrl\":\"https:\\\/\\\/acrisure.com.br\\\/insights\\\/wp-content\\\/uploads\\\/neuro.jpg\",\"width\":1920,\"height\":677,\"caption\":\"Silhueta de cabe\u00e7as humanas diferentes com engrenagem em fundo azul\"},{\"@type\":\"BreadcrumbList\",\"@id\":\"https:\\\/\\\/acrisure.com.br\\\/insights\\\/neurodiversidade-nas-empresas\\\/#breadcrumb\",\"itemListElement\":[{\"@type\":\"ListItem\",\"position\":1,\"name\":\"In\u00edcio\",\"item\":\"https:\\\/\\\/acrisure.com.br\\\/insights\\\/\"},{\"@type\":\"ListItem\",\"position\":2,\"name\":\"Neurodiversidade ganha espa\u00e7o, mas inclus\u00e3o segue limitada nas empresas\"}]},{\"@type\":\"WebSite\",\"@id\":\"https:\\\/\\\/acrisure.com.br\\\/insights\\\/#website\",\"url\":\"https:\\\/\\\/acrisure.com.br\\\/insights\\\/\",\"name\":\"Insights \\\/ Acrisure\",\"description\":\"Portal de Not\u00edcias e Conte\u00fado\",\"potentialAction\":[{\"@type\":\"SearchAction\",\"target\":{\"@type\":\"EntryPoint\",\"urlTemplate\":\"https:\\\/\\\/acrisure.com.br\\\/insights\\\/?s={search_term_string}\"},\"query-input\":{\"@type\":\"PropertyValueSpecification\",\"valueRequired\":true,\"valueName\":\"search_term_string\"}}],\"inLanguage\":\"pt-BR\"},{\"@type\":\"Person\",\"@id\":\"https:\\\/\\\/acrisure.com.br\\\/insights\\\/#\\\/schema\\\/person\\\/ae285068bde2d94bbb6b0692760fb361\",\"name\":\"publishouse\",\"image\":{\"@type\":\"ImageObject\",\"inLanguage\":\"pt-BR\",\"@id\":\"https:\\\/\\\/secure.gravatar.com\\\/avatar\\\/28cbb1595e2bba31bae82123e62ffe5e807440c64f2e05ed85a7bd654289e026?s=96&d=mm&r=g\",\"url\":\"https:\\\/\\\/secure.gravatar.com\\\/avatar\\\/28cbb1595e2bba31bae82123e62ffe5e807440c64f2e05ed85a7bd654289e026?s=96&d=mm&r=g\",\"contentUrl\":\"https:\\\/\\\/secure.gravatar.com\\\/avatar\\\/28cbb1595e2bba31bae82123e62ffe5e807440c64f2e05ed85a7bd654289e026?s=96&d=mm&r=g\",\"caption\":\"publishouse\"},\"sameAs\":[\"https:\\\/\\\/acrisure.com.br\\\/insights\"],\"url\":\"https:\\\/\\\/acrisure.com.br\\\/insights\\\/author\\\/publishouse\\\/\"}]}<\/script>\n<!-- \/ Yoast SEO plugin. -->","yoast_head_json":{"title":"Neurodiversidade ganha espa\u00e7o, mas inclus\u00e3o segue limitada","description":"Enquanto o debate sobre neurodiversidade ganha f\u00f4lego no mercado de trabalho, a empregabilidade desses profissionais continua baixa.","robots":{"index":"index","follow":"follow","max-snippet":"max-snippet:-1","max-image-preview":"max-image-preview:large","max-video-preview":"max-video-preview:-1"},"canonical":"https:\/\/acrisure.com.br\/insights\/neurodiversidade-nas-empresas\/","og_locale":"pt_BR","og_type":"article","og_title":"Neurodiversidade ganha espa\u00e7o, mas inclus\u00e3o segue limitada","og_description":"Enquanto o debate sobre neurodiversidade ganha f\u00f4lego no mercado de trabalho, a empregabilidade desses profissionais continua baixa.","og_url":"https:\/\/acrisure.com.br\/insights\/neurodiversidade-nas-empresas\/","og_site_name":"Insights \/ Acrisure","article_publisher":"https:\/\/www.facebook.com\/itsseg\/","article_published_time":"2023-05-04T11:46:03+00:00","article_modified_time":"2023-05-30T23:05:39+00:00","og_image":[{"width":1920,"height":677,"url":"https:\/\/acrisure.com.br\/insights\/wp-content\/uploads\/neuro.jpg","type":"image\/jpeg"}],"author":"publishouse","twitter_card":"summary_large_image","twitter_misc":{"Escrito por":"publishouse","Est. tempo de leitura":"4 minutos"},"schema":{"@context":"https:\/\/schema.org","@graph":[{"@type":"Article","@id":"https:\/\/acrisure.com.br\/insights\/neurodiversidade-nas-empresas\/#article","isPartOf":{"@id":"https:\/\/acrisure.com.br\/insights\/neurodiversidade-nas-empresas\/"},"author":{"name":"publishouse","@id":"https:\/\/acrisure.com.br\/insights\/#\/schema\/person\/ae285068bde2d94bbb6b0692760fb361"},"headline":"Neurodiversidade ganha espa\u00e7o, mas inclus\u00e3o segue limitada nas empresas","datePublished":"2023-05-04T11:46:03+00:00","dateModified":"2023-05-30T23:05:39+00:00","mainEntityOfPage":{"@id":"https:\/\/acrisure.com.br\/insights\/neurodiversidade-nas-empresas\/"},"wordCount":816,"image":{"@id":"https:\/\/acrisure.com.br\/insights\/neurodiversidade-nas-empresas\/#primaryimage"},"thumbnailUrl":"https:\/\/acrisure.com.br\/insights\/wp-content\/uploads\/neuro.jpg","keywords":["RH"],"articleSection":["Gest\u00e3o de pessoas"],"inLanguage":"pt-BR"},{"@type":"WebPage","@id":"https:\/\/acrisure.com.br\/insights\/neurodiversidade-nas-empresas\/","url":"https:\/\/acrisure.com.br\/insights\/neurodiversidade-nas-empresas\/","name":"Neurodiversidade ganha espa\u00e7o, mas inclus\u00e3o segue limitada","isPartOf":{"@id":"https:\/\/acrisure.com.br\/insights\/#website"},"primaryImageOfPage":{"@id":"https:\/\/acrisure.com.br\/insights\/neurodiversidade-nas-empresas\/#primaryimage"},"image":{"@id":"https:\/\/acrisure.com.br\/insights\/neurodiversidade-nas-empresas\/#primaryimage"},"thumbnailUrl":"https:\/\/acrisure.com.br\/insights\/wp-content\/uploads\/neuro.jpg","datePublished":"2023-05-04T11:46:03+00:00","dateModified":"2023-05-30T23:05:39+00:00","author":{"@id":"https:\/\/acrisure.com.br\/insights\/#\/schema\/person\/ae285068bde2d94bbb6b0692760fb361"},"description":"Enquanto o debate sobre neurodiversidade ganha f\u00f4lego no mercado de trabalho, a empregabilidade desses profissionais continua baixa.","breadcrumb":{"@id":"https:\/\/acrisure.com.br\/insights\/neurodiversidade-nas-empresas\/#breadcrumb"},"inLanguage":"pt-BR","potentialAction":[{"@type":"ReadAction","target":["https:\/\/acrisure.com.br\/insights\/neurodiversidade-nas-empresas\/"]}]},{"@type":"ImageObject","inLanguage":"pt-BR","@id":"https:\/\/acrisure.com.br\/insights\/neurodiversidade-nas-empresas\/#primaryimage","url":"https:\/\/acrisure.com.br\/insights\/wp-content\/uploads\/neuro.jpg","contentUrl":"https:\/\/acrisure.com.br\/insights\/wp-content\/uploads\/neuro.jpg","width":1920,"height":677,"caption":"Silhueta de cabe\u00e7as humanas diferentes com engrenagem em fundo azul"},{"@type":"BreadcrumbList","@id":"https:\/\/acrisure.com.br\/insights\/neurodiversidade-nas-empresas\/#breadcrumb","itemListElement":[{"@type":"ListItem","position":1,"name":"In\u00edcio","item":"https:\/\/acrisure.com.br\/insights\/"},{"@type":"ListItem","position":2,"name":"Neurodiversidade ganha espa\u00e7o, mas inclus\u00e3o segue limitada nas empresas"}]},{"@type":"WebSite","@id":"https:\/\/acrisure.com.br\/insights\/#website","url":"https:\/\/acrisure.com.br\/insights\/","name":"Insights \/ Acrisure","description":"Portal de Not\u00edcias e Conte\u00fado","potentialAction":[{"@type":"SearchAction","target":{"@type":"EntryPoint","urlTemplate":"https:\/\/acrisure.com.br\/insights\/?s={search_term_string}"},"query-input":{"@type":"PropertyValueSpecification","valueRequired":true,"valueName":"search_term_string"}}],"inLanguage":"pt-BR"},{"@type":"Person","@id":"https:\/\/acrisure.com.br\/insights\/#\/schema\/person\/ae285068bde2d94bbb6b0692760fb361","name":"publishouse","image":{"@type":"ImageObject","inLanguage":"pt-BR","@id":"https:\/\/secure.gravatar.com\/avatar\/28cbb1595e2bba31bae82123e62ffe5e807440c64f2e05ed85a7bd654289e026?s=96&d=mm&r=g","url":"https:\/\/secure.gravatar.com\/avatar\/28cbb1595e2bba31bae82123e62ffe5e807440c64f2e05ed85a7bd654289e026?s=96&d=mm&r=g","contentUrl":"https:\/\/secure.gravatar.com\/avatar\/28cbb1595e2bba31bae82123e62ffe5e807440c64f2e05ed85a7bd654289e026?s=96&d=mm&r=g","caption":"publishouse"},"sameAs":["https:\/\/acrisure.com.br\/insights"],"url":"https:\/\/acrisure.com.br\/insights\/author\/publishouse\/"}]}},"_links":{"self":[{"href":"https:\/\/acrisure.com.br\/insights\/wp-json\/wp\/v2\/posts\/3723","targetHints":{"allow":["GET"]}}],"collection":[{"href":"https:\/\/acrisure.com.br\/insights\/wp-json\/wp\/v2\/posts"}],"about":[{"href":"https:\/\/acrisure.com.br\/insights\/wp-json\/wp\/v2\/types\/post"}],"author":[{"embeddable":true,"href":"https:\/\/acrisure.com.br\/insights\/wp-json\/wp\/v2\/users\/1"}],"replies":[{"embeddable":true,"href":"https:\/\/acrisure.com.br\/insights\/wp-json\/wp\/v2\/comments?post=3723"}],"version-history":[{"count":5,"href":"https:\/\/acrisure.com.br\/insights\/wp-json\/wp\/v2\/posts\/3723\/revisions"}],"predecessor-version":[{"id":4780,"href":"https:\/\/acrisure.com.br\/insights\/wp-json\/wp\/v2\/posts\/3723\/revisions\/4780"}],"wp:featuredmedia":[{"embeddable":true,"href":"https:\/\/acrisure.com.br\/insights\/wp-json\/wp\/v2\/media\/3725"}],"wp:attachment":[{"href":"https:\/\/acrisure.com.br\/insights\/wp-json\/wp\/v2\/media?parent=3723"}],"wp:term":[{"taxonomy":"category","embeddable":true,"href":"https:\/\/acrisure.com.br\/insights\/wp-json\/wp\/v2\/categories?post=3723"},{"taxonomy":"post_tag","embeddable":true,"href":"https:\/\/acrisure.com.br\/insights\/wp-json\/wp\/v2\/tags?post=3723"}],"curies":[{"name":"wp","href":"https:\/\/api.w.org\/{rel}","templated":true}]}}