{"id":4570,"date":"2018-01-12T23:21:33","date_gmt":"2018-01-13T01:21:33","guid":{"rendered":"https:\/\/acrisure.com.br\/insights\/?p=4570"},"modified":"2026-02-03T11:29:43","modified_gmt":"2026-02-03T14:29:43","slug":"febre-amarela-vacinacao-fracionada-comeca-no-proximo-mes","status":"publish","type":"post","link":"https:\/\/acrisure.com.br\/insights\/febre-amarela-vacinacao-fracionada-comeca-no-proximo-mes\/","title":{"rendered":"Febre amarela: vacina\u00e7\u00e3o fracionada come\u00e7a no pr\u00f3ximo m\u00eas"},"content":{"rendered":"<p>[et_pb_section fb_built=&#8221;1&#8243; admin_label=&#8221;Post&#8221; _builder_version=&#8221;4.20.0&#8243; custom_padding=&#8221;0px||0px||false|false&#8221; global_colors_info=&#8221;{}&#8221;][et_pb_row admin_label=&#8221;Post&#8221; _builder_version=&#8221;4.19.4&#8243; background_size=&#8221;initial&#8221; background_position=&#8221;top_left&#8221; background_repeat=&#8221;repeat&#8221; width=&#8221;100%&#8221; custom_padding=&#8221;0px||0px||false|false&#8221; global_colors_info=&#8221;{}&#8221;][et_pb_column type=&#8221;4_4&#8243; _builder_version=&#8221;4.16&#8243; custom_padding=&#8221;|||&#8221; global_colors_info=&#8221;{}&#8221; custom_padding__hover=&#8221;|||&#8221;][et_pb_text admin_label=&#8221;Conte\u00fado&#8221; _builder_version=&#8221;4.21.0&#8243; _module_preset=&#8221;default&#8221; text_letter_spacing=&#8221;1px&#8221; custom_margin=&#8221;||||false|false&#8221; global_colors_info=&#8221;{}&#8221;]<\/p>\n<div class=\"et_pb_text et_pb_module et_pb_bg_layout_light et_pb_text_align_left et_pb_text_2\">\n<p>Adotado por outros pa\u00edses que passaram pela mesma situa\u00e7\u00e3o, o fracionamento \u00e9 uma estrat\u00e9gia de imuniza\u00e7\u00e3o segura contra <a href=\"https:\/\/acrisure.com.br\/\" target=\"_blank\" rel=\"noopener\">febre amarela<\/a>, recomendada pela Organiza\u00e7\u00e3o Mundial da Sa\u00fade (OMS), que garante a cobertura r\u00e1pida, sem comprometer os estoques. O objetivo \u00e9 evitar que o surto de 2017 se repita.<\/p>\n<p>Inicialmente, apenas os estados de S\u00e3o Paulo, Rio de Janeiro e Bahia aplicar\u00e3o doses fracionadas entre os meses de fevereiro e mar\u00e7o deste ano. Os demais estados continuam aplicando a dose \u00fanica.<\/p>\n<p style=\"color: #495358; font-size: 22px; font-weight: bold;\">O que mudou na vacina?<\/p>\n<p>A vacina \u00e9 a mesma, a diferen\u00e7a \u00e9 que a dose fracionada cont\u00e9m 0,1 ml do soro, isso \u00e9 1\/5 da dose padr\u00e3o. Quem recebe essa dose, fica imunizado por menos tempo \u2013 8 anos segundo estudos do Instituto de Tecnologia em Imunobiol\u00f3gicos (Biomanguinhos\/Fiocruz), acompanhados pelo Minist\u00e9rio da Sa\u00fade.<\/p>\n<p>Desde 2014 a OMS recomenda a dose \u00fanica, mas essa recomenda\u00e7\u00e3o s\u00f3 foi adotada pelo Brasil em 2017, ap\u00f3s o in\u00edcio do surto que atingiu estados em que a vacina\u00e7\u00e3o n\u00e3o era obrigat\u00f3ria. Antes disso, a imuniza\u00e7\u00e3o completa era feita por duas doses com intervalo de 10 anos.<\/p>\n<p style=\"color: #495358; font-size: 22px; font-weight: bold;\">Quem precisa tomar a vacina?<\/p>\n<p>Quem j\u00e1 recebeu a dose \u00fanica, est\u00e1 imunizado por toda a vida. A vacina\u00e7\u00e3o fracionada \u00e9 recomendada para pessoas a partir dos dois anos. Quem receber a dose fracionada ter\u00e1 um selo diferente na carteira de vacina\u00e7\u00e3o e precisar\u00e1 se vacinar novamente.<\/p>\n<p>Crian\u00e7as entre 9 meses e 2 anos, gestantes, lactantes, portadores do v\u00edrus HIV, pacientes no final do tratamento com quimioterapia ou com imunossupress\u00e3o devem receber a dose \u00fanica e com recomenda\u00e7\u00e3o m\u00e9dica. Pessoas com viagem marcada para pa\u00edses que exigem o certificado internacional de vacina\u00e7\u00e3o recebem a dose \u00fanica. A vacina \u00e9 contraindicada para pessoas com c\u00e2ncer e rea\u00e7\u00e3o al\u00e9rgica grave \u00e0 prote\u00edna do ovo.<\/p>\n<p>Quem recebe a vacina, independente da dosagem, n\u00e3o pode doar sangue nas 4 semanas seguintes. Se voc\u00ea deseja doar, procure um hemocentro antes de se vacinar.<\/p>\n<p style=\"color: #495358; font-size: 22px; font-weight: bold;\">Quais as \u00e1reas de risco?<\/p>\n<p>Atualmente a vacina \u00e9 recomendada para estados: Acre, Amazonas, Amap\u00e1, Par\u00e1, Rond\u00f4nia, Roraima, Tocantins, Distrito Federal, Goi\u00e1s, Mato Grosso do Sul, Mato Grosso, Bahia, Maranh\u00e3o, Piau\u00ed, Minas Gerais, Esp\u00edrito Santo, S\u00e3o Paulo, Rio de Janeiro, Paran\u00e1, Rio Grande do Sul e Santa Catarina. Quem mora ou for viajar para algum desses estados, deve se vacinar.<\/p>\n<\/div>\n<p>[\/et_pb_text][\/et_pb_column][\/et_pb_row][\/et_pb_section]<\/p>\n","protected":false},"excerpt":{"rendered":"<p>Com o aumento dos casos da doen\u00e7a no pa\u00eds, entre fevereiro e mar\u00e7o os estados de S\u00e3o Paulo, Rio de Janeiro e Bahia receber\u00e3o a vacina\u00e7\u00e3o fracionada. Nova campanha pretende expandir a imuniza\u00e7\u00e3o para 19 milh\u00f5es de pessoas.<\/p>\n","protected":false},"author":1,"featured_media":4575,"comment_status":"closed","ping_status":"open","sticky":false,"template":"","format":"standard","meta":{"_et_pb_use_builder":"on","_et_pb_old_content":"","_et_gb_content_width":"","footnotes":"","_links_to":"","_links_to_target":""},"categories":[15],"tags":[20],"class_list":["post-4570","post","type-post","status-publish","format-standard","has-post-thumbnail","hentry","category-saude","tag-bem-estar"],"yoast_head":"<!-- This site is optimized with the Yoast SEO plugin v27.4 - https:\/\/yoast.com\/product\/yoast-seo-wordpress\/ -->\n<title>Febre amarela: vacina\u00e7\u00e3o fracionada come\u00e7a no pr\u00f3ximo m\u00eas - Insights \/ Acrisure<\/title>\n<meta name=\"description\" content=\"Com o aumento dos casos da doen\u00e7a no pa\u00eds, entre fevereiro e mar\u00e7o os estados de S\u00e3o Paulo, Rio de Janeiro e Bahia receber\u00e3o a vacina\u00e7\u00e3o fracionada. Nova campanha pretende expandir a imuniza\u00e7\u00e3o para 19 milh\u00f5es de pessoas.\" \/>\n<meta name=\"robots\" content=\"index, follow, max-snippet:-1, max-image-preview:large, max-video-preview:-1\" \/>\n<link rel=\"canonical\" href=\"https:\/\/acrisure.com.br\/insights\/febre-amarela-vacinacao-fracionada-comeca-no-proximo-mes\/\" \/>\n<meta property=\"og:locale\" content=\"pt_BR\" \/>\n<meta property=\"og:type\" content=\"article\" \/>\n<meta property=\"og:title\" content=\"Febre amarela: vacina\u00e7\u00e3o fracionada come\u00e7a no pr\u00f3ximo m\u00eas - Insights \/ Acrisure\" \/>\n<meta property=\"og:description\" content=\"Com o aumento dos casos da doen\u00e7a no pa\u00eds, entre fevereiro e mar\u00e7o os estados de S\u00e3o Paulo, Rio de Janeiro e Bahia receber\u00e3o a vacina\u00e7\u00e3o fracionada. Nova campanha pretende expandir a imuniza\u00e7\u00e3o para 19 milh\u00f5es de pessoas.\" \/>\n<meta property=\"og:url\" content=\"https:\/\/acrisure.com.br\/insights\/febre-amarela-vacinacao-fracionada-comeca-no-proximo-mes\/\" \/>\n<meta property=\"og:site_name\" content=\"Insights \/ Acrisure\" \/>\n<meta property=\"article:publisher\" content=\"https:\/\/www.facebook.com\/itsseg\/\" \/>\n<meta property=\"article:published_time\" content=\"2018-01-13T01:21:33+00:00\" \/>\n<meta property=\"article:modified_time\" content=\"2026-02-03T14:29:43+00:00\" \/>\n<meta property=\"og:image\" content=\"https:\/\/acrisure.com.br\/insights\/wp-content\/uploads\/turbinar-febre-amarela-vacinacao-fracionada.jpg\" \/>\n\t<meta property=\"og:image:width\" content=\"1920\" \/>\n\t<meta property=\"og:image:height\" content=\"640\" \/>\n\t<meta property=\"og:image:type\" content=\"image\/jpeg\" \/>\n<meta name=\"author\" content=\"publishouse\" \/>\n<meta name=\"twitter:card\" content=\"summary_large_image\" \/>\n<meta name=\"twitter:label1\" content=\"Escrito por\" \/>\n\t<meta name=\"twitter:data1\" content=\"publishouse\" \/>\n\t<meta name=\"twitter:label2\" content=\"Est. tempo de leitura\" \/>\n\t<meta name=\"twitter:data2\" content=\"3 minutos\" \/>\n<script type=\"application\/ld+json\" class=\"yoast-schema-graph\">{\"@context\":\"https:\\\/\\\/schema.org\",\"@graph\":[{\"@type\":\"Article\",\"@id\":\"https:\\\/\\\/acrisure.com.br\\\/insights\\\/febre-amarela-vacinacao-fracionada-comeca-no-proximo-mes\\\/#article\",\"isPartOf\":{\"@id\":\"https:\\\/\\\/acrisure.com.br\\\/insights\\\/febre-amarela-vacinacao-fracionada-comeca-no-proximo-mes\\\/\"},\"author\":{\"name\":\"publishouse\",\"@id\":\"https:\\\/\\\/acrisure.com.br\\\/insights\\\/#\\\/schema\\\/person\\\/ae285068bde2d94bbb6b0692760fb361\"},\"headline\":\"Febre amarela: vacina\u00e7\u00e3o fracionada come\u00e7a no pr\u00f3ximo m\u00eas\",\"datePublished\":\"2018-01-13T01:21:33+00:00\",\"dateModified\":\"2026-02-03T14:29:43+00:00\",\"mainEntityOfPage\":{\"@id\":\"https:\\\/\\\/acrisure.com.br\\\/insights\\\/febre-amarela-vacinacao-fracionada-comeca-no-proximo-mes\\\/\"},\"wordCount\":510,\"image\":{\"@id\":\"https:\\\/\\\/acrisure.com.br\\\/insights\\\/febre-amarela-vacinacao-fracionada-comeca-no-proximo-mes\\\/#primaryimage\"},\"thumbnailUrl\":\"https:\\\/\\\/acrisure.com.br\\\/insights\\\/wp-content\\\/uploads\\\/turbinar-febre-amarela-vacinacao-fracionada.jpg\",\"keywords\":[\"Bem-estar\"],\"articleSection\":[\"Sa\u00fade\"],\"inLanguage\":\"pt-BR\"},{\"@type\":\"WebPage\",\"@id\":\"https:\\\/\\\/acrisure.com.br\\\/insights\\\/febre-amarela-vacinacao-fracionada-comeca-no-proximo-mes\\\/\",\"url\":\"https:\\\/\\\/acrisure.com.br\\\/insights\\\/febre-amarela-vacinacao-fracionada-comeca-no-proximo-mes\\\/\",\"name\":\"Febre amarela: vacina\u00e7\u00e3o fracionada come\u00e7a no pr\u00f3ximo m\u00eas - Insights \\\/ Acrisure\",\"isPartOf\":{\"@id\":\"https:\\\/\\\/acrisure.com.br\\\/insights\\\/#website\"},\"primaryImageOfPage\":{\"@id\":\"https:\\\/\\\/acrisure.com.br\\\/insights\\\/febre-amarela-vacinacao-fracionada-comeca-no-proximo-mes\\\/#primaryimage\"},\"image\":{\"@id\":\"https:\\\/\\\/acrisure.com.br\\\/insights\\\/febre-amarela-vacinacao-fracionada-comeca-no-proximo-mes\\\/#primaryimage\"},\"thumbnailUrl\":\"https:\\\/\\\/acrisure.com.br\\\/insights\\\/wp-content\\\/uploads\\\/turbinar-febre-amarela-vacinacao-fracionada.jpg\",\"datePublished\":\"2018-01-13T01:21:33+00:00\",\"dateModified\":\"2026-02-03T14:29:43+00:00\",\"author\":{\"@id\":\"https:\\\/\\\/acrisure.com.br\\\/insights\\\/#\\\/schema\\\/person\\\/ae285068bde2d94bbb6b0692760fb361\"},\"description\":\"Com o aumento dos casos da doen\u00e7a no pa\u00eds, entre fevereiro e mar\u00e7o os estados de S\u00e3o Paulo, Rio de Janeiro e Bahia receber\u00e3o a vacina\u00e7\u00e3o fracionada. Nova campanha pretende expandir a imuniza\u00e7\u00e3o para 19 milh\u00f5es de pessoas.\",\"breadcrumb\":{\"@id\":\"https:\\\/\\\/acrisure.com.br\\\/insights\\\/febre-amarela-vacinacao-fracionada-comeca-no-proximo-mes\\\/#breadcrumb\"},\"inLanguage\":\"pt-BR\",\"potentialAction\":[{\"@type\":\"ReadAction\",\"target\":[\"https:\\\/\\\/acrisure.com.br\\\/insights\\\/febre-amarela-vacinacao-fracionada-comeca-no-proximo-mes\\\/\"]}]},{\"@type\":\"ImageObject\",\"inLanguage\":\"pt-BR\",\"@id\":\"https:\\\/\\\/acrisure.com.br\\\/insights\\\/febre-amarela-vacinacao-fracionada-comeca-no-proximo-mes\\\/#primaryimage\",\"url\":\"https:\\\/\\\/acrisure.com.br\\\/insights\\\/wp-content\\\/uploads\\\/turbinar-febre-amarela-vacinacao-fracionada.jpg\",\"contentUrl\":\"https:\\\/\\\/acrisure.com.br\\\/insights\\\/wp-content\\\/uploads\\\/turbinar-febre-amarela-vacinacao-fracionada.jpg\",\"width\":1920,\"height\":640,\"caption\":\"Enfermeiro com seringa aplicando vacina em paciente mulher\"},{\"@type\":\"BreadcrumbList\",\"@id\":\"https:\\\/\\\/acrisure.com.br\\\/insights\\\/febre-amarela-vacinacao-fracionada-comeca-no-proximo-mes\\\/#breadcrumb\",\"itemListElement\":[{\"@type\":\"ListItem\",\"position\":1,\"name\":\"In\u00edcio\",\"item\":\"https:\\\/\\\/acrisure.com.br\\\/insights\\\/\"},{\"@type\":\"ListItem\",\"position\":2,\"name\":\"Febre amarela: vacina\u00e7\u00e3o fracionada come\u00e7a no pr\u00f3ximo m\u00eas\"}]},{\"@type\":\"WebSite\",\"@id\":\"https:\\\/\\\/acrisure.com.br\\\/insights\\\/#website\",\"url\":\"https:\\\/\\\/acrisure.com.br\\\/insights\\\/\",\"name\":\"Insights \\\/ Acrisure\",\"description\":\"Portal de Not\u00edcias e Conte\u00fado\",\"potentialAction\":[{\"@type\":\"SearchAction\",\"target\":{\"@type\":\"EntryPoint\",\"urlTemplate\":\"https:\\\/\\\/acrisure.com.br\\\/insights\\\/?s={search_term_string}\"},\"query-input\":{\"@type\":\"PropertyValueSpecification\",\"valueRequired\":true,\"valueName\":\"search_term_string\"}}],\"inLanguage\":\"pt-BR\"},{\"@type\":\"Person\",\"@id\":\"https:\\\/\\\/acrisure.com.br\\\/insights\\\/#\\\/schema\\\/person\\\/ae285068bde2d94bbb6b0692760fb361\",\"name\":\"publishouse\",\"image\":{\"@type\":\"ImageObject\",\"inLanguage\":\"pt-BR\",\"@id\":\"https:\\\/\\\/secure.gravatar.com\\\/avatar\\\/28cbb1595e2bba31bae82123e62ffe5e807440c64f2e05ed85a7bd654289e026?s=96&d=mm&r=g\",\"url\":\"https:\\\/\\\/secure.gravatar.com\\\/avatar\\\/28cbb1595e2bba31bae82123e62ffe5e807440c64f2e05ed85a7bd654289e026?s=96&d=mm&r=g\",\"contentUrl\":\"https:\\\/\\\/secure.gravatar.com\\\/avatar\\\/28cbb1595e2bba31bae82123e62ffe5e807440c64f2e05ed85a7bd654289e026?s=96&d=mm&r=g\",\"caption\":\"publishouse\"},\"sameAs\":[\"https:\\\/\\\/acrisure.com.br\\\/insights\"],\"url\":\"https:\\\/\\\/acrisure.com.br\\\/insights\\\/author\\\/publishouse\\\/\"}]}<\/script>\n<!-- \/ Yoast SEO plugin. -->","yoast_head_json":{"title":"Febre amarela: vacina\u00e7\u00e3o fracionada come\u00e7a no pr\u00f3ximo m\u00eas - Insights \/ Acrisure","description":"Com o aumento dos casos da doen\u00e7a no pa\u00eds, entre fevereiro e mar\u00e7o os estados de S\u00e3o Paulo, Rio de Janeiro e Bahia receber\u00e3o a vacina\u00e7\u00e3o fracionada. Nova campanha pretende expandir a imuniza\u00e7\u00e3o para 19 milh\u00f5es de pessoas.","robots":{"index":"index","follow":"follow","max-snippet":"max-snippet:-1","max-image-preview":"max-image-preview:large","max-video-preview":"max-video-preview:-1"},"canonical":"https:\/\/acrisure.com.br\/insights\/febre-amarela-vacinacao-fracionada-comeca-no-proximo-mes\/","og_locale":"pt_BR","og_type":"article","og_title":"Febre amarela: vacina\u00e7\u00e3o fracionada come\u00e7a no pr\u00f3ximo m\u00eas - Insights \/ Acrisure","og_description":"Com o aumento dos casos da doen\u00e7a no pa\u00eds, entre fevereiro e mar\u00e7o os estados de S\u00e3o Paulo, Rio de Janeiro e Bahia receber\u00e3o a vacina\u00e7\u00e3o fracionada. Nova campanha pretende expandir a imuniza\u00e7\u00e3o para 19 milh\u00f5es de pessoas.","og_url":"https:\/\/acrisure.com.br\/insights\/febre-amarela-vacinacao-fracionada-comeca-no-proximo-mes\/","og_site_name":"Insights \/ Acrisure","article_publisher":"https:\/\/www.facebook.com\/itsseg\/","article_published_time":"2018-01-13T01:21:33+00:00","article_modified_time":"2026-02-03T14:29:43+00:00","og_image":[{"width":1920,"height":640,"url":"https:\/\/acrisure.com.br\/insights\/wp-content\/uploads\/turbinar-febre-amarela-vacinacao-fracionada.jpg","type":"image\/jpeg"}],"author":"publishouse","twitter_card":"summary_large_image","twitter_misc":{"Escrito por":"publishouse","Est. tempo de leitura":"3 minutos"},"schema":{"@context":"https:\/\/schema.org","@graph":[{"@type":"Article","@id":"https:\/\/acrisure.com.br\/insights\/febre-amarela-vacinacao-fracionada-comeca-no-proximo-mes\/#article","isPartOf":{"@id":"https:\/\/acrisure.com.br\/insights\/febre-amarela-vacinacao-fracionada-comeca-no-proximo-mes\/"},"author":{"name":"publishouse","@id":"https:\/\/acrisure.com.br\/insights\/#\/schema\/person\/ae285068bde2d94bbb6b0692760fb361"},"headline":"Febre amarela: vacina\u00e7\u00e3o fracionada come\u00e7a no pr\u00f3ximo m\u00eas","datePublished":"2018-01-13T01:21:33+00:00","dateModified":"2026-02-03T14:29:43+00:00","mainEntityOfPage":{"@id":"https:\/\/acrisure.com.br\/insights\/febre-amarela-vacinacao-fracionada-comeca-no-proximo-mes\/"},"wordCount":510,"image":{"@id":"https:\/\/acrisure.com.br\/insights\/febre-amarela-vacinacao-fracionada-comeca-no-proximo-mes\/#primaryimage"},"thumbnailUrl":"https:\/\/acrisure.com.br\/insights\/wp-content\/uploads\/turbinar-febre-amarela-vacinacao-fracionada.jpg","keywords":["Bem-estar"],"articleSection":["Sa\u00fade"],"inLanguage":"pt-BR"},{"@type":"WebPage","@id":"https:\/\/acrisure.com.br\/insights\/febre-amarela-vacinacao-fracionada-comeca-no-proximo-mes\/","url":"https:\/\/acrisure.com.br\/insights\/febre-amarela-vacinacao-fracionada-comeca-no-proximo-mes\/","name":"Febre amarela: vacina\u00e7\u00e3o fracionada come\u00e7a no pr\u00f3ximo m\u00eas - Insights \/ Acrisure","isPartOf":{"@id":"https:\/\/acrisure.com.br\/insights\/#website"},"primaryImageOfPage":{"@id":"https:\/\/acrisure.com.br\/insights\/febre-amarela-vacinacao-fracionada-comeca-no-proximo-mes\/#primaryimage"},"image":{"@id":"https:\/\/acrisure.com.br\/insights\/febre-amarela-vacinacao-fracionada-comeca-no-proximo-mes\/#primaryimage"},"thumbnailUrl":"https:\/\/acrisure.com.br\/insights\/wp-content\/uploads\/turbinar-febre-amarela-vacinacao-fracionada.jpg","datePublished":"2018-01-13T01:21:33+00:00","dateModified":"2026-02-03T14:29:43+00:00","author":{"@id":"https:\/\/acrisure.com.br\/insights\/#\/schema\/person\/ae285068bde2d94bbb6b0692760fb361"},"description":"Com o aumento dos casos da doen\u00e7a no pa\u00eds, entre fevereiro e mar\u00e7o os estados de S\u00e3o Paulo, Rio de Janeiro e Bahia receber\u00e3o a vacina\u00e7\u00e3o fracionada. Nova campanha pretende expandir a imuniza\u00e7\u00e3o para 19 milh\u00f5es de pessoas.","breadcrumb":{"@id":"https:\/\/acrisure.com.br\/insights\/febre-amarela-vacinacao-fracionada-comeca-no-proximo-mes\/#breadcrumb"},"inLanguage":"pt-BR","potentialAction":[{"@type":"ReadAction","target":["https:\/\/acrisure.com.br\/insights\/febre-amarela-vacinacao-fracionada-comeca-no-proximo-mes\/"]}]},{"@type":"ImageObject","inLanguage":"pt-BR","@id":"https:\/\/acrisure.com.br\/insights\/febre-amarela-vacinacao-fracionada-comeca-no-proximo-mes\/#primaryimage","url":"https:\/\/acrisure.com.br\/insights\/wp-content\/uploads\/turbinar-febre-amarela-vacinacao-fracionada.jpg","contentUrl":"https:\/\/acrisure.com.br\/insights\/wp-content\/uploads\/turbinar-febre-amarela-vacinacao-fracionada.jpg","width":1920,"height":640,"caption":"Enfermeiro com seringa aplicando vacina em paciente mulher"},{"@type":"BreadcrumbList","@id":"https:\/\/acrisure.com.br\/insights\/febre-amarela-vacinacao-fracionada-comeca-no-proximo-mes\/#breadcrumb","itemListElement":[{"@type":"ListItem","position":1,"name":"In\u00edcio","item":"https:\/\/acrisure.com.br\/insights\/"},{"@type":"ListItem","position":2,"name":"Febre amarela: vacina\u00e7\u00e3o fracionada come\u00e7a no pr\u00f3ximo m\u00eas"}]},{"@type":"WebSite","@id":"https:\/\/acrisure.com.br\/insights\/#website","url":"https:\/\/acrisure.com.br\/insights\/","name":"Insights \/ Acrisure","description":"Portal de Not\u00edcias e Conte\u00fado","potentialAction":[{"@type":"SearchAction","target":{"@type":"EntryPoint","urlTemplate":"https:\/\/acrisure.com.br\/insights\/?s={search_term_string}"},"query-input":{"@type":"PropertyValueSpecification","valueRequired":true,"valueName":"search_term_string"}}],"inLanguage":"pt-BR"},{"@type":"Person","@id":"https:\/\/acrisure.com.br\/insights\/#\/schema\/person\/ae285068bde2d94bbb6b0692760fb361","name":"publishouse","image":{"@type":"ImageObject","inLanguage":"pt-BR","@id":"https:\/\/secure.gravatar.com\/avatar\/28cbb1595e2bba31bae82123e62ffe5e807440c64f2e05ed85a7bd654289e026?s=96&d=mm&r=g","url":"https:\/\/secure.gravatar.com\/avatar\/28cbb1595e2bba31bae82123e62ffe5e807440c64f2e05ed85a7bd654289e026?s=96&d=mm&r=g","contentUrl":"https:\/\/secure.gravatar.com\/avatar\/28cbb1595e2bba31bae82123e62ffe5e807440c64f2e05ed85a7bd654289e026?s=96&d=mm&r=g","caption":"publishouse"},"sameAs":["https:\/\/acrisure.com.br\/insights"],"url":"https:\/\/acrisure.com.br\/insights\/author\/publishouse\/"}]}},"_links":{"self":[{"href":"https:\/\/acrisure.com.br\/insights\/wp-json\/wp\/v2\/posts\/4570","targetHints":{"allow":["GET"]}}],"collection":[{"href":"https:\/\/acrisure.com.br\/insights\/wp-json\/wp\/v2\/posts"}],"about":[{"href":"https:\/\/acrisure.com.br\/insights\/wp-json\/wp\/v2\/types\/post"}],"author":[{"embeddable":true,"href":"https:\/\/acrisure.com.br\/insights\/wp-json\/wp\/v2\/users\/1"}],"replies":[{"embeddable":true,"href":"https:\/\/acrisure.com.br\/insights\/wp-json\/wp\/v2\/comments?post=4570"}],"version-history":[{"count":5,"href":"https:\/\/acrisure.com.br\/insights\/wp-json\/wp\/v2\/posts\/4570\/revisions"}],"predecessor-version":[{"id":19751,"href":"https:\/\/acrisure.com.br\/insights\/wp-json\/wp\/v2\/posts\/4570\/revisions\/19751"}],"wp:featuredmedia":[{"embeddable":true,"href":"https:\/\/acrisure.com.br\/insights\/wp-json\/wp\/v2\/media\/4575"}],"wp:attachment":[{"href":"https:\/\/acrisure.com.br\/insights\/wp-json\/wp\/v2\/media?parent=4570"}],"wp:term":[{"taxonomy":"category","embeddable":true,"href":"https:\/\/acrisure.com.br\/insights\/wp-json\/wp\/v2\/categories?post=4570"},{"taxonomy":"post_tag","embeddable":true,"href":"https:\/\/acrisure.com.br\/insights\/wp-json\/wp\/v2\/tags?post=4570"}],"curies":[{"name":"wp","href":"https:\/\/api.w.org\/{rel}","templated":true}]}}