{"id":4742,"date":"2017-11-23T13:41:18","date_gmt":"2017-11-23T15:41:18","guid":{"rendered":"https:\/\/acrisure.com.br\/insights\/?p=4742"},"modified":"2026-01-05T15:34:39","modified_gmt":"2026-01-05T18:34:39","slug":"dia-nacional-de-combate-ao-cancer-infantil","status":"publish","type":"post","link":"https:\/\/acrisure.com.br\/insights\/dia-nacional-de-combate-ao-cancer-infantil\/","title":{"rendered":"Dia Nacional de Combate ao C\u00e2ncer Infantil"},"content":{"rendered":"<p>[et_pb_section fb_built=&#8221;1&#8243; admin_label=&#8221;Post&#8221; _builder_version=&#8221;4.20.0&#8243; custom_padding=&#8221;0px||0px||false|false&#8221; global_colors_info=&#8221;{}&#8221;][et_pb_row admin_label=&#8221;Post&#8221; _builder_version=&#8221;4.19.4&#8243; background_size=&#8221;initial&#8221; background_position=&#8221;top_left&#8221; background_repeat=&#8221;repeat&#8221; width=&#8221;100%&#8221; custom_padding=&#8221;0px||0px||false|false&#8221; global_colors_info=&#8221;{}&#8221;][et_pb_column type=&#8221;4_4&#8243; _builder_version=&#8221;4.16&#8243; custom_padding=&#8221;|||&#8221; global_colors_info=&#8221;{}&#8221; custom_padding__hover=&#8221;|||&#8221;][et_pb_text admin_label=&#8221;Conte\u00fado&#8221; _builder_version=&#8221;4.21.0&#8243; _module_preset=&#8221;default&#8221; text_letter_spacing=&#8221;1px&#8221; custom_margin=&#8221;||||false|false&#8221; global_colors_info=&#8221;{}&#8221;]<\/p>\n<p>Segundo o Instituto Nacional de C\u00e2ncer (INCA), o c\u00e2ncer representa a primeira causa de morte por doen\u00e7a em crian\u00e7as e adolescentes de 1 a 19 anos no Brasil. Os c\u00e2nceres mais comuns nessa faixa et\u00e1ria s\u00e3o: leucemias e tumores que afetam o sistema nervoso central e o sistema linf\u00e1tico. Outros tipos tamb\u00e9m podem surgir, como: tumores renais, \u00f3sseos, germinativos (atingem as c\u00e9lulas dos ov\u00e1rios e test\u00edculos), tumores nas partes moles (m\u00fasculos e tecidos de gordura) e retinoblastoma. O INCA estima que, at\u00e9 o final de 2017, ocorrer\u00e3o cerca de 12.600 casos novos de c\u00e2ncer em crian\u00e7as e adolescentes. Em 2013, foram registradas 2.835 mortes por c\u00e2ncer nessa faixa et\u00e1ria.<\/p>\n<p style=\"color: #495358; font-size: 22px; font-weight: bold;\">Sintomas<\/p>\n<p>\u00c9 importante que os pais ou respons\u00e1veis fiquem atentos e procurem um m\u00e9dico pediatra ou hebiatra caso surjam sintomas como: febre prolongada sem causa identificada, \u00ednguas de crescimento progressivo, dor de cabe\u00e7a e v\u00f4mito sem causa aparente, crescimento do olho, mancha roxa, reflexo esbranqui\u00e7ado no olho quando h\u00e1 incid\u00eancia de luz ou diminui\u00e7\u00e3o da vis\u00e3o, dor ou caro\u00e7o nas pernas ou perda de equil\u00edbrio, dores nos ossos ou juntas, caro\u00e7os pelo corpo, principalmente na barriga, perda de peso e palidez.<\/p>\n<p style=\"color: #495358; font-size: 22px; font-weight: bold;\">Preven\u00e7\u00e3o<\/p>\n<p>Hoje, se uma crian\u00e7a ou adolescente recebe o diagn\u00f3stico de c\u00e2ncer precocemente, as chances de cura chegam a 80%. As recomenda\u00e7\u00f5es de preven\u00e7\u00e3o est\u00e3o relacionadas a uma boa qualidade de vida, que engloba alimenta\u00e7\u00e3o balanceada, longe de alimentos industrializados e pr\u00e1tica de atividades f\u00edsicas com regularidade.<\/p>\n<p>[\/et_pb_text][\/et_pb_column][\/et_pb_row][\/et_pb_section]<\/p>\n","protected":false},"excerpt":{"rendered":"<p>Hoje o dia \u00e9 reservado para estimular a sociedade a pensar sobre a preven\u00e7\u00e3o do c\u00e2ncer infantil e a qualidade de vida das crian\u00e7as em tratamento.<\/p>\n","protected":false},"author":1,"featured_media":4744,"comment_status":"closed","ping_status":"open","sticky":false,"template":"","format":"standard","meta":{"_et_pb_use_builder":"on","_et_pb_old_content":"","_et_gb_content_width":"","footnotes":"","_links_to":"","_links_to_target":""},"categories":[15],"tags":[20],"class_list":["post-4742","post","type-post","status-publish","format-standard","has-post-thumbnail","hentry","category-saude","tag-bem-estar"],"yoast_head":"<!-- This site is optimized with the Yoast SEO plugin v27.4 - https:\/\/yoast.com\/product\/yoast-seo-wordpress\/ -->\n<title>Dia Nacional de Combate ao C\u00e2ncer Infantil<\/title>\n<meta name=\"description\" content=\"Hoje o dia \u00e9 reservado para estimular a sociedade a pensar sobre a preven\u00e7\u00e3o do c\u00e2ncer infantil e a qualidade de vida das crian\u00e7as em tratamento.\" \/>\n<meta name=\"robots\" content=\"index, follow, max-snippet:-1, max-image-preview:large, max-video-preview:-1\" \/>\n<link rel=\"canonical\" href=\"https:\/\/acrisure.com.br\/insights\/dia-nacional-de-combate-ao-cancer-infantil\/\" \/>\n<meta property=\"og:locale\" content=\"pt_BR\" \/>\n<meta property=\"og:type\" content=\"article\" \/>\n<meta property=\"og:title\" content=\"Dia Nacional de Combate ao C\u00e2ncer Infantil\" \/>\n<meta property=\"og:description\" content=\"Hoje o dia \u00e9 reservado para estimular a sociedade a pensar sobre a preven\u00e7\u00e3o do c\u00e2ncer infantil e a qualidade de vida das crian\u00e7as em tratamento.\" \/>\n<meta property=\"og:url\" content=\"https:\/\/acrisure.com.br\/insights\/dia-nacional-de-combate-ao-cancer-infantil\/\" \/>\n<meta property=\"og:site_name\" content=\"Insights \/ Acrisure\" \/>\n<meta property=\"article:publisher\" content=\"https:\/\/www.facebook.com\/itsseg\/\" \/>\n<meta property=\"article:published_time\" content=\"2017-11-23T15:41:18+00:00\" \/>\n<meta property=\"article:modified_time\" content=\"2026-01-05T18:34:39+00:00\" \/>\n<meta property=\"og:image\" content=\"https:\/\/acrisure.com.br\/insights\/wp-content\/uploads\/turbinar-dia-nacional-combate-cancer-infantil.jpg\" \/>\n\t<meta property=\"og:image:width\" content=\"1920\" \/>\n\t<meta property=\"og:image:height\" content=\"640\" \/>\n\t<meta property=\"og:image:type\" content=\"image\/jpeg\" \/>\n<meta name=\"author\" content=\"publishouse\" \/>\n<meta name=\"twitter:card\" content=\"summary_large_image\" \/>\n<meta name=\"twitter:label1\" content=\"Escrito por\" \/>\n\t<meta name=\"twitter:data1\" content=\"publishouse\" \/>\n\t<meta name=\"twitter:label2\" content=\"Est. tempo de leitura\" \/>\n\t<meta name=\"twitter:data2\" content=\"2 minutos\" \/>\n<script type=\"application\/ld+json\" class=\"yoast-schema-graph\">{\"@context\":\"https:\\\/\\\/schema.org\",\"@graph\":[{\"@type\":\"Article\",\"@id\":\"https:\\\/\\\/acrisure.com.br\\\/insights\\\/dia-nacional-de-combate-ao-cancer-infantil\\\/#article\",\"isPartOf\":{\"@id\":\"https:\\\/\\\/acrisure.com.br\\\/insights\\\/dia-nacional-de-combate-ao-cancer-infantil\\\/\"},\"author\":{\"name\":\"publishouse\",\"@id\":\"https:\\\/\\\/acrisure.com.br\\\/insights\\\/#\\\/schema\\\/person\\\/ae285068bde2d94bbb6b0692760fb361\"},\"headline\":\"Dia Nacional de Combate ao C\u00e2ncer Infantil\",\"datePublished\":\"2017-11-23T15:41:18+00:00\",\"dateModified\":\"2026-01-05T18:34:39+00:00\",\"mainEntityOfPage\":{\"@id\":\"https:\\\/\\\/acrisure.com.br\\\/insights\\\/dia-nacional-de-combate-ao-cancer-infantil\\\/\"},\"wordCount\":372,\"image\":{\"@id\":\"https:\\\/\\\/acrisure.com.br\\\/insights\\\/dia-nacional-de-combate-ao-cancer-infantil\\\/#primaryimage\"},\"thumbnailUrl\":\"https:\\\/\\\/acrisure.com.br\\\/insights\\\/wp-content\\\/uploads\\\/turbinar-dia-nacional-combate-cancer-infantil.jpg\",\"keywords\":[\"Bem-estar\"],\"articleSection\":[\"Sa\u00fade\"],\"inLanguage\":\"pt-BR\"},{\"@type\":\"WebPage\",\"@id\":\"https:\\\/\\\/acrisure.com.br\\\/insights\\\/dia-nacional-de-combate-ao-cancer-infantil\\\/\",\"url\":\"https:\\\/\\\/acrisure.com.br\\\/insights\\\/dia-nacional-de-combate-ao-cancer-infantil\\\/\",\"name\":\"Dia Nacional de Combate ao C\u00e2ncer Infantil\",\"isPartOf\":{\"@id\":\"https:\\\/\\\/acrisure.com.br\\\/insights\\\/#website\"},\"primaryImageOfPage\":{\"@id\":\"https:\\\/\\\/acrisure.com.br\\\/insights\\\/dia-nacional-de-combate-ao-cancer-infantil\\\/#primaryimage\"},\"image\":{\"@id\":\"https:\\\/\\\/acrisure.com.br\\\/insights\\\/dia-nacional-de-combate-ao-cancer-infantil\\\/#primaryimage\"},\"thumbnailUrl\":\"https:\\\/\\\/acrisure.com.br\\\/insights\\\/wp-content\\\/uploads\\\/turbinar-dia-nacional-combate-cancer-infantil.jpg\",\"datePublished\":\"2017-11-23T15:41:18+00:00\",\"dateModified\":\"2026-01-05T18:34:39+00:00\",\"author\":{\"@id\":\"https:\\\/\\\/acrisure.com.br\\\/insights\\\/#\\\/schema\\\/person\\\/ae285068bde2d94bbb6b0692760fb361\"},\"description\":\"Hoje o dia \u00e9 reservado para estimular a sociedade a pensar sobre a preven\u00e7\u00e3o do c\u00e2ncer infantil e a qualidade de vida das crian\u00e7as em tratamento.\",\"breadcrumb\":{\"@id\":\"https:\\\/\\\/acrisure.com.br\\\/insights\\\/dia-nacional-de-combate-ao-cancer-infantil\\\/#breadcrumb\"},\"inLanguage\":\"pt-BR\",\"potentialAction\":[{\"@type\":\"ReadAction\",\"target\":[\"https:\\\/\\\/acrisure.com.br\\\/insights\\\/dia-nacional-de-combate-ao-cancer-infantil\\\/\"]}]},{\"@type\":\"ImageObject\",\"inLanguage\":\"pt-BR\",\"@id\":\"https:\\\/\\\/acrisure.com.br\\\/insights\\\/dia-nacional-de-combate-ao-cancer-infantil\\\/#primaryimage\",\"url\":\"https:\\\/\\\/acrisure.com.br\\\/insights\\\/wp-content\\\/uploads\\\/turbinar-dia-nacional-combate-cancer-infantil.jpg\",\"contentUrl\":\"https:\\\/\\\/acrisure.com.br\\\/insights\\\/wp-content\\\/uploads\\\/turbinar-dia-nacional-combate-cancer-infantil.jpg\",\"width\":1920,\"height\":640,\"caption\":\"Crian\u00e7a banguela sorrindo curada de c\u00e2ncer infantil\"},{\"@type\":\"BreadcrumbList\",\"@id\":\"https:\\\/\\\/acrisure.com.br\\\/insights\\\/dia-nacional-de-combate-ao-cancer-infantil\\\/#breadcrumb\",\"itemListElement\":[{\"@type\":\"ListItem\",\"position\":1,\"name\":\"In\u00edcio\",\"item\":\"https:\\\/\\\/acrisure.com.br\\\/insights\\\/\"},{\"@type\":\"ListItem\",\"position\":2,\"name\":\"Dia Nacional de Combate ao C\u00e2ncer Infantil\"}]},{\"@type\":\"WebSite\",\"@id\":\"https:\\\/\\\/acrisure.com.br\\\/insights\\\/#website\",\"url\":\"https:\\\/\\\/acrisure.com.br\\\/insights\\\/\",\"name\":\"Insights \\\/ Acrisure\",\"description\":\"Portal de Not\u00edcias e Conte\u00fado\",\"potentialAction\":[{\"@type\":\"SearchAction\",\"target\":{\"@type\":\"EntryPoint\",\"urlTemplate\":\"https:\\\/\\\/acrisure.com.br\\\/insights\\\/?s={search_term_string}\"},\"query-input\":{\"@type\":\"PropertyValueSpecification\",\"valueRequired\":true,\"valueName\":\"search_term_string\"}}],\"inLanguage\":\"pt-BR\"},{\"@type\":\"Person\",\"@id\":\"https:\\\/\\\/acrisure.com.br\\\/insights\\\/#\\\/schema\\\/person\\\/ae285068bde2d94bbb6b0692760fb361\",\"name\":\"publishouse\",\"image\":{\"@type\":\"ImageObject\",\"inLanguage\":\"pt-BR\",\"@id\":\"https:\\\/\\\/secure.gravatar.com\\\/avatar\\\/28cbb1595e2bba31bae82123e62ffe5e807440c64f2e05ed85a7bd654289e026?s=96&d=mm&r=g\",\"url\":\"https:\\\/\\\/secure.gravatar.com\\\/avatar\\\/28cbb1595e2bba31bae82123e62ffe5e807440c64f2e05ed85a7bd654289e026?s=96&d=mm&r=g\",\"contentUrl\":\"https:\\\/\\\/secure.gravatar.com\\\/avatar\\\/28cbb1595e2bba31bae82123e62ffe5e807440c64f2e05ed85a7bd654289e026?s=96&d=mm&r=g\",\"caption\":\"publishouse\"},\"sameAs\":[\"https:\\\/\\\/acrisure.com.br\\\/insights\"],\"url\":\"https:\\\/\\\/acrisure.com.br\\\/insights\\\/author\\\/publishouse\\\/\"}]}<\/script>\n<!-- \/ Yoast SEO plugin. -->","yoast_head_json":{"title":"Dia Nacional de Combate ao C\u00e2ncer Infantil","description":"Hoje o dia \u00e9 reservado para estimular a sociedade a pensar sobre a preven\u00e7\u00e3o do c\u00e2ncer infantil e a qualidade de vida das crian\u00e7as em tratamento.","robots":{"index":"index","follow":"follow","max-snippet":"max-snippet:-1","max-image-preview":"max-image-preview:large","max-video-preview":"max-video-preview:-1"},"canonical":"https:\/\/acrisure.com.br\/insights\/dia-nacional-de-combate-ao-cancer-infantil\/","og_locale":"pt_BR","og_type":"article","og_title":"Dia Nacional de Combate ao C\u00e2ncer Infantil","og_description":"Hoje o dia \u00e9 reservado para estimular a sociedade a pensar sobre a preven\u00e7\u00e3o do c\u00e2ncer infantil e a qualidade de vida das crian\u00e7as em tratamento.","og_url":"https:\/\/acrisure.com.br\/insights\/dia-nacional-de-combate-ao-cancer-infantil\/","og_site_name":"Insights \/ Acrisure","article_publisher":"https:\/\/www.facebook.com\/itsseg\/","article_published_time":"2017-11-23T15:41:18+00:00","article_modified_time":"2026-01-05T18:34:39+00:00","og_image":[{"width":1920,"height":640,"url":"https:\/\/acrisure.com.br\/insights\/wp-content\/uploads\/turbinar-dia-nacional-combate-cancer-infantil.jpg","type":"image\/jpeg"}],"author":"publishouse","twitter_card":"summary_large_image","twitter_misc":{"Escrito por":"publishouse","Est. tempo de leitura":"2 minutos"},"schema":{"@context":"https:\/\/schema.org","@graph":[{"@type":"Article","@id":"https:\/\/acrisure.com.br\/insights\/dia-nacional-de-combate-ao-cancer-infantil\/#article","isPartOf":{"@id":"https:\/\/acrisure.com.br\/insights\/dia-nacional-de-combate-ao-cancer-infantil\/"},"author":{"name":"publishouse","@id":"https:\/\/acrisure.com.br\/insights\/#\/schema\/person\/ae285068bde2d94bbb6b0692760fb361"},"headline":"Dia Nacional de Combate ao C\u00e2ncer Infantil","datePublished":"2017-11-23T15:41:18+00:00","dateModified":"2026-01-05T18:34:39+00:00","mainEntityOfPage":{"@id":"https:\/\/acrisure.com.br\/insights\/dia-nacional-de-combate-ao-cancer-infantil\/"},"wordCount":372,"image":{"@id":"https:\/\/acrisure.com.br\/insights\/dia-nacional-de-combate-ao-cancer-infantil\/#primaryimage"},"thumbnailUrl":"https:\/\/acrisure.com.br\/insights\/wp-content\/uploads\/turbinar-dia-nacional-combate-cancer-infantil.jpg","keywords":["Bem-estar"],"articleSection":["Sa\u00fade"],"inLanguage":"pt-BR"},{"@type":"WebPage","@id":"https:\/\/acrisure.com.br\/insights\/dia-nacional-de-combate-ao-cancer-infantil\/","url":"https:\/\/acrisure.com.br\/insights\/dia-nacional-de-combate-ao-cancer-infantil\/","name":"Dia Nacional de Combate ao C\u00e2ncer Infantil","isPartOf":{"@id":"https:\/\/acrisure.com.br\/insights\/#website"},"primaryImageOfPage":{"@id":"https:\/\/acrisure.com.br\/insights\/dia-nacional-de-combate-ao-cancer-infantil\/#primaryimage"},"image":{"@id":"https:\/\/acrisure.com.br\/insights\/dia-nacional-de-combate-ao-cancer-infantil\/#primaryimage"},"thumbnailUrl":"https:\/\/acrisure.com.br\/insights\/wp-content\/uploads\/turbinar-dia-nacional-combate-cancer-infantil.jpg","datePublished":"2017-11-23T15:41:18+00:00","dateModified":"2026-01-05T18:34:39+00:00","author":{"@id":"https:\/\/acrisure.com.br\/insights\/#\/schema\/person\/ae285068bde2d94bbb6b0692760fb361"},"description":"Hoje o dia \u00e9 reservado para estimular a sociedade a pensar sobre a preven\u00e7\u00e3o do c\u00e2ncer infantil e a qualidade de vida das crian\u00e7as em tratamento.","breadcrumb":{"@id":"https:\/\/acrisure.com.br\/insights\/dia-nacional-de-combate-ao-cancer-infantil\/#breadcrumb"},"inLanguage":"pt-BR","potentialAction":[{"@type":"ReadAction","target":["https:\/\/acrisure.com.br\/insights\/dia-nacional-de-combate-ao-cancer-infantil\/"]}]},{"@type":"ImageObject","inLanguage":"pt-BR","@id":"https:\/\/acrisure.com.br\/insights\/dia-nacional-de-combate-ao-cancer-infantil\/#primaryimage","url":"https:\/\/acrisure.com.br\/insights\/wp-content\/uploads\/turbinar-dia-nacional-combate-cancer-infantil.jpg","contentUrl":"https:\/\/acrisure.com.br\/insights\/wp-content\/uploads\/turbinar-dia-nacional-combate-cancer-infantil.jpg","width":1920,"height":640,"caption":"Crian\u00e7a banguela sorrindo curada de c\u00e2ncer infantil"},{"@type":"BreadcrumbList","@id":"https:\/\/acrisure.com.br\/insights\/dia-nacional-de-combate-ao-cancer-infantil\/#breadcrumb","itemListElement":[{"@type":"ListItem","position":1,"name":"In\u00edcio","item":"https:\/\/acrisure.com.br\/insights\/"},{"@type":"ListItem","position":2,"name":"Dia Nacional de Combate ao C\u00e2ncer Infantil"}]},{"@type":"WebSite","@id":"https:\/\/acrisure.com.br\/insights\/#website","url":"https:\/\/acrisure.com.br\/insights\/","name":"Insights \/ Acrisure","description":"Portal de Not\u00edcias e Conte\u00fado","potentialAction":[{"@type":"SearchAction","target":{"@type":"EntryPoint","urlTemplate":"https:\/\/acrisure.com.br\/insights\/?s={search_term_string}"},"query-input":{"@type":"PropertyValueSpecification","valueRequired":true,"valueName":"search_term_string"}}],"inLanguage":"pt-BR"},{"@type":"Person","@id":"https:\/\/acrisure.com.br\/insights\/#\/schema\/person\/ae285068bde2d94bbb6b0692760fb361","name":"publishouse","image":{"@type":"ImageObject","inLanguage":"pt-BR","@id":"https:\/\/secure.gravatar.com\/avatar\/28cbb1595e2bba31bae82123e62ffe5e807440c64f2e05ed85a7bd654289e026?s=96&d=mm&r=g","url":"https:\/\/secure.gravatar.com\/avatar\/28cbb1595e2bba31bae82123e62ffe5e807440c64f2e05ed85a7bd654289e026?s=96&d=mm&r=g","contentUrl":"https:\/\/secure.gravatar.com\/avatar\/28cbb1595e2bba31bae82123e62ffe5e807440c64f2e05ed85a7bd654289e026?s=96&d=mm&r=g","caption":"publishouse"},"sameAs":["https:\/\/acrisure.com.br\/insights"],"url":"https:\/\/acrisure.com.br\/insights\/author\/publishouse\/"}]}},"_links":{"self":[{"href":"https:\/\/acrisure.com.br\/insights\/wp-json\/wp\/v2\/posts\/4742","targetHints":{"allow":["GET"]}}],"collection":[{"href":"https:\/\/acrisure.com.br\/insights\/wp-json\/wp\/v2\/posts"}],"about":[{"href":"https:\/\/acrisure.com.br\/insights\/wp-json\/wp\/v2\/types\/post"}],"author":[{"embeddable":true,"href":"https:\/\/acrisure.com.br\/insights\/wp-json\/wp\/v2\/users\/1"}],"replies":[{"embeddable":true,"href":"https:\/\/acrisure.com.br\/insights\/wp-json\/wp\/v2\/comments?post=4742"}],"version-history":[{"count":4,"href":"https:\/\/acrisure.com.br\/insights\/wp-json\/wp\/v2\/posts\/4742\/revisions"}],"predecessor-version":[{"id":17966,"href":"https:\/\/acrisure.com.br\/insights\/wp-json\/wp\/v2\/posts\/4742\/revisions\/17966"}],"wp:featuredmedia":[{"embeddable":true,"href":"https:\/\/acrisure.com.br\/insights\/wp-json\/wp\/v2\/media\/4744"}],"wp:attachment":[{"href":"https:\/\/acrisure.com.br\/insights\/wp-json\/wp\/v2\/media?parent=4742"}],"wp:term":[{"taxonomy":"category","embeddable":true,"href":"https:\/\/acrisure.com.br\/insights\/wp-json\/wp\/v2\/categories?post=4742"},{"taxonomy":"post_tag","embeddable":true,"href":"https:\/\/acrisure.com.br\/insights\/wp-json\/wp\/v2\/tags?post=4742"}],"curies":[{"name":"wp","href":"https:\/\/api.w.org\/{rel}","templated":true}]}}