{"id":4755,"date":"2017-11-18T13:48:51","date_gmt":"2017-11-18T15:48:51","guid":{"rendered":"https:\/\/acrisure.com.br\/insights\/?p=4755"},"modified":"2026-01-05T15:34:42","modified_gmt":"2026-01-05T18:34:42","slug":"dia-nacional-de-combate-a-dengue","status":"publish","type":"post","link":"https:\/\/acrisure.com.br\/insights\/dia-nacional-de-combate-a-dengue\/","title":{"rendered":"Dia Nacional de Combate \u00e0 Dengue"},"content":{"rendered":"<p>[et_pb_section fb_built=&#8221;1&#8243; admin_label=&#8221;Post&#8221; _builder_version=&#8221;4.20.0&#8243; custom_padding=&#8221;0px||0px||false|false&#8221; global_colors_info=&#8221;{}&#8221;][et_pb_row admin_label=&#8221;Post&#8221; _builder_version=&#8221;4.19.4&#8243; background_size=&#8221;initial&#8221; background_position=&#8221;top_left&#8221; background_repeat=&#8221;repeat&#8221; width=&#8221;100%&#8221; custom_padding=&#8221;0px||0px||false|false&#8221; global_colors_info=&#8221;{}&#8221;][et_pb_column type=&#8221;4_4&#8243; _builder_version=&#8221;4.16&#8243; custom_padding=&#8221;|||&#8221; global_colors_info=&#8221;{}&#8221; custom_padding__hover=&#8221;|||&#8221;][et_pb_text admin_label=&#8221;Conte\u00fado&#8221; _builder_version=&#8221;4.21.0&#8243; _module_preset=&#8221;default&#8221; text_letter_spacing=&#8221;1px&#8221; custom_margin=&#8221;||||false|false&#8221; global_colors_info=&#8221;{}&#8221;]<\/p>\n<p>Existem dois tipos de v\u00edrus, um \u00e9 respons\u00e1vel pela dengue cl\u00e1ssica e o outro pela hemorr\u00e1gica. A dengue cl\u00e1ssica \u00e9 caracterizada por: febre alta, dores no fundo dos olhos e pelo corpo, n\u00e1useas, v\u00f4mitos e manchas avermelhadas na pele. O paciente com dengue hemorr\u00e1gica, al\u00e9m desses sintomas, pode apresentar pele p\u00e1lida, fria e \u00famida, sangramento pelo nariz, boca e gengivas, confus\u00e3o mental e altera\u00e7\u00f5es na press\u00e3o arterial, que podem desencadear complica\u00e7\u00f5es neurol\u00f3gicas e cardiorrespirat\u00f3rias.<\/p>\n<p style=\"color: #495358; font-size: 22px; font-weight: bold;\">Diagn\u00f3stico e tratamento<\/p>\n<p>Caso sinta algum desses sintomas, procure um hospital o quanto antes e n\u00e3o se automedique. O m\u00e9dico ir\u00e1 analisar seu quadro cl\u00ednico e realizar o exame de sangue para ter um diagn\u00f3stico preciso. N\u00e3o existe tratamento para a dengue, mas \u00e9 poss\u00edvel tratar os sintomas com medica\u00e7\u00f5es. Evite o uso de medicamentos anticoagulantes e mantenha-se hidratado. A desidrata\u00e7\u00e3o pode agravar os sintomas e levar \u00e0 interna\u00e7\u00e3o.<\/p>\n<p style=\"color: #495358; font-size: 22px; font-weight: bold;\">Preven\u00e7\u00e3o<\/p>\n<p>O principal foco de prolifera\u00e7\u00e3o do Aedes aegypti s\u00e3o lugares com \u00e1gua limpa e parada, como: baldes, pneus, vasos e caixa d\u2019\u00e1gua aberta. Vasilhas de \u00e1gua de animais e pratos de vasos de plantas devem ser lavados semanalmente para evitar o desenvolvimento de larvas do mosquito. Remova as folhas das calhas, guarde as garrafas vazias de cabe\u00e7a para baixo e n\u00e3o se esque\u00e7a do repelente para evitar picadas.<\/p>\n<p>[\/et_pb_text][\/et_pb_column][\/et_pb_row][\/et_pb_section]<\/p>\n","protected":false},"excerpt":{"rendered":"<p>O pen\u00faltimo s\u00e1bado de novembro \u00e9 reservado para a conscientiza\u00e7\u00e3o da import\u00e2ncia do combate \u00e0 dengue.<\/p>\n","protected":false},"author":1,"featured_media":4757,"comment_status":"closed","ping_status":"open","sticky":false,"template":"","format":"standard","meta":{"_et_pb_use_builder":"on","_et_pb_old_content":"","_et_gb_content_width":"","footnotes":"","_links_to":"","_links_to_target":""},"categories":[15],"tags":[20],"class_list":["post-4755","post","type-post","status-publish","format-standard","has-post-thumbnail","hentry","category-saude","tag-bem-estar"],"yoast_head":"<!-- This site is optimized with the Yoast SEO plugin v27.4 - https:\/\/yoast.com\/product\/yoast-seo-wordpress\/ -->\n<title>Dia Nacional de Combate \u00e0 Dengue<\/title>\n<meta name=\"description\" content=\"O pen\u00faltimo s\u00e1bado de novembro \u00e9 reservado para a conscientiza\u00e7\u00e3o da import\u00e2ncia do combate \u00e0 dengue.\" \/>\n<meta name=\"robots\" content=\"index, follow, max-snippet:-1, max-image-preview:large, max-video-preview:-1\" \/>\n<link rel=\"canonical\" href=\"https:\/\/acrisure.com.br\/insights\/dia-nacional-de-combate-a-dengue\/\" \/>\n<meta property=\"og:locale\" content=\"pt_BR\" \/>\n<meta property=\"og:type\" content=\"article\" \/>\n<meta property=\"og:title\" content=\"Dia Nacional de Combate \u00e0 Dengue\" \/>\n<meta property=\"og:description\" content=\"O pen\u00faltimo s\u00e1bado de novembro \u00e9 reservado para a conscientiza\u00e7\u00e3o da import\u00e2ncia do combate \u00e0 dengue.\" \/>\n<meta property=\"og:url\" content=\"https:\/\/acrisure.com.br\/insights\/dia-nacional-de-combate-a-dengue\/\" \/>\n<meta property=\"og:site_name\" content=\"Insights \/ Acrisure\" \/>\n<meta property=\"article:publisher\" content=\"https:\/\/www.facebook.com\/itsseg\/\" \/>\n<meta property=\"article:published_time\" content=\"2017-11-18T15:48:51+00:00\" \/>\n<meta property=\"article:modified_time\" content=\"2026-01-05T18:34:42+00:00\" \/>\n<meta property=\"og:image\" content=\"https:\/\/acrisure.com.br\/insights\/wp-content\/uploads\/turbinar-dia-nacional-combate-dengue.jpg\" \/>\n\t<meta property=\"og:image:width\" content=\"1920\" \/>\n\t<meta property=\"og:image:height\" content=\"640\" \/>\n\t<meta property=\"og:image:type\" content=\"image\/jpeg\" \/>\n<meta name=\"author\" content=\"publishouse\" \/>\n<meta name=\"twitter:card\" content=\"summary_large_image\" \/>\n<meta name=\"twitter:label1\" content=\"Escrito por\" \/>\n\t<meta name=\"twitter:data1\" content=\"publishouse\" \/>\n\t<meta name=\"twitter:label2\" content=\"Est. tempo de leitura\" \/>\n\t<meta name=\"twitter:data2\" content=\"2 minutos\" \/>\n<script type=\"application\/ld+json\" class=\"yoast-schema-graph\">{\"@context\":\"https:\\\/\\\/schema.org\",\"@graph\":[{\"@type\":\"Article\",\"@id\":\"https:\\\/\\\/acrisure.com.br\\\/insights\\\/dia-nacional-de-combate-a-dengue\\\/#article\",\"isPartOf\":{\"@id\":\"https:\\\/\\\/acrisure.com.br\\\/insights\\\/dia-nacional-de-combate-a-dengue\\\/\"},\"author\":{\"name\":\"publishouse\",\"@id\":\"https:\\\/\\\/acrisure.com.br\\\/insights\\\/#\\\/schema\\\/person\\\/ae285068bde2d94bbb6b0692760fb361\"},\"headline\":\"Dia Nacional de Combate \u00e0 Dengue\",\"datePublished\":\"2017-11-18T15:48:51+00:00\",\"dateModified\":\"2026-01-05T18:34:42+00:00\",\"mainEntityOfPage\":{\"@id\":\"https:\\\/\\\/acrisure.com.br\\\/insights\\\/dia-nacional-de-combate-a-dengue\\\/\"},\"wordCount\":342,\"image\":{\"@id\":\"https:\\\/\\\/acrisure.com.br\\\/insights\\\/dia-nacional-de-combate-a-dengue\\\/#primaryimage\"},\"thumbnailUrl\":\"https:\\\/\\\/acrisure.com.br\\\/insights\\\/wp-content\\\/uploads\\\/turbinar-dia-nacional-combate-dengue.jpg\",\"keywords\":[\"Bem-estar\"],\"articleSection\":[\"Sa\u00fade\"],\"inLanguage\":\"pt-BR\"},{\"@type\":\"WebPage\",\"@id\":\"https:\\\/\\\/acrisure.com.br\\\/insights\\\/dia-nacional-de-combate-a-dengue\\\/\",\"url\":\"https:\\\/\\\/acrisure.com.br\\\/insights\\\/dia-nacional-de-combate-a-dengue\\\/\",\"name\":\"Dia Nacional de Combate \u00e0 Dengue\",\"isPartOf\":{\"@id\":\"https:\\\/\\\/acrisure.com.br\\\/insights\\\/#website\"},\"primaryImageOfPage\":{\"@id\":\"https:\\\/\\\/acrisure.com.br\\\/insights\\\/dia-nacional-de-combate-a-dengue\\\/#primaryimage\"},\"image\":{\"@id\":\"https:\\\/\\\/acrisure.com.br\\\/insights\\\/dia-nacional-de-combate-a-dengue\\\/#primaryimage\"},\"thumbnailUrl\":\"https:\\\/\\\/acrisure.com.br\\\/insights\\\/wp-content\\\/uploads\\\/turbinar-dia-nacional-combate-dengue.jpg\",\"datePublished\":\"2017-11-18T15:48:51+00:00\",\"dateModified\":\"2026-01-05T18:34:42+00:00\",\"author\":{\"@id\":\"https:\\\/\\\/acrisure.com.br\\\/insights\\\/#\\\/schema\\\/person\\\/ae285068bde2d94bbb6b0692760fb361\"},\"description\":\"O pen\u00faltimo s\u00e1bado de novembro \u00e9 reservado para a conscientiza\u00e7\u00e3o da import\u00e2ncia do combate \u00e0 dengue.\",\"breadcrumb\":{\"@id\":\"https:\\\/\\\/acrisure.com.br\\\/insights\\\/dia-nacional-de-combate-a-dengue\\\/#breadcrumb\"},\"inLanguage\":\"pt-BR\",\"potentialAction\":[{\"@type\":\"ReadAction\",\"target\":[\"https:\\\/\\\/acrisure.com.br\\\/insights\\\/dia-nacional-de-combate-a-dengue\\\/\"]}]},{\"@type\":\"ImageObject\",\"inLanguage\":\"pt-BR\",\"@id\":\"https:\\\/\\\/acrisure.com.br\\\/insights\\\/dia-nacional-de-combate-a-dengue\\\/#primaryimage\",\"url\":\"https:\\\/\\\/acrisure.com.br\\\/insights\\\/wp-content\\\/uploads\\\/turbinar-dia-nacional-combate-dengue.jpg\",\"contentUrl\":\"https:\\\/\\\/acrisure.com.br\\\/insights\\\/wp-content\\\/uploads\\\/turbinar-dia-nacional-combate-dengue.jpg\",\"width\":1920,\"height\":640,\"caption\":\"Enfermeiro segurando tubo coletor de sangue com teste positivo pra dengue\"},{\"@type\":\"BreadcrumbList\",\"@id\":\"https:\\\/\\\/acrisure.com.br\\\/insights\\\/dia-nacional-de-combate-a-dengue\\\/#breadcrumb\",\"itemListElement\":[{\"@type\":\"ListItem\",\"position\":1,\"name\":\"In\u00edcio\",\"item\":\"https:\\\/\\\/acrisure.com.br\\\/insights\\\/\"},{\"@type\":\"ListItem\",\"position\":2,\"name\":\"Dia Nacional de Combate \u00e0 Dengue\"}]},{\"@type\":\"WebSite\",\"@id\":\"https:\\\/\\\/acrisure.com.br\\\/insights\\\/#website\",\"url\":\"https:\\\/\\\/acrisure.com.br\\\/insights\\\/\",\"name\":\"Insights \\\/ Acrisure\",\"description\":\"Portal de Not\u00edcias e Conte\u00fado\",\"potentialAction\":[{\"@type\":\"SearchAction\",\"target\":{\"@type\":\"EntryPoint\",\"urlTemplate\":\"https:\\\/\\\/acrisure.com.br\\\/insights\\\/?s={search_term_string}\"},\"query-input\":{\"@type\":\"PropertyValueSpecification\",\"valueRequired\":true,\"valueName\":\"search_term_string\"}}],\"inLanguage\":\"pt-BR\"},{\"@type\":\"Person\",\"@id\":\"https:\\\/\\\/acrisure.com.br\\\/insights\\\/#\\\/schema\\\/person\\\/ae285068bde2d94bbb6b0692760fb361\",\"name\":\"publishouse\",\"image\":{\"@type\":\"ImageObject\",\"inLanguage\":\"pt-BR\",\"@id\":\"https:\\\/\\\/secure.gravatar.com\\\/avatar\\\/28cbb1595e2bba31bae82123e62ffe5e807440c64f2e05ed85a7bd654289e026?s=96&d=mm&r=g\",\"url\":\"https:\\\/\\\/secure.gravatar.com\\\/avatar\\\/28cbb1595e2bba31bae82123e62ffe5e807440c64f2e05ed85a7bd654289e026?s=96&d=mm&r=g\",\"contentUrl\":\"https:\\\/\\\/secure.gravatar.com\\\/avatar\\\/28cbb1595e2bba31bae82123e62ffe5e807440c64f2e05ed85a7bd654289e026?s=96&d=mm&r=g\",\"caption\":\"publishouse\"},\"sameAs\":[\"https:\\\/\\\/acrisure.com.br\\\/insights\"],\"url\":\"https:\\\/\\\/acrisure.com.br\\\/insights\\\/author\\\/publishouse\\\/\"}]}<\/script>\n<!-- \/ Yoast SEO plugin. -->","yoast_head_json":{"title":"Dia Nacional de Combate \u00e0 Dengue","description":"O pen\u00faltimo s\u00e1bado de novembro \u00e9 reservado para a conscientiza\u00e7\u00e3o da import\u00e2ncia do combate \u00e0 dengue.","robots":{"index":"index","follow":"follow","max-snippet":"max-snippet:-1","max-image-preview":"max-image-preview:large","max-video-preview":"max-video-preview:-1"},"canonical":"https:\/\/acrisure.com.br\/insights\/dia-nacional-de-combate-a-dengue\/","og_locale":"pt_BR","og_type":"article","og_title":"Dia Nacional de Combate \u00e0 Dengue","og_description":"O pen\u00faltimo s\u00e1bado de novembro \u00e9 reservado para a conscientiza\u00e7\u00e3o da import\u00e2ncia do combate \u00e0 dengue.","og_url":"https:\/\/acrisure.com.br\/insights\/dia-nacional-de-combate-a-dengue\/","og_site_name":"Insights \/ Acrisure","article_publisher":"https:\/\/www.facebook.com\/itsseg\/","article_published_time":"2017-11-18T15:48:51+00:00","article_modified_time":"2026-01-05T18:34:42+00:00","og_image":[{"width":1920,"height":640,"url":"https:\/\/acrisure.com.br\/insights\/wp-content\/uploads\/turbinar-dia-nacional-combate-dengue.jpg","type":"image\/jpeg"}],"author":"publishouse","twitter_card":"summary_large_image","twitter_misc":{"Escrito por":"publishouse","Est. tempo de leitura":"2 minutos"},"schema":{"@context":"https:\/\/schema.org","@graph":[{"@type":"Article","@id":"https:\/\/acrisure.com.br\/insights\/dia-nacional-de-combate-a-dengue\/#article","isPartOf":{"@id":"https:\/\/acrisure.com.br\/insights\/dia-nacional-de-combate-a-dengue\/"},"author":{"name":"publishouse","@id":"https:\/\/acrisure.com.br\/insights\/#\/schema\/person\/ae285068bde2d94bbb6b0692760fb361"},"headline":"Dia Nacional de Combate \u00e0 Dengue","datePublished":"2017-11-18T15:48:51+00:00","dateModified":"2026-01-05T18:34:42+00:00","mainEntityOfPage":{"@id":"https:\/\/acrisure.com.br\/insights\/dia-nacional-de-combate-a-dengue\/"},"wordCount":342,"image":{"@id":"https:\/\/acrisure.com.br\/insights\/dia-nacional-de-combate-a-dengue\/#primaryimage"},"thumbnailUrl":"https:\/\/acrisure.com.br\/insights\/wp-content\/uploads\/turbinar-dia-nacional-combate-dengue.jpg","keywords":["Bem-estar"],"articleSection":["Sa\u00fade"],"inLanguage":"pt-BR"},{"@type":"WebPage","@id":"https:\/\/acrisure.com.br\/insights\/dia-nacional-de-combate-a-dengue\/","url":"https:\/\/acrisure.com.br\/insights\/dia-nacional-de-combate-a-dengue\/","name":"Dia Nacional de Combate \u00e0 Dengue","isPartOf":{"@id":"https:\/\/acrisure.com.br\/insights\/#website"},"primaryImageOfPage":{"@id":"https:\/\/acrisure.com.br\/insights\/dia-nacional-de-combate-a-dengue\/#primaryimage"},"image":{"@id":"https:\/\/acrisure.com.br\/insights\/dia-nacional-de-combate-a-dengue\/#primaryimage"},"thumbnailUrl":"https:\/\/acrisure.com.br\/insights\/wp-content\/uploads\/turbinar-dia-nacional-combate-dengue.jpg","datePublished":"2017-11-18T15:48:51+00:00","dateModified":"2026-01-05T18:34:42+00:00","author":{"@id":"https:\/\/acrisure.com.br\/insights\/#\/schema\/person\/ae285068bde2d94bbb6b0692760fb361"},"description":"O pen\u00faltimo s\u00e1bado de novembro \u00e9 reservado para a conscientiza\u00e7\u00e3o da import\u00e2ncia do combate \u00e0 dengue.","breadcrumb":{"@id":"https:\/\/acrisure.com.br\/insights\/dia-nacional-de-combate-a-dengue\/#breadcrumb"},"inLanguage":"pt-BR","potentialAction":[{"@type":"ReadAction","target":["https:\/\/acrisure.com.br\/insights\/dia-nacional-de-combate-a-dengue\/"]}]},{"@type":"ImageObject","inLanguage":"pt-BR","@id":"https:\/\/acrisure.com.br\/insights\/dia-nacional-de-combate-a-dengue\/#primaryimage","url":"https:\/\/acrisure.com.br\/insights\/wp-content\/uploads\/turbinar-dia-nacional-combate-dengue.jpg","contentUrl":"https:\/\/acrisure.com.br\/insights\/wp-content\/uploads\/turbinar-dia-nacional-combate-dengue.jpg","width":1920,"height":640,"caption":"Enfermeiro segurando tubo coletor de sangue com teste positivo pra dengue"},{"@type":"BreadcrumbList","@id":"https:\/\/acrisure.com.br\/insights\/dia-nacional-de-combate-a-dengue\/#breadcrumb","itemListElement":[{"@type":"ListItem","position":1,"name":"In\u00edcio","item":"https:\/\/acrisure.com.br\/insights\/"},{"@type":"ListItem","position":2,"name":"Dia Nacional de Combate \u00e0 Dengue"}]},{"@type":"WebSite","@id":"https:\/\/acrisure.com.br\/insights\/#website","url":"https:\/\/acrisure.com.br\/insights\/","name":"Insights \/ Acrisure","description":"Portal de Not\u00edcias e Conte\u00fado","potentialAction":[{"@type":"SearchAction","target":{"@type":"EntryPoint","urlTemplate":"https:\/\/acrisure.com.br\/insights\/?s={search_term_string}"},"query-input":{"@type":"PropertyValueSpecification","valueRequired":true,"valueName":"search_term_string"}}],"inLanguage":"pt-BR"},{"@type":"Person","@id":"https:\/\/acrisure.com.br\/insights\/#\/schema\/person\/ae285068bde2d94bbb6b0692760fb361","name":"publishouse","image":{"@type":"ImageObject","inLanguage":"pt-BR","@id":"https:\/\/secure.gravatar.com\/avatar\/28cbb1595e2bba31bae82123e62ffe5e807440c64f2e05ed85a7bd654289e026?s=96&d=mm&r=g","url":"https:\/\/secure.gravatar.com\/avatar\/28cbb1595e2bba31bae82123e62ffe5e807440c64f2e05ed85a7bd654289e026?s=96&d=mm&r=g","contentUrl":"https:\/\/secure.gravatar.com\/avatar\/28cbb1595e2bba31bae82123e62ffe5e807440c64f2e05ed85a7bd654289e026?s=96&d=mm&r=g","caption":"publishouse"},"sameAs":["https:\/\/acrisure.com.br\/insights"],"url":"https:\/\/acrisure.com.br\/insights\/author\/publishouse\/"}]}},"_links":{"self":[{"href":"https:\/\/acrisure.com.br\/insights\/wp-json\/wp\/v2\/posts\/4755","targetHints":{"allow":["GET"]}}],"collection":[{"href":"https:\/\/acrisure.com.br\/insights\/wp-json\/wp\/v2\/posts"}],"about":[{"href":"https:\/\/acrisure.com.br\/insights\/wp-json\/wp\/v2\/types\/post"}],"author":[{"embeddable":true,"href":"https:\/\/acrisure.com.br\/insights\/wp-json\/wp\/v2\/users\/1"}],"replies":[{"embeddable":true,"href":"https:\/\/acrisure.com.br\/insights\/wp-json\/wp\/v2\/comments?post=4755"}],"version-history":[{"count":3,"href":"https:\/\/acrisure.com.br\/insights\/wp-json\/wp\/v2\/posts\/4755\/revisions"}],"predecessor-version":[{"id":17967,"href":"https:\/\/acrisure.com.br\/insights\/wp-json\/wp\/v2\/posts\/4755\/revisions\/17967"}],"wp:featuredmedia":[{"embeddable":true,"href":"https:\/\/acrisure.com.br\/insights\/wp-json\/wp\/v2\/media\/4757"}],"wp:attachment":[{"href":"https:\/\/acrisure.com.br\/insights\/wp-json\/wp\/v2\/media?parent=4755"}],"wp:term":[{"taxonomy":"category","embeddable":true,"href":"https:\/\/acrisure.com.br\/insights\/wp-json\/wp\/v2\/categories?post=4755"},{"taxonomy":"post_tag","embeddable":true,"href":"https:\/\/acrisure.com.br\/insights\/wp-json\/wp\/v2\/tags?post=4755"}],"curies":[{"name":"wp","href":"https:\/\/api.w.org\/{rel}","templated":true}]}}