{"id":4809,"date":"2023-05-31T09:00:59","date_gmt":"2023-05-31T12:00:59","guid":{"rendered":"https:\/\/acrisure.com.br\/insights\/?p=4809"},"modified":"2025-12-16T17:56:58","modified_gmt":"2025-12-16T20:56:58","slug":"tdah-infancia-vida-profissional","status":"publish","type":"post","link":"https:\/\/acrisure.com.br\/insights\/tdah-infancia-vida-profissional\/","title":{"rendered":"Especial TDAH: Da inf\u00e2ncia at\u00e9 a vida profissional"},"content":{"rendered":"<p>[et_pb_section fb_built=&#8221;1&#8243; admin_label=&#8221;Post&#8221; _builder_version=&#8221;4.20.0&#8243; custom_padding=&#8221;0px||0px||false|false&#8221; global_colors_info=&#8221;{}&#8221;][et_pb_row admin_label=&#8221;Post&#8221; _builder_version=&#8221;4.19.4&#8243; background_size=&#8221;initial&#8221; background_position=&#8221;top_left&#8221; background_repeat=&#8221;repeat&#8221; width=&#8221;100%&#8221; custom_padding=&#8221;0px||0px||false|false&#8221; global_colors_info=&#8221;{}&#8221;][et_pb_column type=&#8221;4_4&#8243; _builder_version=&#8221;4.16&#8243; custom_padding=&#8221;|||&#8221; global_colors_info=&#8221;{}&#8221; custom_padding__hover=&#8221;|||&#8221;][et_pb_text admin_label=&#8221;Conte\u00fado&#8221; _builder_version=&#8221;4.27.3&#8243; _module_preset=&#8221;default&#8221; text_letter_spacing=&#8221;1px&#8221; custom_margin=&#8221;||||false|false&#8221; hover_enabled=&#8221;0&#8243; global_colors_info=&#8221;{}&#8221; sticky_enabled=&#8221;0&#8243;]<\/p>\n<p><span style=\"font-weight: 400;\">Um <\/span><a href=\"https:\/\/www.nytimes.com\/2013\/05\/05\/opinion\/sunday\/a-focus-on-distraction.html\" target=\"_blank\" rel=\"noopener\"><span style=\"font-weight: 400;\">estudo da Universidade Irvine<\/span><\/a><span style=\"font-weight: 400;\">, na Calif\u00f3rnia, apontou que as pessoas que trabalham em escrit\u00f3rios s\u00e3o interrompidas, em m\u00e9dia, <strong>uma vez a cada 11 minutos.<\/strong> Isso inclui chamadas de telefone, mensagens de aplicativos, reuni\u00f5es, conversas com colegas, alinhamentos e outras tarefas.<\/span><\/p>\n<p><span style=\"font-weight: 400;\">O relat\u00f3rio mostrou tamb\u00e9m que esses mesmos profissionais levaram <strong>mais de 25 minutos<\/strong> para retomarem o foco em suas atividades, antes de serem interrompidos. Agora imagine este cen\u00e1rio para uma pessoa que possui TDAH, o <strong>Transtorno de D\u00e9ficit de Aten\u00e7\u00e3o e Hiperatividade.\u00a0<\/strong><\/span><\/p>\n<p><span style=\"font-weight: 400;\">Independentemente do ambiente de trabalho, as distra\u00e7\u00f5es podem ocorrer a todo momento. No entanto, para os colaboradores que possuem esta condi\u00e7\u00e3o, <\/span><b>o desafio \u00e9 ainda maior.<\/b><\/p>\n<blockquote>\n<p><span style=\"font-weight: 400;\">\u201c\u00c9 importante fazer o diagn\u00f3stico de TDAH, pois os trabalhadores que sabem que t\u00eam esse transtorno conseguem adotar h\u00e1bitos que os fa\u00e7am ter uma produtividade maior. Mas quando o profissional tem d\u00e9ficit de aten\u00e7\u00e3o, mas n\u00e3o sabe disso, ele pode sofrer com os sintomas, <\/span><b>se sentir deslocado<\/b><span style=\"font-weight: 400;\"> no ambiente de trabalho ou com a sensa\u00e7\u00e3o de que est\u00e1 sempre sobrecarregado\u201d, <\/span><span style=\"font-weight: 400;\">comenta Thais Camargo, diretora de gente e gest\u00e3o da Acrisure.\u00a0<\/span><\/p>\n<\/blockquote>\n<h2><b>O que \u00e9 o TDAH?\u00a0<\/b><\/h2>\n<p><span style=\"font-weight: 400;\">O nome <\/span><b>Transtorno de D\u00e9ficit de Aten\u00e7\u00e3o e Hiperatividade<\/b><span style=\"font-weight: 400;\"> j\u00e1 indica quais s\u00e3o as principais dificuldades enfrentadas por indiv\u00edduos com TDAH. Quem possui essa condi\u00e7\u00e3o precisa se esfor\u00e7ar bastante para manter a concentra\u00e7\u00e3o cont\u00ednua em uma atividade, sem se distrair.<\/span><\/p>\n<p><span style=\"font-weight: 400;\">Em alguns casos, pequenas coisas tiram o foco de quem tem TDAH, desde uma simples caneta caindo no ch\u00e3o, at\u00e9 a notifica\u00e7\u00e3o que aparece na tela do celular. No entanto, o grau de distra\u00e7\u00e3o varia de acordo com o n\u00edvel do d\u00e9ficit que a pessoa tem.<\/span><\/p>\n<p><span style=\"font-weight: 400;\">Al\u00e9m disso, <\/span><b>existem outros ind\u00edcios<\/b><span style=\"font-weight: 400;\"> que podem caracterizar um quadro de TDAH:<\/span><\/p>\n<ul>\n<li><span style=\"font-weight: 400;\"> Impulsividade, tanto na fala quanto nos gestos;<\/span><\/li>\n<li><span style=\"font-weight: 400;\"> Hiperatividade, especialmente na inf\u00e2ncia;<\/span><\/li>\n<li><span style=\"font-weight: 400;\"> Dificuldade de seguir uma rotina;<\/span><\/li>\n<li><span style=\"font-weight: 400;\"> Problemas em gerenciar o tempo;<\/span><\/li>\n<li><span style=\"font-weight: 400;\"> Criatividade em tarefas que desafiem sua imagina\u00e7\u00e3o;<\/span><\/li>\n<li><span style=\"font-weight: 400;\"> Hiperfoco em atividades que sejam de grande interesse.<\/span><\/li>\n<\/ul>\n<h3><b>Como identificar o TDAH?\u00a0<\/b><\/h3>\n<p><span style=\"font-weight: 400;\">A psic\u00f3loga da Acrisure, Patr\u00edcia Weisman, explica que \u00e9 poss\u00edvel notar alguns ind\u00edcios do d\u00e9ficit de aten\u00e7\u00e3o.<\/span><\/p>\n<blockquote>\n<p><span style=\"font-weight: 400;\">\u201cMuitas pessoas que possuem o TDAH se machucam com frequ\u00eancia, pois por onde elas passam, elas v\u00e3o batendo a m\u00e3o nos objetos ou chutando as coisas sem querer. Existe tamb\u00e9m aquela pessoa que est\u00e1 sempre derrubando as coisas por acidente, porque vai pegar e deixa cair. E existe o sintoma mais comum, <\/span><b>a hiperatividade.<\/b><span style=\"font-weight: 400;\"> \u00c9 dif\u00edcil essa pessoa ficar parada, est\u00e1 sempre mexendo em alguma coisa, costuma ter a fala acelerada e gesticular bastante\u201d.<\/span><\/p>\n<\/blockquote>\n<h4><b>TDAH na inf\u00e2ncia<\/b><\/h4>\n<p><span style=\"font-weight: 400;\">Durante a inf\u00e2ncia, <\/span><b>os sinais podem ser ainda mais evidentes. <\/b><span style=\"font-weight: 400;\">A psic\u00f3loga conta que conseguiu identificar os ind\u00edcios de TDAH em seu filho ainda pequeno.\u00a0<\/span><\/p>\n<blockquote>\n<p><span style=\"font-weight: 400;\">\u201cDesde quando ele era menor, eu tinha certeza que ele tinha TDAH, porque era n\u00edtido. Quando a gente ia em algum evento (churrasco, festa de fam\u00edlia), eu ficava cansada de correr atr\u00e1s dele, porque ele sempre foi aquela crian\u00e7a muito hiperativa, que n\u00e3o dormia, que pulava toda hora.\u00a0<\/span><\/p>\n<p><span style=\"font-weight: 400;\">Hoje ele tem 12 anos, vive uma vida normal e consegue estudar tranquilamente. O bom \u00e9 que ele se auto percebe. Ele sabe os momentos em que o TDAH dele come\u00e7a a ficar mais intenso. Ent\u00e3o o autoconhecimento tamb\u00e9m pode levar ao diagn\u00f3stico mais facilmente\u201d.\u00a0<\/span><\/p>\n<\/blockquote>\n<p><span style=\"font-weight: 400;\">Para Thais, a situa\u00e7\u00e3o foi semelhante. Ela conta tamb\u00e9m alguns desafios que o filho passa na escola por conta do d\u00e9ficit de aten\u00e7\u00e3o.<\/span><\/p>\n<blockquote>\n<p><span style=\"font-weight: 400;\">&#8220;Nas escolas, existem <\/span><a href=\"https:\/\/www12.senado.leg.br\/noticias\/especiais\/especial-cidadania\/deficit-de-atencao-atinge-10-milhoes-de-brasileiros\/provas-escolares-devem-ser-feitas-em-sala-separada#:~:text=Estudantes%20com%20TDAH%20devem%20assistir,precisam%20de%20algumas%20aten%C3%A7%C3%B5es%20especiais.\"><span style=\"font-weight: 400;\">leis que garantem a aten\u00e7\u00e3o necess\u00e1ria<\/span><\/a><span style=\"font-weight: 400;\"> para os alunos que t\u00eam essa condi\u00e7\u00e3o, como \u00e9 o caso da realiza\u00e7\u00e3o das provas em sala separada.<\/span><\/p>\n<p><span style=\"font-weight: 400;\">Eu falo para o meu filho que ele tem esse direito, mas ele n\u00e3o gosta disso, porque ele fala que se ele for bem na prova, os coleguinhas v\u00e3o dizer que \u00e9 porque ele foi favorecido\u201d.<\/span><\/p>\n<\/blockquote>\n<h3><b>O TDAH est\u00e1 relacionado a outras condi\u00e7\u00f5es psicol\u00f3gicas\u00a0<\/b><\/h3>\n<p><span style=\"font-weight: 400;\">\u00c9 importante ressaltar que o TDAH se liga <a href=\"https:\/\/acrisure.com.br\/insights\/especial\/saudemental\/\" target=\"_blank\" rel=\"noopener\">diretamente a outros transtornos,<\/a> <strong>como o de ansiedade, depress\u00e3o, de aprendizado, entre outros.<\/strong> Pessoas que n\u00e3o tratam o d\u00e9ficit de aten\u00e7\u00e3o podem aumentar as chances de desenvolver essas condi\u00e7\u00f5es.<\/span><\/p>\n<p><span style=\"font-weight: 400;\">A psic\u00f3loga da Acrisure conta que existe a possibilidade de indiv\u00edduos, principalmente adultos, procurarem ajuda m\u00e9dica para tratar uma ansiedade e <strong>descobrir que a origem dela foi o TDAH.<\/strong> No caso das crian\u00e7as, \u00e9 mais comum a descoberta do transtorno de aprendizagem, devido \u00e0s dificuldades escolares, em decorr\u00eancia do d\u00e9ficit de aten\u00e7\u00e3o.<\/span><\/p>\n<blockquote>\n<p><span style=\"font-weight: 400;\">\u201cMeu diagn\u00f3stico de TDAH foi ainda na inf\u00e2ncia. Tive algumas quest\u00f5es familiares que foram complexas e at\u00e9 que eu entendesse o motivo de tudo aquilo foi um longo processo. Recebi algumas informa\u00e7\u00f5es muito novo, e at\u00e9 hoje acredito que eu n\u00e3o deveria ter recebido naquele momento. Por conta disso, desde os meus 5 anos eu fa\u00e7o acompanhamento psicol\u00f3gico.<\/span><\/p>\n<p><span style=\"font-weight: 400;\">A descoberta do TDAH veio com essas idas a esses profissionais, pois devido a tudo o que aconteceu, entrei num quadro de depress\u00e3o. Tive alguns momentos de crise, ent\u00e3o precisei manter o acompanhamento psicol\u00f3gico tamb\u00e9m com psiquiatra em conjunto com a medica\u00e7\u00e3o\u201d.<\/span><\/p>\n<\/blockquote>\n<h4><b>Tratamento do d\u00e9ficit de aten\u00e7\u00e3o\u00a0<\/b><\/h4>\n<p><span style=\"font-weight: 400;\">O acompanhamento do TDAH <strong>varia de acordo com o grau que a pessoa apresenta.<\/strong> Depois do diagn\u00f3stico atrav\u00e9s de uma avalia\u00e7\u00e3o neuropsicol\u00f3gica, que deve ser feita por m\u00e9dicos especialistas, tais como: psiquiatra, neurologista ou neuropediatra, existe a possibilidade de fazer o tratamento individualizado por meio de terapia com psic\u00f3logo e\/ou entrar com medicamento, caso seja necess\u00e1rio.<\/span><\/p>\n<p><span style=\"font-weight: 400;\">Por ser uma condi\u00e7\u00e3o neurol\u00f3gica, \u00e9 poss\u00edvel que o d\u00e9ficit de aten\u00e7\u00e3o seja reduzido a n\u00edveis m\u00ednimos com o acompanhamento adequado. No entanto, a condi\u00e7\u00e3o sempre existir\u00e1.\u00a0<\/span><\/p>\n<h3><b>E no ambiente de trabalho, como lidar com o d\u00e9ficit de aten\u00e7\u00e3o?<\/b><\/h3>\n<p><span style=\"font-weight: 400;\">Muitos profissionais n\u00e3o gostam de falar abertamente que possuem TDAH. Por ser uma quest\u00e3o relativamente nova e desconhecida, a falta de conhecimento sobre o transtorno pode ser <\/span><b>motivo de elimina\u00e7\u00e3o<\/b><span style=\"font-weight: 400;\"> em um processo seletivo, por exemplo.\u00a0<\/span><\/p>\n<blockquote>\n<p><span style=\"font-weight: 400;\">\u201cInfelizmente ainda existem lideran\u00e7as que pensam que o d\u00e9ficit de aten\u00e7\u00e3o \u00e9 algo incapacitante, mas muito pelo contr\u00e1rio\u201d,<\/span><span style=\"font-weight: 400;\"> assinala Thais. A diretora explica tamb\u00e9m que <\/span><span style=\"font-weight: 400;\">\u201ca <a href=\"https:\/\/acrisure.com.br\/insights\/neurodiversidade-no-trabalho\/\" target=\"_blank\" rel=\"noopener\">constru\u00e7\u00e3o de um ambiente neurodivergente<\/a> nas empresas pode ser muito positivo para toda a organiza\u00e7\u00e3o\u201d.<\/span><\/p>\n<\/blockquote>\n<p><span style=\"font-weight: 400;\">Para Rafael, o dia a dia no ambiente de trabalho possui algumas particularidades:<\/span><\/p>\n<blockquote>\n<p><span style=\"font-weight: 400;\">\u201cCostumo me reservar bastante enquanto estou fazendo as atividades para n\u00e3o me distrair. O lado negativo de ser t\u00e3o reservado, especificamente nestes momentos, \u00e9 que as pessoas t\u00eam dificuldade para entender que eu n\u00e3o gosto de conversar quando estou ocupado. H\u00e1 momentos em que eu preciso verbalizar que eu tenho TDAH para n\u00e3o ficar aquele clima chato\u201d.<\/span><\/p>\n<\/blockquote>\n<p><span style=\"font-weight: 400;\">O analista conta tamb\u00e9m que existem t\u00e1ticas que o ajudam a driblar o d\u00e9ficit de aten\u00e7\u00e3o no ambiente de trabalho.<\/span><\/p>\n<blockquote>\n<p><span style=\"font-weight: 400;\">\u201cGosto de colocar post-its eletr\u00f4nicos no computador (Notas Autoadesivas), variando suas cores de acordo com o tema, porque assim<strong> consigo visualizar melhor<\/strong> qual lembrete serve para cada tarefa que preciso fazer. Tamb\u00e9m prefiro<strong> aproveitar os dias que eu trabalho home office<\/strong> para fazer as atividades as quais sei que vou precisar ter um pouco mais de aten\u00e7\u00e3o\u201d.<\/span><\/p>\n<\/blockquote>\n<h4><b>H\u00e1bitos para colocar em pr\u00e1tica\u00a0<\/b><\/h4>\n<p><span style=\"font-weight: 400;\">Indiv\u00edduos com d\u00e9ficit de aten\u00e7\u00e3o costumam adotar h\u00e1bitos pr\u00f3prios para driblar o TDAH no trabalho. Primeiro, \u00e9 importante nos blindarmos das distra\u00e7\u00f5es que n\u00f3s mesmos causamos, seja por celulares, conversas ou outros meios.<\/span><\/p>\n<p><span style=\"font-weight: 400;\">Essas distra\u00e7\u00f5es que eliminam a nossa produtividade podem trazer consequ\u00eancias nada agrad\u00e1veis, como o <\/span><b>\u201ctrabalho invis\u00edvel\u201d.<\/b><span style=\"font-weight: 400;\"> Ou seja, quando voc\u00ea trabalha fora do expediente, geralmente aos finais de semana, para se manter em dia com as demandas.\u00a0<\/span><\/p>\n<ul>\n<li><span style=\"font-weight: 400;\"> Organize seu dia com anteced\u00eancia;<\/span><\/li>\n<li><span style=\"font-weight: 400;\"> Defina metas di\u00e1rias: Ter objetivos claros ajudar\u00e1 a manter a motiva\u00e7\u00e3o e concentra\u00e7\u00e3o naquilo que foi planejado;<\/span><\/li>\n<li><span style=\"font-weight: 400;\"> Cole lembretes para auxiliar as demandas;<\/span><\/li>\n<li><span style=\"font-weight: 400;\"> Tente fazer exerc\u00edcios de respira\u00e7\u00e3o ou medita\u00e7\u00e3o. A pr\u00e1tica de atividades f\u00edsicas tamb\u00e9m ajuda a baixar a hiperatividade;<\/span><\/li>\n<li><span style=\"font-weight: 400;\"> Se voc\u00ea trabalha bem ouvindo m\u00fasica, coloque os fones de ouvido e foque na sua tarefa;<\/span><\/li>\n<li><span style=\"font-weight: 400;\"> Tenha calma, fa\u00e7a uma tarefa por vez e aprenda a dizer n\u00e3o;<\/span><\/li>\n<\/ul>\n<blockquote>\n<p><span style=\"font-weight: 400;\">\u201cExiste uma tend\u00eancia da pessoa com TDAH <strong>em querer fazer tudo,<\/strong> dar conta de todas as tarefas e geralmente tudo ao mesmo tempo. Principalmente porque eles sofrem com esses r\u00f3tulos que acabam sendo colocados em cima deles\u201d<\/span><span style=\"font-weight: 400;\">, comenta a psic\u00f3loga da Acrisure.\u00a0<\/span><\/p>\n<\/blockquote>\n<h4><b>Saiba diferenciar o d\u00e9ficit de aten\u00e7\u00e3o e a falta de foco\u00a0<\/b><\/h4>\n<p><span style=\"font-weight: 400;\">Diversas pessoas se identificam com os sinais do TDAH, mas Patr\u00edcia destaca que \u00e9 fundamental saber diferenciar cada caso:<\/span><\/p>\n<blockquote>\n<p><span style=\"font-weight: 400;\">\u201cV\u00e1rios fatores externos, como excesso de estresse, de demandas, sobrecarga na vida pessoal, podem tirar o nosso foco. Ent\u00e3o, \u00e9 importante voc\u00ea perceber se o que voc\u00ea est\u00e1 tendo \u00e9 algo moment\u00e2neo, de acordo com o que voc\u00ea est\u00e1 passando no presente, ou se a sua desaten\u00e7\u00e3o \u00e9 algo a longo prazo\u201d.<\/span><\/p>\n<\/blockquote>\n<p><span style=\"font-weight: 400;\">Existem pessoas <strong>que podem passar uma vida inteira<\/strong> sem perceberem que possuem TDAH por conta do baixo n\u00edvel de sintomas. Outros indiv\u00edduos at\u00e9 percebem que possuem excesso de distra\u00e7\u00e3o, mas n\u00e3o procuram saber a fundo o motivo.<\/span><\/p>\n<p><span style=\"font-weight: 400;\">Por isso, se voc\u00ea se identificou com algum dos relatos e tem sofrido com esses ind\u00edcios no ambiente profissional, <\/span><b>busque ajuda de um psic\u00f3logo<\/b><span style=\"font-weight: 400;\">.<\/span><\/p>\n<h3><b>Personalidades bem-sucedidas com TDAH<\/b><\/h3>\n<p><span style=\"font-weight: 400;\">Embora as dificuldades enfrentadas por uma pessoa com TDAH sejam mais evidentes, <\/span><b>existe um lado muito positivo<\/b><span style=\"font-weight: 400;\"> de quem tem o d\u00e9ficit de aten\u00e7\u00e3o.<\/span><\/p>\n<blockquote>\n<p><span style=\"font-weight: 400;\">\u201cQuem tem TDAH pode ser uma pessoa extremamente criativa, emp\u00e1tica, com a vis\u00e3o formada sobre v\u00e1rios assuntos, pois a cabe\u00e7a deles est\u00e1 sempre em movimento. Al\u00e9m disso, eles possuem um hiperfoco em atividades que eles gostam de fazer. Ou seja, \u00e9 importante identificar os pontos fortes dessas pessoas e<a href=\"https:\/\/acrisure.com.br\/insights\/neurodiversidade-nas-empresas\/\" target=\"_blank\" rel=\"noopener\"> saber coloc\u00e1-los em pr\u00e1tica<\/a>\u201d,<\/span><span style=\"font-weight: 400;\"> explica Thais.\u00a0<\/span><\/p>\n<\/blockquote>\n<p><span style=\"font-weight: 400;\">No esporte, por exemplo, a ginasta norte-americana <\/span><b>Simone Biles,<\/b><span style=\"font-weight: 400;\"> e o nadador <\/span><b>Michael Phelps<\/b><span style=\"font-weight: 400;\"> j\u00e1 declararam que possuem d\u00e9ficit de aten\u00e7\u00e3o. Este inclusive foi um dos motivos para terem seguido o caminho esportivo, pois foi a forma que encontraram de canalizar a hiperatividade.<\/span><\/p>\n<p><span style=\"font-weight: 400;\">No cinema tamb\u00e9m temos exemplos. Os atores <\/span><b>Will Smith<\/b><span style=\"font-weight: 400;\">, <\/span><b>Ryan Gosling<\/b><span style=\"font-weight: 400;\"> e a atriz <\/span><b>Emma Watson, <\/b><span style=\"font-weight: 400;\">sempre falaram abertamente sobre como o TDAH foi importante para escolherem o ramo da dramaturgia.\u00a0<\/span><\/p>\n<p><span style=\"font-weight: 400;\">Fundadores de grandes empresas possuem essa condi\u00e7\u00e3o. \u00c9 o caso do empres\u00e1rio <\/span><b>Bill Gates<\/b><span style=\"font-weight: 400;\">, dono da <\/span><i><span style=\"font-weight: 400;\">Microsoft,<\/span><\/i><span style=\"font-weight: 400;\"> e<\/span><b> Richard Branson,<\/b><span style=\"font-weight: 400;\"> propriet\u00e1rio da distribuidora mundial de m\u00fasica <\/span><i><span style=\"font-weight: 400;\">Virgin Records.<\/span><\/i><\/p>\n<p><span style=\"font-weight: 400;\">No Brasil, a lista de personalidades que possuem TDAH traz como exemplo as apresentadoras <\/span><b>Sabrina Sato <\/b><span style=\"font-weight: 400;\">e <\/span><b>Tat\u00e1 Werneck. <\/b><span style=\"font-weight: 400;\">Ambas diagnosticadas com d\u00e9ficit de aten\u00e7\u00e3o quando crian\u00e7as.<\/span><\/p>\n<p>[\/et_pb_text][\/et_pb_column][\/et_pb_row][\/et_pb_section]<\/p>\n","protected":false},"excerpt":{"rendered":"<p>Na reportagem de lan\u00e7amento do nosso novo portal, voc\u00ea confere tudo sobre o TDAH. Saiba como identificar os sinais na inf\u00e2ncia, diagnosticar na vida adulta e conviver com a condi\u00e7\u00e3o na fase profissional.<\/p>\n","protected":false},"author":1,"featured_media":4720,"comment_status":"closed","ping_status":"open","sticky":false,"template":"","format":"standard","meta":{"_et_pb_use_builder":"on","_et_pb_old_content":"","_et_gb_content_width":"","footnotes":"","_links_to":"","_links_to_target":""},"categories":[25],"tags":[9],"class_list":["post-4809","post","type-post","status-publish","format-standard","has-post-thumbnail","hentry","category-gestao-de-pessoas","tag-rh"],"yoast_head":"<!-- This site is optimized with the Yoast SEO plugin v27.4 - https:\/\/yoast.com\/product\/yoast-seo-wordpress\/ -->\n<title>Especial TDAH: Da inf\u00e2ncia at\u00e9 a vida profissional<\/title>\n<meta name=\"description\" content=\"Diversas pessoas se identificam com os sinais do TDAH, mas a psic\u00f3loga da It&#039;sSeg destaca que \u00e9 fundamental saber diferenciar cada caso.\" \/>\n<meta name=\"robots\" content=\"index, follow, max-snippet:-1, max-image-preview:large, max-video-preview:-1\" \/>\n<link rel=\"canonical\" href=\"https:\/\/acrisure.com.br\/insights\/tdah-infancia-vida-profissional\/\" \/>\n<meta property=\"og:locale\" content=\"pt_BR\" \/>\n<meta property=\"og:type\" content=\"article\" \/>\n<meta property=\"og:title\" content=\"Especial TDAH: Da inf\u00e2ncia at\u00e9 a vida profissional\" \/>\n<meta property=\"og:description\" content=\"Diversas pessoas se identificam com os sinais do TDAH, mas a psic\u00f3loga da It&#039;sSeg destaca que \u00e9 fundamental saber diferenciar cada caso.\" \/>\n<meta property=\"og:url\" content=\"https:\/\/acrisure.com.br\/insights\/tdah-infancia-vida-profissional\/\" \/>\n<meta property=\"og:site_name\" content=\"Insights \/ Acrisure\" \/>\n<meta property=\"article:publisher\" content=\"https:\/\/www.facebook.com\/itsseg\/\" \/>\n<meta property=\"article:published_time\" content=\"2023-05-31T12:00:59+00:00\" \/>\n<meta property=\"article:modified_time\" content=\"2025-12-16T20:56:58+00:00\" \/>\n<meta property=\"og:image\" content=\"https:\/\/acrisure.com.br\/insights\/wp-content\/uploads\/tdah-1.jpg\" \/>\n\t<meta property=\"og:image:width\" content=\"1920\" \/>\n\t<meta property=\"og:image:height\" content=\"640\" \/>\n\t<meta property=\"og:image:type\" content=\"image\/jpeg\" \/>\n<meta name=\"author\" content=\"publishouse\" \/>\n<meta name=\"twitter:card\" content=\"summary_large_image\" \/>\n<meta name=\"twitter:label1\" content=\"Escrito por\" \/>\n\t<meta name=\"twitter:data1\" content=\"publishouse\" \/>\n\t<meta name=\"twitter:label2\" content=\"Est. tempo de leitura\" \/>\n\t<meta name=\"twitter:data2\" content=\"3 minutos\" \/>\n<script type=\"application\/ld+json\" class=\"yoast-schema-graph\">{\"@context\":\"https:\\\/\\\/schema.org\",\"@graph\":[{\"@type\":\"Article\",\"@id\":\"https:\\\/\\\/acrisure.com.br\\\/insights\\\/tdah-infancia-vida-profissional\\\/#article\",\"isPartOf\":{\"@id\":\"https:\\\/\\\/acrisure.com.br\\\/insights\\\/tdah-infancia-vida-profissional\\\/\"},\"author\":{\"name\":\"publishouse\",\"@id\":\"https:\\\/\\\/acrisure.com.br\\\/insights\\\/#\\\/schema\\\/person\\\/ae285068bde2d94bbb6b0692760fb361\"},\"headline\":\"Especial TDAH: Da inf\u00e2ncia at\u00e9 a vida profissional\",\"datePublished\":\"2023-05-31T12:00:59+00:00\",\"dateModified\":\"2025-12-16T20:56:58+00:00\",\"mainEntityOfPage\":{\"@id\":\"https:\\\/\\\/acrisure.com.br\\\/insights\\\/tdah-infancia-vida-profissional\\\/\"},\"wordCount\":1974,\"image\":{\"@id\":\"https:\\\/\\\/acrisure.com.br\\\/insights\\\/tdah-infancia-vida-profissional\\\/#primaryimage\"},\"thumbnailUrl\":\"https:\\\/\\\/acrisure.com.br\\\/insights\\\/wp-content\\\/uploads\\\/tdah-1.jpg\",\"keywords\":[\"RH\"],\"articleSection\":[\"Gest\u00e3o de pessoas\"],\"inLanguage\":\"pt-BR\"},{\"@type\":\"WebPage\",\"@id\":\"https:\\\/\\\/acrisure.com.br\\\/insights\\\/tdah-infancia-vida-profissional\\\/\",\"url\":\"https:\\\/\\\/acrisure.com.br\\\/insights\\\/tdah-infancia-vida-profissional\\\/\",\"name\":\"Especial TDAH: Da inf\u00e2ncia at\u00e9 a vida profissional\",\"isPartOf\":{\"@id\":\"https:\\\/\\\/acrisure.com.br\\\/insights\\\/#website\"},\"primaryImageOfPage\":{\"@id\":\"https:\\\/\\\/acrisure.com.br\\\/insights\\\/tdah-infancia-vida-profissional\\\/#primaryimage\"},\"image\":{\"@id\":\"https:\\\/\\\/acrisure.com.br\\\/insights\\\/tdah-infancia-vida-profissional\\\/#primaryimage\"},\"thumbnailUrl\":\"https:\\\/\\\/acrisure.com.br\\\/insights\\\/wp-content\\\/uploads\\\/tdah-1.jpg\",\"datePublished\":\"2023-05-31T12:00:59+00:00\",\"dateModified\":\"2025-12-16T20:56:58+00:00\",\"author\":{\"@id\":\"https:\\\/\\\/acrisure.com.br\\\/insights\\\/#\\\/schema\\\/person\\\/ae285068bde2d94bbb6b0692760fb361\"},\"description\":\"Diversas pessoas se identificam com os sinais do TDAH, mas a psic\u00f3loga da It'sSeg destaca que \u00e9 fundamental saber diferenciar cada caso.\",\"breadcrumb\":{\"@id\":\"https:\\\/\\\/acrisure.com.br\\\/insights\\\/tdah-infancia-vida-profissional\\\/#breadcrumb\"},\"inLanguage\":\"pt-BR\",\"potentialAction\":[{\"@type\":\"ReadAction\",\"target\":[\"https:\\\/\\\/acrisure.com.br\\\/insights\\\/tdah-infancia-vida-profissional\\\/\"]}]},{\"@type\":\"ImageObject\",\"inLanguage\":\"pt-BR\",\"@id\":\"https:\\\/\\\/acrisure.com.br\\\/insights\\\/tdah-infancia-vida-profissional\\\/#primaryimage\",\"url\":\"https:\\\/\\\/acrisure.com.br\\\/insights\\\/wp-content\\\/uploads\\\/tdah-1.jpg\",\"contentUrl\":\"https:\\\/\\\/acrisure.com.br\\\/insights\\\/wp-content\\\/uploads\\\/tdah-1.jpg\",\"width\":1920,\"height\":640,\"caption\":\"Bola feita de el\u00e1sticos coloridos sobre fundo azul, simbolizando a mente hiperativa e multifocal do TDAH.\"},{\"@type\":\"BreadcrumbList\",\"@id\":\"https:\\\/\\\/acrisure.com.br\\\/insights\\\/tdah-infancia-vida-profissional\\\/#breadcrumb\",\"itemListElement\":[{\"@type\":\"ListItem\",\"position\":1,\"name\":\"In\u00edcio\",\"item\":\"https:\\\/\\\/acrisure.com.br\\\/insights\\\/\"},{\"@type\":\"ListItem\",\"position\":2,\"name\":\"Especial TDAH: Da inf\u00e2ncia at\u00e9 a vida profissional\"}]},{\"@type\":\"WebSite\",\"@id\":\"https:\\\/\\\/acrisure.com.br\\\/insights\\\/#website\",\"url\":\"https:\\\/\\\/acrisure.com.br\\\/insights\\\/\",\"name\":\"Insights \\\/ Acrisure\",\"description\":\"Portal de Not\u00edcias e Conte\u00fado\",\"potentialAction\":[{\"@type\":\"SearchAction\",\"target\":{\"@type\":\"EntryPoint\",\"urlTemplate\":\"https:\\\/\\\/acrisure.com.br\\\/insights\\\/?s={search_term_string}\"},\"query-input\":{\"@type\":\"PropertyValueSpecification\",\"valueRequired\":true,\"valueName\":\"search_term_string\"}}],\"inLanguage\":\"pt-BR\"},{\"@type\":\"Person\",\"@id\":\"https:\\\/\\\/acrisure.com.br\\\/insights\\\/#\\\/schema\\\/person\\\/ae285068bde2d94bbb6b0692760fb361\",\"name\":\"publishouse\",\"image\":{\"@type\":\"ImageObject\",\"inLanguage\":\"pt-BR\",\"@id\":\"https:\\\/\\\/secure.gravatar.com\\\/avatar\\\/28cbb1595e2bba31bae82123e62ffe5e807440c64f2e05ed85a7bd654289e026?s=96&d=mm&r=g\",\"url\":\"https:\\\/\\\/secure.gravatar.com\\\/avatar\\\/28cbb1595e2bba31bae82123e62ffe5e807440c64f2e05ed85a7bd654289e026?s=96&d=mm&r=g\",\"contentUrl\":\"https:\\\/\\\/secure.gravatar.com\\\/avatar\\\/28cbb1595e2bba31bae82123e62ffe5e807440c64f2e05ed85a7bd654289e026?s=96&d=mm&r=g\",\"caption\":\"publishouse\"},\"sameAs\":[\"https:\\\/\\\/acrisure.com.br\\\/insights\"],\"url\":\"https:\\\/\\\/acrisure.com.br\\\/insights\\\/author\\\/publishouse\\\/\"}]}<\/script>\n<!-- \/ Yoast SEO plugin. -->","yoast_head_json":{"title":"Especial TDAH: Da inf\u00e2ncia at\u00e9 a vida profissional","description":"Diversas pessoas se identificam com os sinais do TDAH, mas a psic\u00f3loga da It'sSeg destaca que \u00e9 fundamental saber diferenciar cada caso.","robots":{"index":"index","follow":"follow","max-snippet":"max-snippet:-1","max-image-preview":"max-image-preview:large","max-video-preview":"max-video-preview:-1"},"canonical":"https:\/\/acrisure.com.br\/insights\/tdah-infancia-vida-profissional\/","og_locale":"pt_BR","og_type":"article","og_title":"Especial TDAH: Da inf\u00e2ncia at\u00e9 a vida profissional","og_description":"Diversas pessoas se identificam com os sinais do TDAH, mas a psic\u00f3loga da It'sSeg destaca que \u00e9 fundamental saber diferenciar cada caso.","og_url":"https:\/\/acrisure.com.br\/insights\/tdah-infancia-vida-profissional\/","og_site_name":"Insights \/ Acrisure","article_publisher":"https:\/\/www.facebook.com\/itsseg\/","article_published_time":"2023-05-31T12:00:59+00:00","article_modified_time":"2025-12-16T20:56:58+00:00","og_image":[{"width":1920,"height":640,"url":"https:\/\/acrisure.com.br\/insights\/wp-content\/uploads\/tdah-1.jpg","type":"image\/jpeg"}],"author":"publishouse","twitter_card":"summary_large_image","twitter_misc":{"Escrito por":"publishouse","Est. tempo de leitura":"3 minutos"},"schema":{"@context":"https:\/\/schema.org","@graph":[{"@type":"Article","@id":"https:\/\/acrisure.com.br\/insights\/tdah-infancia-vida-profissional\/#article","isPartOf":{"@id":"https:\/\/acrisure.com.br\/insights\/tdah-infancia-vida-profissional\/"},"author":{"name":"publishouse","@id":"https:\/\/acrisure.com.br\/insights\/#\/schema\/person\/ae285068bde2d94bbb6b0692760fb361"},"headline":"Especial TDAH: Da inf\u00e2ncia at\u00e9 a vida profissional","datePublished":"2023-05-31T12:00:59+00:00","dateModified":"2025-12-16T20:56:58+00:00","mainEntityOfPage":{"@id":"https:\/\/acrisure.com.br\/insights\/tdah-infancia-vida-profissional\/"},"wordCount":1974,"image":{"@id":"https:\/\/acrisure.com.br\/insights\/tdah-infancia-vida-profissional\/#primaryimage"},"thumbnailUrl":"https:\/\/acrisure.com.br\/insights\/wp-content\/uploads\/tdah-1.jpg","keywords":["RH"],"articleSection":["Gest\u00e3o de pessoas"],"inLanguage":"pt-BR"},{"@type":"WebPage","@id":"https:\/\/acrisure.com.br\/insights\/tdah-infancia-vida-profissional\/","url":"https:\/\/acrisure.com.br\/insights\/tdah-infancia-vida-profissional\/","name":"Especial TDAH: Da inf\u00e2ncia at\u00e9 a vida profissional","isPartOf":{"@id":"https:\/\/acrisure.com.br\/insights\/#website"},"primaryImageOfPage":{"@id":"https:\/\/acrisure.com.br\/insights\/tdah-infancia-vida-profissional\/#primaryimage"},"image":{"@id":"https:\/\/acrisure.com.br\/insights\/tdah-infancia-vida-profissional\/#primaryimage"},"thumbnailUrl":"https:\/\/acrisure.com.br\/insights\/wp-content\/uploads\/tdah-1.jpg","datePublished":"2023-05-31T12:00:59+00:00","dateModified":"2025-12-16T20:56:58+00:00","author":{"@id":"https:\/\/acrisure.com.br\/insights\/#\/schema\/person\/ae285068bde2d94bbb6b0692760fb361"},"description":"Diversas pessoas se identificam com os sinais do TDAH, mas a psic\u00f3loga da It'sSeg destaca que \u00e9 fundamental saber diferenciar cada caso.","breadcrumb":{"@id":"https:\/\/acrisure.com.br\/insights\/tdah-infancia-vida-profissional\/#breadcrumb"},"inLanguage":"pt-BR","potentialAction":[{"@type":"ReadAction","target":["https:\/\/acrisure.com.br\/insights\/tdah-infancia-vida-profissional\/"]}]},{"@type":"ImageObject","inLanguage":"pt-BR","@id":"https:\/\/acrisure.com.br\/insights\/tdah-infancia-vida-profissional\/#primaryimage","url":"https:\/\/acrisure.com.br\/insights\/wp-content\/uploads\/tdah-1.jpg","contentUrl":"https:\/\/acrisure.com.br\/insights\/wp-content\/uploads\/tdah-1.jpg","width":1920,"height":640,"caption":"Bola feita de el\u00e1sticos coloridos sobre fundo azul, simbolizando a mente hiperativa e multifocal do TDAH."},{"@type":"BreadcrumbList","@id":"https:\/\/acrisure.com.br\/insights\/tdah-infancia-vida-profissional\/#breadcrumb","itemListElement":[{"@type":"ListItem","position":1,"name":"In\u00edcio","item":"https:\/\/acrisure.com.br\/insights\/"},{"@type":"ListItem","position":2,"name":"Especial TDAH: Da inf\u00e2ncia at\u00e9 a vida profissional"}]},{"@type":"WebSite","@id":"https:\/\/acrisure.com.br\/insights\/#website","url":"https:\/\/acrisure.com.br\/insights\/","name":"Insights \/ Acrisure","description":"Portal de Not\u00edcias e Conte\u00fado","potentialAction":[{"@type":"SearchAction","target":{"@type":"EntryPoint","urlTemplate":"https:\/\/acrisure.com.br\/insights\/?s={search_term_string}"},"query-input":{"@type":"PropertyValueSpecification","valueRequired":true,"valueName":"search_term_string"}}],"inLanguage":"pt-BR"},{"@type":"Person","@id":"https:\/\/acrisure.com.br\/insights\/#\/schema\/person\/ae285068bde2d94bbb6b0692760fb361","name":"publishouse","image":{"@type":"ImageObject","inLanguage":"pt-BR","@id":"https:\/\/secure.gravatar.com\/avatar\/28cbb1595e2bba31bae82123e62ffe5e807440c64f2e05ed85a7bd654289e026?s=96&d=mm&r=g","url":"https:\/\/secure.gravatar.com\/avatar\/28cbb1595e2bba31bae82123e62ffe5e807440c64f2e05ed85a7bd654289e026?s=96&d=mm&r=g","contentUrl":"https:\/\/secure.gravatar.com\/avatar\/28cbb1595e2bba31bae82123e62ffe5e807440c64f2e05ed85a7bd654289e026?s=96&d=mm&r=g","caption":"publishouse"},"sameAs":["https:\/\/acrisure.com.br\/insights"],"url":"https:\/\/acrisure.com.br\/insights\/author\/publishouse\/"}]}},"_links":{"self":[{"href":"https:\/\/acrisure.com.br\/insights\/wp-json\/wp\/v2\/posts\/4809","targetHints":{"allow":["GET"]}}],"collection":[{"href":"https:\/\/acrisure.com.br\/insights\/wp-json\/wp\/v2\/posts"}],"about":[{"href":"https:\/\/acrisure.com.br\/insights\/wp-json\/wp\/v2\/types\/post"}],"author":[{"embeddable":true,"href":"https:\/\/acrisure.com.br\/insights\/wp-json\/wp\/v2\/users\/1"}],"replies":[{"embeddable":true,"href":"https:\/\/acrisure.com.br\/insights\/wp-json\/wp\/v2\/comments?post=4809"}],"version-history":[{"count":10,"href":"https:\/\/acrisure.com.br\/insights\/wp-json\/wp\/v2\/posts\/4809\/revisions"}],"predecessor-version":[{"id":16854,"href":"https:\/\/acrisure.com.br\/insights\/wp-json\/wp\/v2\/posts\/4809\/revisions\/16854"}],"wp:featuredmedia":[{"embeddable":true,"href":"https:\/\/acrisure.com.br\/insights\/wp-json\/wp\/v2\/media\/4720"}],"wp:attachment":[{"href":"https:\/\/acrisure.com.br\/insights\/wp-json\/wp\/v2\/media?parent=4809"}],"wp:term":[{"taxonomy":"category","embeddable":true,"href":"https:\/\/acrisure.com.br\/insights\/wp-json\/wp\/v2\/categories?post=4809"},{"taxonomy":"post_tag","embeddable":true,"href":"https:\/\/acrisure.com.br\/insights\/wp-json\/wp\/v2\/tags?post=4809"}],"curies":[{"name":"wp","href":"https:\/\/api.w.org\/{rel}","templated":true}]}}