{"id":5043,"date":"2017-10-20T16:20:02","date_gmt":"2017-10-20T18:20:02","guid":{"rendered":"https:\/\/acrisure.com.br\/insights\/?p=5043"},"modified":"2026-01-05T16:37:19","modified_gmt":"2026-01-05T19:37:19","slug":"dia-nacional-de-combate-a-sifilis","status":"publish","type":"post","link":"https:\/\/acrisure.com.br\/insights\/dia-nacional-de-combate-a-sifilis\/","title":{"rendered":"Dia Nacional de Combate \u00e0 S\u00edfilis"},"content":{"rendered":"<p>[et_pb_section fb_built=&#8221;1&#8243; admin_label=&#8221;Post&#8221; _builder_version=&#8221;4.20.0&#8243; custom_padding=&#8221;0px||0px||false|false&#8221; global_colors_info=&#8221;{}&#8221;][et_pb_row admin_label=&#8221;Post&#8221; _builder_version=&#8221;4.19.4&#8243; background_size=&#8221;initial&#8221; background_position=&#8221;top_left&#8221; background_repeat=&#8221;repeat&#8221; width=&#8221;100%&#8221; custom_padding=&#8221;0px||0px||false|false&#8221; global_colors_info=&#8221;{}&#8221;][et_pb_column type=&#8221;4_4&#8243; _builder_version=&#8221;4.16&#8243; custom_padding=&#8221;|||&#8221; global_colors_info=&#8221;{}&#8221; custom_padding__hover=&#8221;|||&#8221;][et_pb_text admin_label=&#8221;Conte\u00fado&#8221; _builder_version=&#8221;4.21.0&#8243; _module_preset=&#8221;default&#8221; text_letter_spacing=&#8221;1px&#8221; custom_margin=&#8221;||||false|false&#8221; global_colors_info=&#8221;{}&#8221;]<\/p>\n<p>A s\u00edfilis \u00e9 um mal que acomete pessoas de todas as idades e sexos. O cont\u00e1gio se d\u00e1 pelo contato sexual, direto com feridas ou sangue contaminado, ou da m\u00e3e para o filho durante a gesta\u00e7\u00e3o. Segundo estimativa da Organiza\u00e7\u00e3o Mundial da Sa\u00fade (OMS), 5,6 milh\u00f5es de pessoas s\u00e3o infectadas todos os anos, com exce\u00e7\u00e3o da s\u00edfilis cong\u00eanita.<\/p>\n<p style=\"color: #495358; font-size: 22px; font-weight: bold;\">Procure ajuda<\/p>\n<p>Cerca de 90% do cont\u00e1gio da s\u00edfilis ocorre por rela\u00e7\u00f5es sexuais desprotegidas. Por isso, usar preservativo \u00e9 indispens\u00e1vel. Caso voc\u00ea note algum sintoma da doen\u00e7a, procure um m\u00e9dico para realizar o diagn\u00f3stico. Ele \u00e9 feito por meio de exame de sangue ou cultura de bact\u00e9rias, com a coleta de uma amostra de secre\u00e7\u00e3o expelida por alguma ferida ou por puls\u00e3o lombar do l\u00edquido cefalorraquidiano. Se o diagn\u00f3stico for positivo, \u00e9 muito importante notificar o seu parceiro, para que ele tamb\u00e9m fa\u00e7a os exames. O tratamento \u00e9 feito com antibi\u00f3ticos que s\u00e3o oferecidos gratuitamente pelo Sistema \u00danico de Sa\u00fade (SUS).<\/p>\n<p style=\"color: #495358; font-size: 22px; font-weight: bold;\">Fases da doen\u00e7a<\/p>\n<p>\/ Prim\u00e1ria \/ os primeiros sintomas surgem tr\u00eas semanas ap\u00f3s o cont\u00e1gio, s\u00e3o feridas chamadas de cancro duro, com uma esp\u00e9cie de casca endurecida ou avermelhada. Na maioria das vezes elas se localizam nas paredes vaginais, per\u00edneo, colo uterino, prep\u00facio, boca, nariz e dedos.<\/p>\n<p>\/ Secund\u00e1ria \/ de 6 a 8 semanas depois do desaparecimento das les\u00f5es do est\u00e1gio prim\u00e1rio, aparecem manchas na pele, \u00edngua, mal-estar, falta de apetite e perda de peso.<\/p>\n<p>\/ Terci\u00e1ria \/ nesse est\u00e1gio surgem les\u00f5es maiores, problemas no cora\u00e7\u00e3o, nervos, ossos, m\u00fasculos, f\u00edgado e vasos sangu\u00edneos, convuls\u00e3o, perda auditiva, acidente vascular cerebral (AVC) e alucina\u00e7\u00f5es. Esses sintomas podem surgir de 10 a 30 anos ap\u00f3s a fase prim\u00e1ria.<\/p>\n<p>[\/et_pb_text][\/et_pb_column][\/et_pb_row][\/et_pb_section]<\/p>\n","protected":false},"excerpt":{"rendered":"<p>Celebrada no terceiro s\u00e1bado de outubro, a data \u00e9 um alerta aos problemas que essa doen\u00e7a sexualmente transmiss\u00edvel pode causar.<\/p>\n","protected":false},"author":1,"featured_media":5045,"comment_status":"closed","ping_status":"open","sticky":false,"template":"","format":"standard","meta":{"_et_pb_use_builder":"on","_et_pb_old_content":"","_et_gb_content_width":"","footnotes":"","_links_to":"","_links_to_target":""},"categories":[15],"tags":[9],"class_list":["post-5043","post","type-post","status-publish","format-standard","has-post-thumbnail","hentry","category-saude","tag-rh"],"yoast_head":"<!-- This site is optimized with the Yoast SEO plugin v27.4 - https:\/\/yoast.com\/product\/yoast-seo-wordpress\/ -->\n<title>Dia Nacional de Combate \u00e0 S\u00edfilis<\/title>\n<meta name=\"description\" content=\"Celebrada no terceiro s\u00e1bado de outubro, a data \u00e9 um alerta aos problemas que essa doen\u00e7a sexualmente transmiss\u00edvel pode causar.\" \/>\n<meta name=\"robots\" content=\"index, follow, max-snippet:-1, max-image-preview:large, max-video-preview:-1\" \/>\n<link rel=\"canonical\" href=\"https:\/\/acrisure.com.br\/insights\/dia-nacional-de-combate-a-sifilis\/\" \/>\n<meta property=\"og:locale\" content=\"pt_BR\" \/>\n<meta property=\"og:type\" content=\"article\" \/>\n<meta property=\"og:title\" content=\"Dia Nacional de Combate \u00e0 S\u00edfilis\" \/>\n<meta property=\"og:description\" content=\"Celebrada no terceiro s\u00e1bado de outubro, a data \u00e9 um alerta aos problemas que essa doen\u00e7a sexualmente transmiss\u00edvel pode causar.\" \/>\n<meta property=\"og:url\" content=\"https:\/\/acrisure.com.br\/insights\/dia-nacional-de-combate-a-sifilis\/\" \/>\n<meta property=\"og:site_name\" content=\"Insights \/ Acrisure\" \/>\n<meta property=\"article:publisher\" content=\"https:\/\/www.facebook.com\/itsseg\/\" \/>\n<meta property=\"article:published_time\" content=\"2017-10-20T18:20:02+00:00\" \/>\n<meta property=\"article:modified_time\" content=\"2026-01-05T19:37:19+00:00\" \/>\n<meta property=\"og:image\" content=\"https:\/\/acrisure.com.br\/insights\/wp-content\/uploads\/turbinar-dia-nacional-combate-sifilis.jpg\" \/>\n\t<meta property=\"og:image:width\" content=\"1920\" \/>\n\t<meta property=\"og:image:height\" content=\"640\" \/>\n\t<meta property=\"og:image:type\" content=\"image\/jpeg\" \/>\n<meta name=\"author\" content=\"publishouse\" \/>\n<meta name=\"twitter:card\" content=\"summary_large_image\" \/>\n<meta name=\"twitter:label1\" content=\"Escrito por\" \/>\n\t<meta name=\"twitter:data1\" content=\"publishouse\" \/>\n\t<meta name=\"twitter:label2\" content=\"Est. tempo de leitura\" \/>\n\t<meta name=\"twitter:data2\" content=\"2 minutos\" \/>\n<script type=\"application\/ld+json\" class=\"yoast-schema-graph\">{\"@context\":\"https:\\\/\\\/schema.org\",\"@graph\":[{\"@type\":\"Article\",\"@id\":\"https:\\\/\\\/acrisure.com.br\\\/insights\\\/dia-nacional-de-combate-a-sifilis\\\/#article\",\"isPartOf\":{\"@id\":\"https:\\\/\\\/acrisure.com.br\\\/insights\\\/dia-nacional-de-combate-a-sifilis\\\/\"},\"author\":{\"name\":\"publishouse\",\"@id\":\"https:\\\/\\\/acrisure.com.br\\\/insights\\\/#\\\/schema\\\/person\\\/ae285068bde2d94bbb6b0692760fb361\"},\"headline\":\"Dia Nacional de Combate \u00e0 S\u00edfilis\",\"datePublished\":\"2017-10-20T18:20:02+00:00\",\"dateModified\":\"2026-01-05T19:37:19+00:00\",\"mainEntityOfPage\":{\"@id\":\"https:\\\/\\\/acrisure.com.br\\\/insights\\\/dia-nacional-de-combate-a-sifilis\\\/\"},\"wordCount\":412,\"image\":{\"@id\":\"https:\\\/\\\/acrisure.com.br\\\/insights\\\/dia-nacional-de-combate-a-sifilis\\\/#primaryimage\"},\"thumbnailUrl\":\"https:\\\/\\\/acrisure.com.br\\\/insights\\\/wp-content\\\/uploads\\\/turbinar-dia-nacional-combate-sifilis.jpg\",\"keywords\":[\"RH\"],\"articleSection\":[\"Sa\u00fade\"],\"inLanguage\":\"pt-BR\"},{\"@type\":\"WebPage\",\"@id\":\"https:\\\/\\\/acrisure.com.br\\\/insights\\\/dia-nacional-de-combate-a-sifilis\\\/\",\"url\":\"https:\\\/\\\/acrisure.com.br\\\/insights\\\/dia-nacional-de-combate-a-sifilis\\\/\",\"name\":\"Dia Nacional de Combate \u00e0 S\u00edfilis\",\"isPartOf\":{\"@id\":\"https:\\\/\\\/acrisure.com.br\\\/insights\\\/#website\"},\"primaryImageOfPage\":{\"@id\":\"https:\\\/\\\/acrisure.com.br\\\/insights\\\/dia-nacional-de-combate-a-sifilis\\\/#primaryimage\"},\"image\":{\"@id\":\"https:\\\/\\\/acrisure.com.br\\\/insights\\\/dia-nacional-de-combate-a-sifilis\\\/#primaryimage\"},\"thumbnailUrl\":\"https:\\\/\\\/acrisure.com.br\\\/insights\\\/wp-content\\\/uploads\\\/turbinar-dia-nacional-combate-sifilis.jpg\",\"datePublished\":\"2017-10-20T18:20:02+00:00\",\"dateModified\":\"2026-01-05T19:37:19+00:00\",\"author\":{\"@id\":\"https:\\\/\\\/acrisure.com.br\\\/insights\\\/#\\\/schema\\\/person\\\/ae285068bde2d94bbb6b0692760fb361\"},\"description\":\"Celebrada no terceiro s\u00e1bado de outubro, a data \u00e9 um alerta aos problemas que essa doen\u00e7a sexualmente transmiss\u00edvel pode causar.\",\"breadcrumb\":{\"@id\":\"https:\\\/\\\/acrisure.com.br\\\/insights\\\/dia-nacional-de-combate-a-sifilis\\\/#breadcrumb\"},\"inLanguage\":\"pt-BR\",\"potentialAction\":[{\"@type\":\"ReadAction\",\"target\":[\"https:\\\/\\\/acrisure.com.br\\\/insights\\\/dia-nacional-de-combate-a-sifilis\\\/\"]}]},{\"@type\":\"ImageObject\",\"inLanguage\":\"pt-BR\",\"@id\":\"https:\\\/\\\/acrisure.com.br\\\/insights\\\/dia-nacional-de-combate-a-sifilis\\\/#primaryimage\",\"url\":\"https:\\\/\\\/acrisure.com.br\\\/insights\\\/wp-content\\\/uploads\\\/turbinar-dia-nacional-combate-sifilis.jpg\",\"contentUrl\":\"https:\\\/\\\/acrisure.com.br\\\/insights\\\/wp-content\\\/uploads\\\/turbinar-dia-nacional-combate-sifilis.jpg\",\"width\":1920,\"height\":640,\"caption\":\"Mulher segurando preservativo fechado da cor verde\"},{\"@type\":\"BreadcrumbList\",\"@id\":\"https:\\\/\\\/acrisure.com.br\\\/insights\\\/dia-nacional-de-combate-a-sifilis\\\/#breadcrumb\",\"itemListElement\":[{\"@type\":\"ListItem\",\"position\":1,\"name\":\"In\u00edcio\",\"item\":\"https:\\\/\\\/acrisure.com.br\\\/insights\\\/\"},{\"@type\":\"ListItem\",\"position\":2,\"name\":\"Dia Nacional de Combate \u00e0 S\u00edfilis\"}]},{\"@type\":\"WebSite\",\"@id\":\"https:\\\/\\\/acrisure.com.br\\\/insights\\\/#website\",\"url\":\"https:\\\/\\\/acrisure.com.br\\\/insights\\\/\",\"name\":\"Insights \\\/ Acrisure\",\"description\":\"Portal de Not\u00edcias e Conte\u00fado\",\"potentialAction\":[{\"@type\":\"SearchAction\",\"target\":{\"@type\":\"EntryPoint\",\"urlTemplate\":\"https:\\\/\\\/acrisure.com.br\\\/insights\\\/?s={search_term_string}\"},\"query-input\":{\"@type\":\"PropertyValueSpecification\",\"valueRequired\":true,\"valueName\":\"search_term_string\"}}],\"inLanguage\":\"pt-BR\"},{\"@type\":\"Person\",\"@id\":\"https:\\\/\\\/acrisure.com.br\\\/insights\\\/#\\\/schema\\\/person\\\/ae285068bde2d94bbb6b0692760fb361\",\"name\":\"publishouse\",\"image\":{\"@type\":\"ImageObject\",\"inLanguage\":\"pt-BR\",\"@id\":\"https:\\\/\\\/secure.gravatar.com\\\/avatar\\\/28cbb1595e2bba31bae82123e62ffe5e807440c64f2e05ed85a7bd654289e026?s=96&d=mm&r=g\",\"url\":\"https:\\\/\\\/secure.gravatar.com\\\/avatar\\\/28cbb1595e2bba31bae82123e62ffe5e807440c64f2e05ed85a7bd654289e026?s=96&d=mm&r=g\",\"contentUrl\":\"https:\\\/\\\/secure.gravatar.com\\\/avatar\\\/28cbb1595e2bba31bae82123e62ffe5e807440c64f2e05ed85a7bd654289e026?s=96&d=mm&r=g\",\"caption\":\"publishouse\"},\"sameAs\":[\"https:\\\/\\\/acrisure.com.br\\\/insights\"],\"url\":\"https:\\\/\\\/acrisure.com.br\\\/insights\\\/author\\\/publishouse\\\/\"}]}<\/script>\n<!-- \/ Yoast SEO plugin. -->","yoast_head_json":{"title":"Dia Nacional de Combate \u00e0 S\u00edfilis","description":"Celebrada no terceiro s\u00e1bado de outubro, a data \u00e9 um alerta aos problemas que essa doen\u00e7a sexualmente transmiss\u00edvel pode causar.","robots":{"index":"index","follow":"follow","max-snippet":"max-snippet:-1","max-image-preview":"max-image-preview:large","max-video-preview":"max-video-preview:-1"},"canonical":"https:\/\/acrisure.com.br\/insights\/dia-nacional-de-combate-a-sifilis\/","og_locale":"pt_BR","og_type":"article","og_title":"Dia Nacional de Combate \u00e0 S\u00edfilis","og_description":"Celebrada no terceiro s\u00e1bado de outubro, a data \u00e9 um alerta aos problemas que essa doen\u00e7a sexualmente transmiss\u00edvel pode causar.","og_url":"https:\/\/acrisure.com.br\/insights\/dia-nacional-de-combate-a-sifilis\/","og_site_name":"Insights \/ Acrisure","article_publisher":"https:\/\/www.facebook.com\/itsseg\/","article_published_time":"2017-10-20T18:20:02+00:00","article_modified_time":"2026-01-05T19:37:19+00:00","og_image":[{"width":1920,"height":640,"url":"https:\/\/acrisure.com.br\/insights\/wp-content\/uploads\/turbinar-dia-nacional-combate-sifilis.jpg","type":"image\/jpeg"}],"author":"publishouse","twitter_card":"summary_large_image","twitter_misc":{"Escrito por":"publishouse","Est. tempo de leitura":"2 minutos"},"schema":{"@context":"https:\/\/schema.org","@graph":[{"@type":"Article","@id":"https:\/\/acrisure.com.br\/insights\/dia-nacional-de-combate-a-sifilis\/#article","isPartOf":{"@id":"https:\/\/acrisure.com.br\/insights\/dia-nacional-de-combate-a-sifilis\/"},"author":{"name":"publishouse","@id":"https:\/\/acrisure.com.br\/insights\/#\/schema\/person\/ae285068bde2d94bbb6b0692760fb361"},"headline":"Dia Nacional de Combate \u00e0 S\u00edfilis","datePublished":"2017-10-20T18:20:02+00:00","dateModified":"2026-01-05T19:37:19+00:00","mainEntityOfPage":{"@id":"https:\/\/acrisure.com.br\/insights\/dia-nacional-de-combate-a-sifilis\/"},"wordCount":412,"image":{"@id":"https:\/\/acrisure.com.br\/insights\/dia-nacional-de-combate-a-sifilis\/#primaryimage"},"thumbnailUrl":"https:\/\/acrisure.com.br\/insights\/wp-content\/uploads\/turbinar-dia-nacional-combate-sifilis.jpg","keywords":["RH"],"articleSection":["Sa\u00fade"],"inLanguage":"pt-BR"},{"@type":"WebPage","@id":"https:\/\/acrisure.com.br\/insights\/dia-nacional-de-combate-a-sifilis\/","url":"https:\/\/acrisure.com.br\/insights\/dia-nacional-de-combate-a-sifilis\/","name":"Dia Nacional de Combate \u00e0 S\u00edfilis","isPartOf":{"@id":"https:\/\/acrisure.com.br\/insights\/#website"},"primaryImageOfPage":{"@id":"https:\/\/acrisure.com.br\/insights\/dia-nacional-de-combate-a-sifilis\/#primaryimage"},"image":{"@id":"https:\/\/acrisure.com.br\/insights\/dia-nacional-de-combate-a-sifilis\/#primaryimage"},"thumbnailUrl":"https:\/\/acrisure.com.br\/insights\/wp-content\/uploads\/turbinar-dia-nacional-combate-sifilis.jpg","datePublished":"2017-10-20T18:20:02+00:00","dateModified":"2026-01-05T19:37:19+00:00","author":{"@id":"https:\/\/acrisure.com.br\/insights\/#\/schema\/person\/ae285068bde2d94bbb6b0692760fb361"},"description":"Celebrada no terceiro s\u00e1bado de outubro, a data \u00e9 um alerta aos problemas que essa doen\u00e7a sexualmente transmiss\u00edvel pode causar.","breadcrumb":{"@id":"https:\/\/acrisure.com.br\/insights\/dia-nacional-de-combate-a-sifilis\/#breadcrumb"},"inLanguage":"pt-BR","potentialAction":[{"@type":"ReadAction","target":["https:\/\/acrisure.com.br\/insights\/dia-nacional-de-combate-a-sifilis\/"]}]},{"@type":"ImageObject","inLanguage":"pt-BR","@id":"https:\/\/acrisure.com.br\/insights\/dia-nacional-de-combate-a-sifilis\/#primaryimage","url":"https:\/\/acrisure.com.br\/insights\/wp-content\/uploads\/turbinar-dia-nacional-combate-sifilis.jpg","contentUrl":"https:\/\/acrisure.com.br\/insights\/wp-content\/uploads\/turbinar-dia-nacional-combate-sifilis.jpg","width":1920,"height":640,"caption":"Mulher segurando preservativo fechado da cor verde"},{"@type":"BreadcrumbList","@id":"https:\/\/acrisure.com.br\/insights\/dia-nacional-de-combate-a-sifilis\/#breadcrumb","itemListElement":[{"@type":"ListItem","position":1,"name":"In\u00edcio","item":"https:\/\/acrisure.com.br\/insights\/"},{"@type":"ListItem","position":2,"name":"Dia Nacional de Combate \u00e0 S\u00edfilis"}]},{"@type":"WebSite","@id":"https:\/\/acrisure.com.br\/insights\/#website","url":"https:\/\/acrisure.com.br\/insights\/","name":"Insights \/ Acrisure","description":"Portal de Not\u00edcias e Conte\u00fado","potentialAction":[{"@type":"SearchAction","target":{"@type":"EntryPoint","urlTemplate":"https:\/\/acrisure.com.br\/insights\/?s={search_term_string}"},"query-input":{"@type":"PropertyValueSpecification","valueRequired":true,"valueName":"search_term_string"}}],"inLanguage":"pt-BR"},{"@type":"Person","@id":"https:\/\/acrisure.com.br\/insights\/#\/schema\/person\/ae285068bde2d94bbb6b0692760fb361","name":"publishouse","image":{"@type":"ImageObject","inLanguage":"pt-BR","@id":"https:\/\/secure.gravatar.com\/avatar\/28cbb1595e2bba31bae82123e62ffe5e807440c64f2e05ed85a7bd654289e026?s=96&d=mm&r=g","url":"https:\/\/secure.gravatar.com\/avatar\/28cbb1595e2bba31bae82123e62ffe5e807440c64f2e05ed85a7bd654289e026?s=96&d=mm&r=g","contentUrl":"https:\/\/secure.gravatar.com\/avatar\/28cbb1595e2bba31bae82123e62ffe5e807440c64f2e05ed85a7bd654289e026?s=96&d=mm&r=g","caption":"publishouse"},"sameAs":["https:\/\/acrisure.com.br\/insights"],"url":"https:\/\/acrisure.com.br\/insights\/author\/publishouse\/"}]}},"_links":{"self":[{"href":"https:\/\/acrisure.com.br\/insights\/wp-json\/wp\/v2\/posts\/5043","targetHints":{"allow":["GET"]}}],"collection":[{"href":"https:\/\/acrisure.com.br\/insights\/wp-json\/wp\/v2\/posts"}],"about":[{"href":"https:\/\/acrisure.com.br\/insights\/wp-json\/wp\/v2\/types\/post"}],"author":[{"embeddable":true,"href":"https:\/\/acrisure.com.br\/insights\/wp-json\/wp\/v2\/users\/1"}],"replies":[{"embeddable":true,"href":"https:\/\/acrisure.com.br\/insights\/wp-json\/wp\/v2\/comments?post=5043"}],"version-history":[{"count":4,"href":"https:\/\/acrisure.com.br\/insights\/wp-json\/wp\/v2\/posts\/5043\/revisions"}],"predecessor-version":[{"id":18025,"href":"https:\/\/acrisure.com.br\/insights\/wp-json\/wp\/v2\/posts\/5043\/revisions\/18025"}],"wp:featuredmedia":[{"embeddable":true,"href":"https:\/\/acrisure.com.br\/insights\/wp-json\/wp\/v2\/media\/5045"}],"wp:attachment":[{"href":"https:\/\/acrisure.com.br\/insights\/wp-json\/wp\/v2\/media?parent=5043"}],"wp:term":[{"taxonomy":"category","embeddable":true,"href":"https:\/\/acrisure.com.br\/insights\/wp-json\/wp\/v2\/categories?post=5043"},{"taxonomy":"post_tag","embeddable":true,"href":"https:\/\/acrisure.com.br\/insights\/wp-json\/wp\/v2\/tags?post=5043"}],"curies":[{"name":"wp","href":"https:\/\/api.w.org\/{rel}","templated":true}]}}