{"id":5918,"date":"2016-12-05T18:48:49","date_gmt":"2016-12-05T20:48:49","guid":{"rendered":"https:\/\/acrisure.com.br\/insights\/?p=5918"},"modified":"2026-01-06T10:52:43","modified_gmt":"2026-01-06T13:52:43","slug":"dezembro-laranja-combate-ao-cancer-de-pele","status":"publish","type":"post","link":"https:\/\/acrisure.com.br\/insights\/dezembro-laranja-combate-ao-cancer-de-pele\/","title":{"rendered":"Dezembro Laranja: combate ao c\u00e2ncer de pele"},"content":{"rendered":"<p>[et_pb_section fb_built=&#8221;1&#8243; admin_label=&#8221;Post&#8221; _builder_version=&#8221;4.19.4&#8243; custom_padding=&#8221;0px||0px||false|false&#8221; global_colors_info=&#8221;{}&#8221;][et_pb_row admin_label=&#8221;Post&#8221; _builder_version=&#8221;4.19.4&#8243; background_size=&#8221;initial&#8221; background_position=&#8221;top_left&#8221; background_repeat=&#8221;repeat&#8221; width=&#8221;100%&#8221; custom_padding=&#8221;0px||0px||false|false&#8221; global_colors_info=&#8221;{}&#8221;][et_pb_column type=&#8221;4_4&#8243; _builder_version=&#8221;4.16&#8243; custom_padding=&#8221;|||&#8221; global_colors_info=&#8221;{}&#8221; custom_padding__hover=&#8221;|||&#8221;][et_pb_text admin_label=&#8221;Conte\u00fado&#8221; _builder_version=&#8221;4.21.0&#8243; _module_preset=&#8221;default&#8221; text_letter_spacing=&#8221;1px&#8221; custom_margin=&#8221;||||false|false&#8221; global_colors_info=&#8221;{}&#8221;]<\/p>\n<p>O Dezembro Laranja faz parte do Programa Nacional de Combate ao C\u00e2ncer de Pele, criado pela Associa\u00e7\u00e3o Brasileira de Dermatologia. O movimento surgiu devido ao grande n\u00famero de pessoas com c\u00e2ncer de pele no Pa\u00eds. Segundo o Instituto Nacional de C\u00e2ncer Jos\u00e9 Alencar Gomes da Silva (INCA), a doen\u00e7a corresponde a 30% de todos os tumores malignos registrados no Brasil.<\/p>\n<p style=\"color: #495358; font-size: 22px; font-weight: bold;\">Mancha na pele ou c\u00e2ncer?<\/p>\n<p>Existem dois tipos de c\u00e2ncer de pele: o n\u00e3o melanoma e o melanoma. Ambos s\u00e3o provocados pelo crescimento anormal e descontrolado das c\u00e9lulas que comp\u00f5em a pele. O n\u00e3o melanoma \u00e9, normalmente, originado das c\u00e9lulas basais ou escamosas. J\u00e1 o melanoma tem origem nos melan\u00f3citos, c\u00e9lulas que produzem a melanina. O tipo mais comum, o n\u00e3o melanoma, tem letalidade baixa, mas os n\u00fameros alarmam os especialistas. S\u00f3 em 2016 j\u00e1 surgiram 181.430 novos casos de c\u00e2ncer de pele, sendo 83.850 em homens e 97.580 em mulheres.<\/p>\n<p style=\"color: #495358; font-size: 22px; font-weight: bold;\">Diagn\u00f3stico e preven\u00e7\u00e3o<\/p>\n<p>O tumor de pele pode surgir de uma simples mancha ou de uma pinta, que, a princ\u00edpio, podem passar despercebidas. Por isso, \u00e9 importante estar atento a algumas dicas para a detec\u00e7\u00e3o precoce da doen\u00e7a, que garante at\u00e9 90% de chance de cura. Fique de olho nas altera\u00e7\u00f5es das pintas, manchas e nos sinais suspeitos como: assimetria (partes n\u00e3o iguais), bordas irregulares (sem o aspecto arredondado comum), colora\u00e7\u00e3o (cor n\u00e3o uniforme), tamanho (di\u00e2metro maior que 5 cm), coceira e sangramento.<\/p>\n<p>A exposi\u00e7\u00e3o aos raios UV de forma inadequada \u00e9 uma das maiores causas de c\u00e2ncer de pele, al\u00e9m de: hist\u00f3rico familiar, queimaduras solares na inf\u00e2ncia ou adolesc\u00eancia, ter pele ou olhos claros, doen\u00e7as gen\u00e9ticas como o xeroderma pigmentoso ou infec\u00e7\u00f5es pelo papilomav\u00edrus humano (HPV). A preven\u00e7\u00e3o consiste em evitar exposi\u00e7\u00e3o ao sol entre 10h e 16h, usar filtro solar com no m\u00ednimo fator 30 de prote\u00e7\u00e3o, usar \u00f3culos escuros, assim como roupas e chap\u00e9us.<\/p>\n<p>[\/et_pb_text][\/et_pb_column][\/et_pb_row][\/et_pb_section]<\/p>\n","protected":false},"excerpt":{"rendered":"<p>Com a chegada do ver\u00e3o, n\u00e3o podemos esquecer dos cuidados com a nossa sa\u00fade e, em especial, com a nossa pele.<\/p>\n","protected":false},"author":1,"featured_media":5920,"comment_status":"closed","ping_status":"open","sticky":false,"template":"","format":"standard","meta":{"_et_pb_use_builder":"on","_et_pb_old_content":"","_et_gb_content_width":"","footnotes":"","_links_to":"","_links_to_target":""},"categories":[15],"tags":[20],"class_list":["post-5918","post","type-post","status-publish","format-standard","has-post-thumbnail","hentry","category-saude","tag-bem-estar"],"yoast_head":"<!-- This site is optimized with the Yoast SEO plugin v27.4 - https:\/\/yoast.com\/product\/yoast-seo-wordpress\/ -->\n<title>Dezembro Laranja: combate ao c\u00e2ncer de pele - Insights \/ Acrisure<\/title>\n<meta name=\"description\" content=\"Com a chegada do ver\u00e3o, n\u00e3o podemos esquecer dos cuidados com a nossa sa\u00fade e, em especial, com a nossa pele.\" \/>\n<meta name=\"robots\" content=\"index, follow, max-snippet:-1, max-image-preview:large, max-video-preview:-1\" \/>\n<link rel=\"canonical\" href=\"https:\/\/acrisure.com.br\/insights\/dezembro-laranja-combate-ao-cancer-de-pele\/\" \/>\n<meta property=\"og:locale\" content=\"pt_BR\" \/>\n<meta property=\"og:type\" content=\"article\" \/>\n<meta property=\"og:title\" content=\"Dezembro Laranja: combate ao c\u00e2ncer de pele - Insights \/ Acrisure\" \/>\n<meta property=\"og:description\" content=\"Com a chegada do ver\u00e3o, n\u00e3o podemos esquecer dos cuidados com a nossa sa\u00fade e, em especial, com a nossa pele.\" \/>\n<meta property=\"og:url\" content=\"https:\/\/acrisure.com.br\/insights\/dezembro-laranja-combate-ao-cancer-de-pele\/\" \/>\n<meta property=\"og:site_name\" content=\"Insights \/ Acrisure\" \/>\n<meta property=\"article:publisher\" content=\"https:\/\/www.facebook.com\/itsseg\/\" \/>\n<meta property=\"article:published_time\" content=\"2016-12-05T20:48:49+00:00\" \/>\n<meta property=\"article:modified_time\" content=\"2026-01-06T13:52:43+00:00\" \/>\n<meta property=\"og:image\" content=\"https:\/\/acrisure.com.br\/insights\/wp-content\/uploads\/turbinar-dezembro-laranja-cancer-pele.jpg\" \/>\n\t<meta property=\"og:image:width\" content=\"1920\" \/>\n\t<meta property=\"og:image:height\" content=\"640\" \/>\n\t<meta property=\"og:image:type\" content=\"image\/jpeg\" \/>\n<meta name=\"author\" content=\"publishouse\" \/>\n<meta name=\"twitter:card\" content=\"summary_large_image\" \/>\n<meta name=\"twitter:label1\" content=\"Escrito por\" \/>\n\t<meta name=\"twitter:data1\" content=\"publishouse\" \/>\n\t<meta name=\"twitter:label2\" content=\"Est. tempo de leitura\" \/>\n\t<meta name=\"twitter:data2\" content=\"2 minutos\" \/>\n<script type=\"application\/ld+json\" class=\"yoast-schema-graph\">{\"@context\":\"https:\\\/\\\/schema.org\",\"@graph\":[{\"@type\":\"Article\",\"@id\":\"https:\\\/\\\/acrisure.com.br\\\/insights\\\/dezembro-laranja-combate-ao-cancer-de-pele\\\/#article\",\"isPartOf\":{\"@id\":\"https:\\\/\\\/acrisure.com.br\\\/insights\\\/dezembro-laranja-combate-ao-cancer-de-pele\\\/\"},\"author\":{\"name\":\"publishouse\",\"@id\":\"https:\\\/\\\/acrisure.com.br\\\/insights\\\/#\\\/schema\\\/person\\\/ae285068bde2d94bbb6b0692760fb361\"},\"headline\":\"Dezembro Laranja: combate ao c\u00e2ncer de pele\",\"datePublished\":\"2016-12-05T20:48:49+00:00\",\"dateModified\":\"2026-01-06T13:52:43+00:00\",\"mainEntityOfPage\":{\"@id\":\"https:\\\/\\\/acrisure.com.br\\\/insights\\\/dezembro-laranja-combate-ao-cancer-de-pele\\\/\"},\"wordCount\":446,\"image\":{\"@id\":\"https:\\\/\\\/acrisure.com.br\\\/insights\\\/dezembro-laranja-combate-ao-cancer-de-pele\\\/#primaryimage\"},\"thumbnailUrl\":\"https:\\\/\\\/acrisure.com.br\\\/insights\\\/wp-content\\\/uploads\\\/turbinar-dezembro-laranja-cancer-pele.jpg\",\"keywords\":[\"Bem-estar\"],\"articleSection\":[\"Sa\u00fade\"],\"inLanguage\":\"pt-BR\"},{\"@type\":\"WebPage\",\"@id\":\"https:\\\/\\\/acrisure.com.br\\\/insights\\\/dezembro-laranja-combate-ao-cancer-de-pele\\\/\",\"url\":\"https:\\\/\\\/acrisure.com.br\\\/insights\\\/dezembro-laranja-combate-ao-cancer-de-pele\\\/\",\"name\":\"Dezembro Laranja: combate ao c\u00e2ncer de pele - Insights \\\/ Acrisure\",\"isPartOf\":{\"@id\":\"https:\\\/\\\/acrisure.com.br\\\/insights\\\/#website\"},\"primaryImageOfPage\":{\"@id\":\"https:\\\/\\\/acrisure.com.br\\\/insights\\\/dezembro-laranja-combate-ao-cancer-de-pele\\\/#primaryimage\"},\"image\":{\"@id\":\"https:\\\/\\\/acrisure.com.br\\\/insights\\\/dezembro-laranja-combate-ao-cancer-de-pele\\\/#primaryimage\"},\"thumbnailUrl\":\"https:\\\/\\\/acrisure.com.br\\\/insights\\\/wp-content\\\/uploads\\\/turbinar-dezembro-laranja-cancer-pele.jpg\",\"datePublished\":\"2016-12-05T20:48:49+00:00\",\"dateModified\":\"2026-01-06T13:52:43+00:00\",\"author\":{\"@id\":\"https:\\\/\\\/acrisure.com.br\\\/insights\\\/#\\\/schema\\\/person\\\/ae285068bde2d94bbb6b0692760fb361\"},\"description\":\"Com a chegada do ver\u00e3o, n\u00e3o podemos esquecer dos cuidados com a nossa sa\u00fade e, em especial, com a nossa pele.\",\"breadcrumb\":{\"@id\":\"https:\\\/\\\/acrisure.com.br\\\/insights\\\/dezembro-laranja-combate-ao-cancer-de-pele\\\/#breadcrumb\"},\"inLanguage\":\"pt-BR\",\"potentialAction\":[{\"@type\":\"ReadAction\",\"target\":[\"https:\\\/\\\/acrisure.com.br\\\/insights\\\/dezembro-laranja-combate-ao-cancer-de-pele\\\/\"]}]},{\"@type\":\"ImageObject\",\"inLanguage\":\"pt-BR\",\"@id\":\"https:\\\/\\\/acrisure.com.br\\\/insights\\\/dezembro-laranja-combate-ao-cancer-de-pele\\\/#primaryimage\",\"url\":\"https:\\\/\\\/acrisure.com.br\\\/insights\\\/wp-content\\\/uploads\\\/turbinar-dezembro-laranja-cancer-pele.jpg\",\"contentUrl\":\"https:\\\/\\\/acrisure.com.br\\\/insights\\\/wp-content\\\/uploads\\\/turbinar-dezembro-laranja-cancer-pele.jpg\",\"width\":1920,\"height\":640,\"caption\":\"Pessoa na praia tomando sol passando protetor solar\"},{\"@type\":\"BreadcrumbList\",\"@id\":\"https:\\\/\\\/acrisure.com.br\\\/insights\\\/dezembro-laranja-combate-ao-cancer-de-pele\\\/#breadcrumb\",\"itemListElement\":[{\"@type\":\"ListItem\",\"position\":1,\"name\":\"In\u00edcio\",\"item\":\"https:\\\/\\\/acrisure.com.br\\\/insights\\\/\"},{\"@type\":\"ListItem\",\"position\":2,\"name\":\"Dezembro Laranja: combate ao c\u00e2ncer de pele\"}]},{\"@type\":\"WebSite\",\"@id\":\"https:\\\/\\\/acrisure.com.br\\\/insights\\\/#website\",\"url\":\"https:\\\/\\\/acrisure.com.br\\\/insights\\\/\",\"name\":\"Insights \\\/ Acrisure\",\"description\":\"Portal de Not\u00edcias e Conte\u00fado\",\"potentialAction\":[{\"@type\":\"SearchAction\",\"target\":{\"@type\":\"EntryPoint\",\"urlTemplate\":\"https:\\\/\\\/acrisure.com.br\\\/insights\\\/?s={search_term_string}\"},\"query-input\":{\"@type\":\"PropertyValueSpecification\",\"valueRequired\":true,\"valueName\":\"search_term_string\"}}],\"inLanguage\":\"pt-BR\"},{\"@type\":\"Person\",\"@id\":\"https:\\\/\\\/acrisure.com.br\\\/insights\\\/#\\\/schema\\\/person\\\/ae285068bde2d94bbb6b0692760fb361\",\"name\":\"publishouse\",\"image\":{\"@type\":\"ImageObject\",\"inLanguage\":\"pt-BR\",\"@id\":\"https:\\\/\\\/secure.gravatar.com\\\/avatar\\\/28cbb1595e2bba31bae82123e62ffe5e807440c64f2e05ed85a7bd654289e026?s=96&d=mm&r=g\",\"url\":\"https:\\\/\\\/secure.gravatar.com\\\/avatar\\\/28cbb1595e2bba31bae82123e62ffe5e807440c64f2e05ed85a7bd654289e026?s=96&d=mm&r=g\",\"contentUrl\":\"https:\\\/\\\/secure.gravatar.com\\\/avatar\\\/28cbb1595e2bba31bae82123e62ffe5e807440c64f2e05ed85a7bd654289e026?s=96&d=mm&r=g\",\"caption\":\"publishouse\"},\"sameAs\":[\"https:\\\/\\\/acrisure.com.br\\\/insights\"],\"url\":\"https:\\\/\\\/acrisure.com.br\\\/insights\\\/author\\\/publishouse\\\/\"}]}<\/script>\n<!-- \/ Yoast SEO plugin. -->","yoast_head_json":{"title":"Dezembro Laranja: combate ao c\u00e2ncer de pele - Insights \/ Acrisure","description":"Com a chegada do ver\u00e3o, n\u00e3o podemos esquecer dos cuidados com a nossa sa\u00fade e, em especial, com a nossa pele.","robots":{"index":"index","follow":"follow","max-snippet":"max-snippet:-1","max-image-preview":"max-image-preview:large","max-video-preview":"max-video-preview:-1"},"canonical":"https:\/\/acrisure.com.br\/insights\/dezembro-laranja-combate-ao-cancer-de-pele\/","og_locale":"pt_BR","og_type":"article","og_title":"Dezembro Laranja: combate ao c\u00e2ncer de pele - Insights \/ Acrisure","og_description":"Com a chegada do ver\u00e3o, n\u00e3o podemos esquecer dos cuidados com a nossa sa\u00fade e, em especial, com a nossa pele.","og_url":"https:\/\/acrisure.com.br\/insights\/dezembro-laranja-combate-ao-cancer-de-pele\/","og_site_name":"Insights \/ Acrisure","article_publisher":"https:\/\/www.facebook.com\/itsseg\/","article_published_time":"2016-12-05T20:48:49+00:00","article_modified_time":"2026-01-06T13:52:43+00:00","og_image":[{"width":1920,"height":640,"url":"https:\/\/acrisure.com.br\/insights\/wp-content\/uploads\/turbinar-dezembro-laranja-cancer-pele.jpg","type":"image\/jpeg"}],"author":"publishouse","twitter_card":"summary_large_image","twitter_misc":{"Escrito por":"publishouse","Est. tempo de leitura":"2 minutos"},"schema":{"@context":"https:\/\/schema.org","@graph":[{"@type":"Article","@id":"https:\/\/acrisure.com.br\/insights\/dezembro-laranja-combate-ao-cancer-de-pele\/#article","isPartOf":{"@id":"https:\/\/acrisure.com.br\/insights\/dezembro-laranja-combate-ao-cancer-de-pele\/"},"author":{"name":"publishouse","@id":"https:\/\/acrisure.com.br\/insights\/#\/schema\/person\/ae285068bde2d94bbb6b0692760fb361"},"headline":"Dezembro Laranja: combate ao c\u00e2ncer de pele","datePublished":"2016-12-05T20:48:49+00:00","dateModified":"2026-01-06T13:52:43+00:00","mainEntityOfPage":{"@id":"https:\/\/acrisure.com.br\/insights\/dezembro-laranja-combate-ao-cancer-de-pele\/"},"wordCount":446,"image":{"@id":"https:\/\/acrisure.com.br\/insights\/dezembro-laranja-combate-ao-cancer-de-pele\/#primaryimage"},"thumbnailUrl":"https:\/\/acrisure.com.br\/insights\/wp-content\/uploads\/turbinar-dezembro-laranja-cancer-pele.jpg","keywords":["Bem-estar"],"articleSection":["Sa\u00fade"],"inLanguage":"pt-BR"},{"@type":"WebPage","@id":"https:\/\/acrisure.com.br\/insights\/dezembro-laranja-combate-ao-cancer-de-pele\/","url":"https:\/\/acrisure.com.br\/insights\/dezembro-laranja-combate-ao-cancer-de-pele\/","name":"Dezembro Laranja: combate ao c\u00e2ncer de pele - Insights \/ Acrisure","isPartOf":{"@id":"https:\/\/acrisure.com.br\/insights\/#website"},"primaryImageOfPage":{"@id":"https:\/\/acrisure.com.br\/insights\/dezembro-laranja-combate-ao-cancer-de-pele\/#primaryimage"},"image":{"@id":"https:\/\/acrisure.com.br\/insights\/dezembro-laranja-combate-ao-cancer-de-pele\/#primaryimage"},"thumbnailUrl":"https:\/\/acrisure.com.br\/insights\/wp-content\/uploads\/turbinar-dezembro-laranja-cancer-pele.jpg","datePublished":"2016-12-05T20:48:49+00:00","dateModified":"2026-01-06T13:52:43+00:00","author":{"@id":"https:\/\/acrisure.com.br\/insights\/#\/schema\/person\/ae285068bde2d94bbb6b0692760fb361"},"description":"Com a chegada do ver\u00e3o, n\u00e3o podemos esquecer dos cuidados com a nossa sa\u00fade e, em especial, com a nossa pele.","breadcrumb":{"@id":"https:\/\/acrisure.com.br\/insights\/dezembro-laranja-combate-ao-cancer-de-pele\/#breadcrumb"},"inLanguage":"pt-BR","potentialAction":[{"@type":"ReadAction","target":["https:\/\/acrisure.com.br\/insights\/dezembro-laranja-combate-ao-cancer-de-pele\/"]}]},{"@type":"ImageObject","inLanguage":"pt-BR","@id":"https:\/\/acrisure.com.br\/insights\/dezembro-laranja-combate-ao-cancer-de-pele\/#primaryimage","url":"https:\/\/acrisure.com.br\/insights\/wp-content\/uploads\/turbinar-dezembro-laranja-cancer-pele.jpg","contentUrl":"https:\/\/acrisure.com.br\/insights\/wp-content\/uploads\/turbinar-dezembro-laranja-cancer-pele.jpg","width":1920,"height":640,"caption":"Pessoa na praia tomando sol passando protetor solar"},{"@type":"BreadcrumbList","@id":"https:\/\/acrisure.com.br\/insights\/dezembro-laranja-combate-ao-cancer-de-pele\/#breadcrumb","itemListElement":[{"@type":"ListItem","position":1,"name":"In\u00edcio","item":"https:\/\/acrisure.com.br\/insights\/"},{"@type":"ListItem","position":2,"name":"Dezembro Laranja: combate ao c\u00e2ncer de pele"}]},{"@type":"WebSite","@id":"https:\/\/acrisure.com.br\/insights\/#website","url":"https:\/\/acrisure.com.br\/insights\/","name":"Insights \/ Acrisure","description":"Portal de Not\u00edcias e Conte\u00fado","potentialAction":[{"@type":"SearchAction","target":{"@type":"EntryPoint","urlTemplate":"https:\/\/acrisure.com.br\/insights\/?s={search_term_string}"},"query-input":{"@type":"PropertyValueSpecification","valueRequired":true,"valueName":"search_term_string"}}],"inLanguage":"pt-BR"},{"@type":"Person","@id":"https:\/\/acrisure.com.br\/insights\/#\/schema\/person\/ae285068bde2d94bbb6b0692760fb361","name":"publishouse","image":{"@type":"ImageObject","inLanguage":"pt-BR","@id":"https:\/\/secure.gravatar.com\/avatar\/28cbb1595e2bba31bae82123e62ffe5e807440c64f2e05ed85a7bd654289e026?s=96&d=mm&r=g","url":"https:\/\/secure.gravatar.com\/avatar\/28cbb1595e2bba31bae82123e62ffe5e807440c64f2e05ed85a7bd654289e026?s=96&d=mm&r=g","contentUrl":"https:\/\/secure.gravatar.com\/avatar\/28cbb1595e2bba31bae82123e62ffe5e807440c64f2e05ed85a7bd654289e026?s=96&d=mm&r=g","caption":"publishouse"},"sameAs":["https:\/\/acrisure.com.br\/insights"],"url":"https:\/\/acrisure.com.br\/insights\/author\/publishouse\/"}]}},"_links":{"self":[{"href":"https:\/\/acrisure.com.br\/insights\/wp-json\/wp\/v2\/posts\/5918","targetHints":{"allow":["GET"]}}],"collection":[{"href":"https:\/\/acrisure.com.br\/insights\/wp-json\/wp\/v2\/posts"}],"about":[{"href":"https:\/\/acrisure.com.br\/insights\/wp-json\/wp\/v2\/types\/post"}],"author":[{"embeddable":true,"href":"https:\/\/acrisure.com.br\/insights\/wp-json\/wp\/v2\/users\/1"}],"replies":[{"embeddable":true,"href":"https:\/\/acrisure.com.br\/insights\/wp-json\/wp\/v2\/comments?post=5918"}],"version-history":[{"count":4,"href":"https:\/\/acrisure.com.br\/insights\/wp-json\/wp\/v2\/posts\/5918\/revisions"}],"predecessor-version":[{"id":18167,"href":"https:\/\/acrisure.com.br\/insights\/wp-json\/wp\/v2\/posts\/5918\/revisions\/18167"}],"wp:featuredmedia":[{"embeddable":true,"href":"https:\/\/acrisure.com.br\/insights\/wp-json\/wp\/v2\/media\/5920"}],"wp:attachment":[{"href":"https:\/\/acrisure.com.br\/insights\/wp-json\/wp\/v2\/media?parent=5918"}],"wp:term":[{"taxonomy":"category","embeddable":true,"href":"https:\/\/acrisure.com.br\/insights\/wp-json\/wp\/v2\/categories?post=5918"},{"taxonomy":"post_tag","embeddable":true,"href":"https:\/\/acrisure.com.br\/insights\/wp-json\/wp\/v2\/tags?post=5918"}],"curies":[{"name":"wp","href":"https:\/\/api.w.org\/{rel}","templated":true}]}}