{"id":6015,"date":"2016-10-25T17:00:11","date_gmt":"2016-10-25T19:00:11","guid":{"rendered":"https:\/\/acrisure.com.br\/insights\/?p=6015"},"modified":"2026-01-06T11:24:41","modified_gmt":"2026-01-06T14:24:41","slug":"dia-nacional-da-saude-bucal","status":"publish","type":"post","link":"https:\/\/acrisure.com.br\/insights\/dia-nacional-da-saude-bucal\/","title":{"rendered":"Dia Nacional da Sa\u00fade Bucal"},"content":{"rendered":"<p>[et_pb_section fb_built=&#8221;1&#8243; admin_label=&#8221;Post&#8221; _builder_version=&#8221;4.19.4&#8243; custom_padding=&#8221;0px||0px||false|false&#8221; global_colors_info=&#8221;{}&#8221;][et_pb_row admin_label=&#8221;Post&#8221; _builder_version=&#8221;4.19.4&#8243; background_size=&#8221;initial&#8221; background_position=&#8221;top_left&#8221; background_repeat=&#8221;repeat&#8221; width=&#8221;100%&#8221; custom_padding=&#8221;0px||0px||false|false&#8221; global_colors_info=&#8221;{}&#8221;][et_pb_column type=&#8221;4_4&#8243; _builder_version=&#8221;4.16&#8243; custom_padding=&#8221;|||&#8221; global_colors_info=&#8221;{}&#8221; custom_padding__hover=&#8221;|||&#8221;][et_pb_text admin_label=&#8221;Conte\u00fado&#8221; _builder_version=&#8221;4.21.0&#8243; _module_preset=&#8221;default&#8221; text_letter_spacing=&#8221;1px&#8221; custom_margin=&#8221;||||false|false&#8221; global_colors_info=&#8221;{}&#8221;]<\/p>\n<p>Sabe aquela frase clich\u00ea que diz: \u201co sorriso \u00e9 nosso cart\u00e3o de visita\u201d? Ent\u00e3o, \u00e9 uma grande verdade. O seu sorriso diz muito sobre voc\u00ea e como voc\u00ea se cuida. 25 de outubro \u00e9 o Dia Nacional da Sa\u00fade Bucal. A data foi criada para orientar sobre a import\u00e2ncia de uma boca saud\u00e1vel e como ela reflete no seu corpo como um todo.<\/p>\n<p style=\"color: #495358; font-size: 22px; font-weight: bold;\">Muito al\u00e9m de um sorriso bonito<\/p>\n<p>A falta de higiene bucal interfere em nossa sa\u00fade f\u00edsica e social. A m\u00e1 higieniza\u00e7\u00e3o compromete o h\u00e1lito e a boa apar\u00eancia dos dentes. Al\u00e9m disso, pode trazer problemas como: c\u00e1rie, gengivite, t\u00e1rtaro, periodontite, perda dos dentes e at\u00e9 endocardite bacteriana, uma infec\u00e7\u00e3o causada por uma bact\u00e9ria advinda da c\u00e1rie ou gengivite, que pode entrar na corrente sangu\u00ednea e atingir as v\u00e1lvulas e o tecido que reveste o cora\u00e7\u00e3o, podendo levar \u00e0 morte.<\/p>\n<p>Al\u00e9m disso, pessoas que n\u00e3o possuem todos os dentes saud\u00e1veis acabam evitando certos alimentos essenciais \u00e0 sa\u00fade, como: carnes, verduras cruas e frutas, devido \u00e0 dificuldade em mastigar. Cada dente tem uma fun\u00e7\u00e3o espec\u00edfica na mastiga\u00e7\u00e3o e a aus\u00eancia de apenas um deles pode comprometer o processo digestivo.<\/p>\n<p style=\"color: #495358; font-size: 22px; font-weight: bold;\">Cuide do seu sorriso<\/p>\n<p>A limpeza di\u00e1ria dos dentes \u00e9 fundamental para a preven\u00e7\u00e3o das doen\u00e7as bucais. O ideal \u00e9 fazer a escova\u00e7\u00e3o ap\u00f3s todas as refei\u00e7\u00f5es. Caso isso n\u00e3o seja poss\u00edvel, ela deve ser feita ap\u00f3s o caf\u00e9 da manh\u00e3, almo\u00e7o e jantar. O uso do fio dental deve ser di\u00e1rio e n\u00e3o esque\u00e7a tamb\u00e9m de escovar a l\u00edngua, pois ela pode acumular bact\u00e9rias e outros microorganismos.<\/p>\n<p>Outro ponto importante \u00e9 o armazenamento da escova de dente, pois ela pode acumular bact\u00e9rias prejudiciais \u00e0 sa\u00fade. As escovas devem ser guardadas separadamente e higienizadas todos os dias. E lembre-se de procurar um dentista para uma avalia\u00e7\u00e3o geral, no m\u00ednimo, a cada seis meses.<\/p>\n<p>[\/et_pb_text][\/et_pb_column][\/et_pb_row][\/et_pb_section]<\/p>\n","protected":false},"excerpt":{"rendered":"<p>Bons h\u00e1bitos de higiene bucal refletem em nossa sa\u00fade f\u00edsica e social.<\/p>\n","protected":false},"author":1,"featured_media":6017,"comment_status":"closed","ping_status":"open","sticky":false,"template":"","format":"standard","meta":{"_et_pb_use_builder":"on","_et_pb_old_content":"","_et_gb_content_width":"","footnotes":"","_links_to":"","_links_to_target":""},"categories":[15],"tags":[20],"class_list":["post-6015","post","type-post","status-publish","format-standard","has-post-thumbnail","hentry","category-saude","tag-bem-estar"],"yoast_head":"<!-- This site is optimized with the Yoast SEO plugin v27.4 - https:\/\/yoast.com\/product\/yoast-seo-wordpress\/ -->\n<title>Dia Nacional da Sa\u00fade Bucal - Insights \/ Acrisure<\/title>\n<meta name=\"description\" content=\"Bons h\u00e1bitos de higiene bucal refletem em nossa sa\u00fade f\u00edsica e social.\" \/>\n<meta name=\"robots\" content=\"index, follow, max-snippet:-1, max-image-preview:large, max-video-preview:-1\" \/>\n<link rel=\"canonical\" href=\"https:\/\/acrisure.com.br\/insights\/dia-nacional-da-saude-bucal\/\" \/>\n<meta property=\"og:locale\" content=\"pt_BR\" \/>\n<meta property=\"og:type\" content=\"article\" \/>\n<meta property=\"og:title\" content=\"Dia Nacional da Sa\u00fade Bucal - Insights \/ Acrisure\" \/>\n<meta property=\"og:description\" content=\"Bons h\u00e1bitos de higiene bucal refletem em nossa sa\u00fade f\u00edsica e social.\" \/>\n<meta property=\"og:url\" content=\"https:\/\/acrisure.com.br\/insights\/dia-nacional-da-saude-bucal\/\" \/>\n<meta property=\"og:site_name\" content=\"Insights \/ Acrisure\" \/>\n<meta property=\"article:publisher\" content=\"https:\/\/www.facebook.com\/itsseg\/\" \/>\n<meta property=\"article:published_time\" content=\"2016-10-25T19:00:11+00:00\" \/>\n<meta property=\"article:modified_time\" content=\"2026-01-06T14:24:41+00:00\" \/>\n<meta property=\"og:image\" content=\"https:\/\/acrisure.com.br\/insights\/wp-content\/uploads\/turbinar-dia-nacional-saude-bucal.jpg\" \/>\n\t<meta property=\"og:image:width\" content=\"1920\" \/>\n\t<meta property=\"og:image:height\" content=\"640\" \/>\n\t<meta property=\"og:image:type\" content=\"image\/jpeg\" \/>\n<meta name=\"author\" content=\"publishouse\" \/>\n<meta name=\"twitter:card\" content=\"summary_large_image\" \/>\n<meta name=\"twitter:label1\" content=\"Escrito por\" \/>\n\t<meta name=\"twitter:data1\" content=\"publishouse\" \/>\n\t<meta name=\"twitter:label2\" content=\"Est. tempo de leitura\" \/>\n\t<meta name=\"twitter:data2\" content=\"2 minutos\" \/>\n<script type=\"application\/ld+json\" class=\"yoast-schema-graph\">{\"@context\":\"https:\\\/\\\/schema.org\",\"@graph\":[{\"@type\":\"Article\",\"@id\":\"https:\\\/\\\/acrisure.com.br\\\/insights\\\/dia-nacional-da-saude-bucal\\\/#article\",\"isPartOf\":{\"@id\":\"https:\\\/\\\/acrisure.com.br\\\/insights\\\/dia-nacional-da-saude-bucal\\\/\"},\"author\":{\"name\":\"publishouse\",\"@id\":\"https:\\\/\\\/acrisure.com.br\\\/insights\\\/#\\\/schema\\\/person\\\/ae285068bde2d94bbb6b0692760fb361\"},\"headline\":\"Dia Nacional da Sa\u00fade Bucal\",\"datePublished\":\"2016-10-25T19:00:11+00:00\",\"dateModified\":\"2026-01-06T14:24:41+00:00\",\"mainEntityOfPage\":{\"@id\":\"https:\\\/\\\/acrisure.com.br\\\/insights\\\/dia-nacional-da-saude-bucal\\\/\"},\"wordCount\":442,\"image\":{\"@id\":\"https:\\\/\\\/acrisure.com.br\\\/insights\\\/dia-nacional-da-saude-bucal\\\/#primaryimage\"},\"thumbnailUrl\":\"https:\\\/\\\/acrisure.com.br\\\/insights\\\/wp-content\\\/uploads\\\/turbinar-dia-nacional-saude-bucal.jpg\",\"keywords\":[\"Bem-estar\"],\"articleSection\":[\"Sa\u00fade\"],\"inLanguage\":\"pt-BR\"},{\"@type\":\"WebPage\",\"@id\":\"https:\\\/\\\/acrisure.com.br\\\/insights\\\/dia-nacional-da-saude-bucal\\\/\",\"url\":\"https:\\\/\\\/acrisure.com.br\\\/insights\\\/dia-nacional-da-saude-bucal\\\/\",\"name\":\"Dia Nacional da Sa\u00fade Bucal - Insights \\\/ Acrisure\",\"isPartOf\":{\"@id\":\"https:\\\/\\\/acrisure.com.br\\\/insights\\\/#website\"},\"primaryImageOfPage\":{\"@id\":\"https:\\\/\\\/acrisure.com.br\\\/insights\\\/dia-nacional-da-saude-bucal\\\/#primaryimage\"},\"image\":{\"@id\":\"https:\\\/\\\/acrisure.com.br\\\/insights\\\/dia-nacional-da-saude-bucal\\\/#primaryimage\"},\"thumbnailUrl\":\"https:\\\/\\\/acrisure.com.br\\\/insights\\\/wp-content\\\/uploads\\\/turbinar-dia-nacional-saude-bucal.jpg\",\"datePublished\":\"2016-10-25T19:00:11+00:00\",\"dateModified\":\"2026-01-06T14:24:41+00:00\",\"author\":{\"@id\":\"https:\\\/\\\/acrisure.com.br\\\/insights\\\/#\\\/schema\\\/person\\\/ae285068bde2d94bbb6b0692760fb361\"},\"description\":\"Bons h\u00e1bitos de higiene bucal refletem em nossa sa\u00fade f\u00edsica e social.\",\"breadcrumb\":{\"@id\":\"https:\\\/\\\/acrisure.com.br\\\/insights\\\/dia-nacional-da-saude-bucal\\\/#breadcrumb\"},\"inLanguage\":\"pt-BR\",\"potentialAction\":[{\"@type\":\"ReadAction\",\"target\":[\"https:\\\/\\\/acrisure.com.br\\\/insights\\\/dia-nacional-da-saude-bucal\\\/\"]}]},{\"@type\":\"ImageObject\",\"inLanguage\":\"pt-BR\",\"@id\":\"https:\\\/\\\/acrisure.com.br\\\/insights\\\/dia-nacional-da-saude-bucal\\\/#primaryimage\",\"url\":\"https:\\\/\\\/acrisure.com.br\\\/insights\\\/wp-content\\\/uploads\\\/turbinar-dia-nacional-saude-bucal.jpg\",\"contentUrl\":\"https:\\\/\\\/acrisure.com.br\\\/insights\\\/wp-content\\\/uploads\\\/turbinar-dia-nacional-saude-bucal.jpg\",\"width\":1920,\"height\":640,\"caption\":\"Pessoa colocando pasta de dente em sua escova rosa\"},{\"@type\":\"BreadcrumbList\",\"@id\":\"https:\\\/\\\/acrisure.com.br\\\/insights\\\/dia-nacional-da-saude-bucal\\\/#breadcrumb\",\"itemListElement\":[{\"@type\":\"ListItem\",\"position\":1,\"name\":\"In\u00edcio\",\"item\":\"https:\\\/\\\/acrisure.com.br\\\/insights\\\/\"},{\"@type\":\"ListItem\",\"position\":2,\"name\":\"Dia Nacional da Sa\u00fade Bucal\"}]},{\"@type\":\"WebSite\",\"@id\":\"https:\\\/\\\/acrisure.com.br\\\/insights\\\/#website\",\"url\":\"https:\\\/\\\/acrisure.com.br\\\/insights\\\/\",\"name\":\"Insights \\\/ Acrisure\",\"description\":\"Portal de Not\u00edcias e Conte\u00fado\",\"potentialAction\":[{\"@type\":\"SearchAction\",\"target\":{\"@type\":\"EntryPoint\",\"urlTemplate\":\"https:\\\/\\\/acrisure.com.br\\\/insights\\\/?s={search_term_string}\"},\"query-input\":{\"@type\":\"PropertyValueSpecification\",\"valueRequired\":true,\"valueName\":\"search_term_string\"}}],\"inLanguage\":\"pt-BR\"},{\"@type\":\"Person\",\"@id\":\"https:\\\/\\\/acrisure.com.br\\\/insights\\\/#\\\/schema\\\/person\\\/ae285068bde2d94bbb6b0692760fb361\",\"name\":\"publishouse\",\"image\":{\"@type\":\"ImageObject\",\"inLanguage\":\"pt-BR\",\"@id\":\"https:\\\/\\\/secure.gravatar.com\\\/avatar\\\/28cbb1595e2bba31bae82123e62ffe5e807440c64f2e05ed85a7bd654289e026?s=96&d=mm&r=g\",\"url\":\"https:\\\/\\\/secure.gravatar.com\\\/avatar\\\/28cbb1595e2bba31bae82123e62ffe5e807440c64f2e05ed85a7bd654289e026?s=96&d=mm&r=g\",\"contentUrl\":\"https:\\\/\\\/secure.gravatar.com\\\/avatar\\\/28cbb1595e2bba31bae82123e62ffe5e807440c64f2e05ed85a7bd654289e026?s=96&d=mm&r=g\",\"caption\":\"publishouse\"},\"sameAs\":[\"https:\\\/\\\/acrisure.com.br\\\/insights\"],\"url\":\"https:\\\/\\\/acrisure.com.br\\\/insights\\\/author\\\/publishouse\\\/\"}]}<\/script>\n<!-- \/ Yoast SEO plugin. -->","yoast_head_json":{"title":"Dia Nacional da Sa\u00fade Bucal - Insights \/ Acrisure","description":"Bons h\u00e1bitos de higiene bucal refletem em nossa sa\u00fade f\u00edsica e social.","robots":{"index":"index","follow":"follow","max-snippet":"max-snippet:-1","max-image-preview":"max-image-preview:large","max-video-preview":"max-video-preview:-1"},"canonical":"https:\/\/acrisure.com.br\/insights\/dia-nacional-da-saude-bucal\/","og_locale":"pt_BR","og_type":"article","og_title":"Dia Nacional da Sa\u00fade Bucal - Insights \/ Acrisure","og_description":"Bons h\u00e1bitos de higiene bucal refletem em nossa sa\u00fade f\u00edsica e social.","og_url":"https:\/\/acrisure.com.br\/insights\/dia-nacional-da-saude-bucal\/","og_site_name":"Insights \/ Acrisure","article_publisher":"https:\/\/www.facebook.com\/itsseg\/","article_published_time":"2016-10-25T19:00:11+00:00","article_modified_time":"2026-01-06T14:24:41+00:00","og_image":[{"width":1920,"height":640,"url":"https:\/\/acrisure.com.br\/insights\/wp-content\/uploads\/turbinar-dia-nacional-saude-bucal.jpg","type":"image\/jpeg"}],"author":"publishouse","twitter_card":"summary_large_image","twitter_misc":{"Escrito por":"publishouse","Est. tempo de leitura":"2 minutos"},"schema":{"@context":"https:\/\/schema.org","@graph":[{"@type":"Article","@id":"https:\/\/acrisure.com.br\/insights\/dia-nacional-da-saude-bucal\/#article","isPartOf":{"@id":"https:\/\/acrisure.com.br\/insights\/dia-nacional-da-saude-bucal\/"},"author":{"name":"publishouse","@id":"https:\/\/acrisure.com.br\/insights\/#\/schema\/person\/ae285068bde2d94bbb6b0692760fb361"},"headline":"Dia Nacional da Sa\u00fade Bucal","datePublished":"2016-10-25T19:00:11+00:00","dateModified":"2026-01-06T14:24:41+00:00","mainEntityOfPage":{"@id":"https:\/\/acrisure.com.br\/insights\/dia-nacional-da-saude-bucal\/"},"wordCount":442,"image":{"@id":"https:\/\/acrisure.com.br\/insights\/dia-nacional-da-saude-bucal\/#primaryimage"},"thumbnailUrl":"https:\/\/acrisure.com.br\/insights\/wp-content\/uploads\/turbinar-dia-nacional-saude-bucal.jpg","keywords":["Bem-estar"],"articleSection":["Sa\u00fade"],"inLanguage":"pt-BR"},{"@type":"WebPage","@id":"https:\/\/acrisure.com.br\/insights\/dia-nacional-da-saude-bucal\/","url":"https:\/\/acrisure.com.br\/insights\/dia-nacional-da-saude-bucal\/","name":"Dia Nacional da Sa\u00fade Bucal - Insights \/ Acrisure","isPartOf":{"@id":"https:\/\/acrisure.com.br\/insights\/#website"},"primaryImageOfPage":{"@id":"https:\/\/acrisure.com.br\/insights\/dia-nacional-da-saude-bucal\/#primaryimage"},"image":{"@id":"https:\/\/acrisure.com.br\/insights\/dia-nacional-da-saude-bucal\/#primaryimage"},"thumbnailUrl":"https:\/\/acrisure.com.br\/insights\/wp-content\/uploads\/turbinar-dia-nacional-saude-bucal.jpg","datePublished":"2016-10-25T19:00:11+00:00","dateModified":"2026-01-06T14:24:41+00:00","author":{"@id":"https:\/\/acrisure.com.br\/insights\/#\/schema\/person\/ae285068bde2d94bbb6b0692760fb361"},"description":"Bons h\u00e1bitos de higiene bucal refletem em nossa sa\u00fade f\u00edsica e social.","breadcrumb":{"@id":"https:\/\/acrisure.com.br\/insights\/dia-nacional-da-saude-bucal\/#breadcrumb"},"inLanguage":"pt-BR","potentialAction":[{"@type":"ReadAction","target":["https:\/\/acrisure.com.br\/insights\/dia-nacional-da-saude-bucal\/"]}]},{"@type":"ImageObject","inLanguage":"pt-BR","@id":"https:\/\/acrisure.com.br\/insights\/dia-nacional-da-saude-bucal\/#primaryimage","url":"https:\/\/acrisure.com.br\/insights\/wp-content\/uploads\/turbinar-dia-nacional-saude-bucal.jpg","contentUrl":"https:\/\/acrisure.com.br\/insights\/wp-content\/uploads\/turbinar-dia-nacional-saude-bucal.jpg","width":1920,"height":640,"caption":"Pessoa colocando pasta de dente em sua escova rosa"},{"@type":"BreadcrumbList","@id":"https:\/\/acrisure.com.br\/insights\/dia-nacional-da-saude-bucal\/#breadcrumb","itemListElement":[{"@type":"ListItem","position":1,"name":"In\u00edcio","item":"https:\/\/acrisure.com.br\/insights\/"},{"@type":"ListItem","position":2,"name":"Dia Nacional da Sa\u00fade Bucal"}]},{"@type":"WebSite","@id":"https:\/\/acrisure.com.br\/insights\/#website","url":"https:\/\/acrisure.com.br\/insights\/","name":"Insights \/ Acrisure","description":"Portal de Not\u00edcias e Conte\u00fado","potentialAction":[{"@type":"SearchAction","target":{"@type":"EntryPoint","urlTemplate":"https:\/\/acrisure.com.br\/insights\/?s={search_term_string}"},"query-input":{"@type":"PropertyValueSpecification","valueRequired":true,"valueName":"search_term_string"}}],"inLanguage":"pt-BR"},{"@type":"Person","@id":"https:\/\/acrisure.com.br\/insights\/#\/schema\/person\/ae285068bde2d94bbb6b0692760fb361","name":"publishouse","image":{"@type":"ImageObject","inLanguage":"pt-BR","@id":"https:\/\/secure.gravatar.com\/avatar\/28cbb1595e2bba31bae82123e62ffe5e807440c64f2e05ed85a7bd654289e026?s=96&d=mm&r=g","url":"https:\/\/secure.gravatar.com\/avatar\/28cbb1595e2bba31bae82123e62ffe5e807440c64f2e05ed85a7bd654289e026?s=96&d=mm&r=g","contentUrl":"https:\/\/secure.gravatar.com\/avatar\/28cbb1595e2bba31bae82123e62ffe5e807440c64f2e05ed85a7bd654289e026?s=96&d=mm&r=g","caption":"publishouse"},"sameAs":["https:\/\/acrisure.com.br\/insights"],"url":"https:\/\/acrisure.com.br\/insights\/author\/publishouse\/"}]}},"_links":{"self":[{"href":"https:\/\/acrisure.com.br\/insights\/wp-json\/wp\/v2\/posts\/6015","targetHints":{"allow":["GET"]}}],"collection":[{"href":"https:\/\/acrisure.com.br\/insights\/wp-json\/wp\/v2\/posts"}],"about":[{"href":"https:\/\/acrisure.com.br\/insights\/wp-json\/wp\/v2\/types\/post"}],"author":[{"embeddable":true,"href":"https:\/\/acrisure.com.br\/insights\/wp-json\/wp\/v2\/users\/1"}],"replies":[{"embeddable":true,"href":"https:\/\/acrisure.com.br\/insights\/wp-json\/wp\/v2\/comments?post=6015"}],"version-history":[{"count":4,"href":"https:\/\/acrisure.com.br\/insights\/wp-json\/wp\/v2\/posts\/6015\/revisions"}],"predecessor-version":[{"id":18185,"href":"https:\/\/acrisure.com.br\/insights\/wp-json\/wp\/v2\/posts\/6015\/revisions\/18185"}],"wp:featuredmedia":[{"embeddable":true,"href":"https:\/\/acrisure.com.br\/insights\/wp-json\/wp\/v2\/media\/6017"}],"wp:attachment":[{"href":"https:\/\/acrisure.com.br\/insights\/wp-json\/wp\/v2\/media?parent=6015"}],"wp:term":[{"taxonomy":"category","embeddable":true,"href":"https:\/\/acrisure.com.br\/insights\/wp-json\/wp\/v2\/categories?post=6015"},{"taxonomy":"post_tag","embeddable":true,"href":"https:\/\/acrisure.com.br\/insights\/wp-json\/wp\/v2\/tags?post=6015"}],"curies":[{"name":"wp","href":"https:\/\/api.w.org\/{rel}","templated":true}]}}