{"id":6118,"date":"2016-07-13T16:16:21","date_gmt":"2016-07-13T19:16:21","guid":{"rendered":"https:\/\/acrisure.com.br\/insights\/?p=6118"},"modified":"2026-01-06T11:41:31","modified_gmt":"2026-01-06T14:41:31","slug":"em-meio-a-crise-planos-de-saude-por-adesao-crescem","status":"publish","type":"post","link":"https:\/\/acrisure.com.br\/insights\/em-meio-a-crise-planos-de-saude-por-adesao-crescem\/","title":{"rendered":"Em meio \u00e0 crise, planos de sa\u00fade por ades\u00e3o crescem"},"content":{"rendered":"<p>[et_pb_section fb_built=&#8221;1&#8243; admin_label=&#8221;Post&#8221; _builder_version=&#8221;4.19.4&#8243; custom_padding=&#8221;0px||0px||false|false&#8221; global_colors_info=&#8221;{}&#8221;][et_pb_row admin_label=&#8221;Post&#8221; _builder_version=&#8221;4.19.4&#8243; background_size=&#8221;initial&#8221; background_position=&#8221;top_left&#8221; background_repeat=&#8221;repeat&#8221; width=&#8221;100%&#8221; custom_padding=&#8221;0px||0px||false|false&#8221; global_colors_info=&#8221;{}&#8221;][et_pb_column type=&#8221;4_4&#8243; _builder_version=&#8221;4.16&#8243; custom_padding=&#8221;|||&#8221; global_colors_info=&#8221;{}&#8221; custom_padding__hover=&#8221;|||&#8221;][et_pb_text admin_label=&#8221;Conte\u00fado&#8221; _builder_version=&#8221;4.21.0&#8243; _module_preset=&#8221;default&#8221; text_letter_spacing=&#8221;1px&#8221; custom_margin=&#8221;||||false|false&#8221; global_colors_info=&#8221;{}&#8221;]<\/p>\n<p>O Instituto de Estudos de Sa\u00fade Suplementar (IESS) divulgou recentemente o balan\u00e7o do setor referente ao \u00faltimo trimestre. N\u00e3o h\u00e1 como negar, \u00e9 fato que a crise pol\u00edtico-econ\u00f4mica que afeta o Pa\u00eds, cada vez mais atinge o mercado de sa\u00fade.<\/p>\n<p>O n\u00famero de benefici\u00e1rios dos planos m\u00e9dico-hospitalares, que \u00e9 48.358.148, caiu 0,6% no \u00faltimo trimestre e 3,4% em rela\u00e7\u00e3o ao mesmo per\u00edodo de 2015. S\u00e3o 1.699.174 usu\u00e1rios a menos nesta categoria em um ano.<\/p>\n<p>Por outro lado, a categoria que surpreende ao ir na contram\u00e3o da crise \u00e9 a dos planos por ades\u00e3o. O n\u00famero de benefici\u00e1rios neste tipo de servi\u00e7o foi o \u00fanico dentre os planos de sa\u00fade a apresentar crescimento. Hoje s\u00e3o 17.404.316 usu\u00e1rios, uma varia\u00e7\u00e3o positiva de 0,4% em rela\u00e7\u00e3o ao \u00faltimo trimestre e 0,7% em rela\u00e7\u00e3o ao mesmo per\u00edodo do ano passado.<\/p>\n<p>O que explica essa alta em meio a tantas quedas: o desemprego. Muitos profissionais quando s\u00e3o demitidos e perdem o benef\u00edcio de sa\u00fade, recorrem \u00e0 medicina de grupo para proteger a sua sa\u00fade e de sua fam\u00edlia.<\/p>\n<p>Segundo o Diretor Executivo respons\u00e1vel pela divis\u00e3o de varejo da It\u2019sSeg Company, M\u00e1rcio Mantovani, a falta de op\u00e7\u00e3o de planos de sa\u00fade na modalidade individual, somado \u00e0 alta de desemprego e \u00e0 falta de perspectiva de recoloca\u00e7\u00e3o no mercado de trabalho no curto prazo, faz com que a pessoa ao ser desligada de seu emprego busque uma alternativa nos planos de sa\u00fade por ades\u00e3o por meio da sua entidade de classe. Uma alternativa mais vi\u00e1vel para n\u00e3o ter que depender do sistema p\u00fablico de sa\u00fade.<\/p>\n<p>[\/et_pb_text][\/et_pb_column][\/et_pb_row][\/et_pb_section]<\/p>\n","protected":false},"excerpt":{"rendered":"<p>Pela primeira vez ap\u00f3s 14 meses de quedas consecutivas, o n\u00famero de benefici\u00e1rios nos planos de sa\u00fade registra alta em agosto.<\/p>\n","protected":false},"author":1,"featured_media":6120,"comment_status":"closed","ping_status":"open","sticky":false,"template":"","format":"standard","meta":{"_et_pb_use_builder":"on","_et_pb_old_content":"","_et_gb_content_width":"","footnotes":"","_links_to":"","_links_to_target":""},"categories":[26],"tags":[9],"class_list":["post-6118","post","type-post","status-publish","format-standard","has-post-thumbnail","hentry","category-mercado","tag-rh"],"yoast_head":"<!-- This site is optimized with the Yoast SEO plugin v27.4 - https:\/\/yoast.com\/product\/yoast-seo-wordpress\/ -->\n<title>Em meio \u00e0 crise, planos de sa\u00fade por ades\u00e3o crescem - Insights \/ Acrisure<\/title>\n<meta name=\"description\" content=\"Pela primeira vez ap\u00f3s 14 meses de quedas consecutivas, o n\u00famero de benefici\u00e1rios nos planos de sa\u00fade registra alta em agosto.\" \/>\n<meta name=\"robots\" content=\"index, follow, max-snippet:-1, max-image-preview:large, max-video-preview:-1\" \/>\n<link rel=\"canonical\" href=\"https:\/\/acrisure.com.br\/insights\/em-meio-a-crise-planos-de-saude-por-adesao-crescem\/\" \/>\n<meta property=\"og:locale\" content=\"pt_BR\" \/>\n<meta property=\"og:type\" content=\"article\" \/>\n<meta property=\"og:title\" content=\"Em meio \u00e0 crise, planos de sa\u00fade por ades\u00e3o crescem - Insights \/ Acrisure\" \/>\n<meta property=\"og:description\" content=\"Pela primeira vez ap\u00f3s 14 meses de quedas consecutivas, o n\u00famero de benefici\u00e1rios nos planos de sa\u00fade registra alta em agosto.\" \/>\n<meta property=\"og:url\" content=\"https:\/\/acrisure.com.br\/insights\/em-meio-a-crise-planos-de-saude-por-adesao-crescem\/\" \/>\n<meta property=\"og:site_name\" content=\"Insights \/ Acrisure\" \/>\n<meta property=\"article:publisher\" content=\"https:\/\/www.facebook.com\/itsseg\/\" \/>\n<meta property=\"article:published_time\" content=\"2016-07-13T19:16:21+00:00\" \/>\n<meta property=\"article:modified_time\" content=\"2026-01-06T14:41:31+00:00\" \/>\n<meta property=\"og:image\" content=\"https:\/\/acrisure.com.br\/insights\/wp-content\/uploads\/turbinar-planos-adesao-crescem.jpg\" \/>\n\t<meta property=\"og:image:width\" content=\"1920\" \/>\n\t<meta property=\"og:image:height\" content=\"640\" \/>\n\t<meta property=\"og:image:type\" content=\"image\/jpeg\" \/>\n<meta name=\"author\" content=\"publishouse\" \/>\n<meta name=\"twitter:card\" content=\"summary_large_image\" \/>\n<meta name=\"twitter:label1\" content=\"Escrito por\" \/>\n\t<meta name=\"twitter:data1\" content=\"publishouse\" \/>\n\t<meta name=\"twitter:label2\" content=\"Est. tempo de leitura\" \/>\n\t<meta name=\"twitter:data2\" content=\"2 minutos\" \/>\n<script type=\"application\/ld+json\" class=\"yoast-schema-graph\">{\"@context\":\"https:\\\/\\\/schema.org\",\"@graph\":[{\"@type\":\"Article\",\"@id\":\"https:\\\/\\\/acrisure.com.br\\\/insights\\\/em-meio-a-crise-planos-de-saude-por-adesao-crescem\\\/#article\",\"isPartOf\":{\"@id\":\"https:\\\/\\\/acrisure.com.br\\\/insights\\\/em-meio-a-crise-planos-de-saude-por-adesao-crescem\\\/\"},\"author\":{\"name\":\"publishouse\",\"@id\":\"https:\\\/\\\/acrisure.com.br\\\/insights\\\/#\\\/schema\\\/person\\\/ae285068bde2d94bbb6b0692760fb361\"},\"headline\":\"Em meio \u00e0 crise, planos de sa\u00fade por ades\u00e3o crescem\",\"datePublished\":\"2016-07-13T19:16:21+00:00\",\"dateModified\":\"2026-01-06T14:41:31+00:00\",\"mainEntityOfPage\":{\"@id\":\"https:\\\/\\\/acrisure.com.br\\\/insights\\\/em-meio-a-crise-planos-de-saude-por-adesao-crescem\\\/\"},\"wordCount\":395,\"image\":{\"@id\":\"https:\\\/\\\/acrisure.com.br\\\/insights\\\/em-meio-a-crise-planos-de-saude-por-adesao-crescem\\\/#primaryimage\"},\"thumbnailUrl\":\"https:\\\/\\\/acrisure.com.br\\\/insights\\\/wp-content\\\/uploads\\\/turbinar-planos-adesao-crescem.jpg\",\"keywords\":[\"RH\"],\"articleSection\":[\"Mercado\"],\"inLanguage\":\"pt-BR\"},{\"@type\":\"WebPage\",\"@id\":\"https:\\\/\\\/acrisure.com.br\\\/insights\\\/em-meio-a-crise-planos-de-saude-por-adesao-crescem\\\/\",\"url\":\"https:\\\/\\\/acrisure.com.br\\\/insights\\\/em-meio-a-crise-planos-de-saude-por-adesao-crescem\\\/\",\"name\":\"Em meio \u00e0 crise, planos de sa\u00fade por ades\u00e3o crescem - Insights \\\/ Acrisure\",\"isPartOf\":{\"@id\":\"https:\\\/\\\/acrisure.com.br\\\/insights\\\/#website\"},\"primaryImageOfPage\":{\"@id\":\"https:\\\/\\\/acrisure.com.br\\\/insights\\\/em-meio-a-crise-planos-de-saude-por-adesao-crescem\\\/#primaryimage\"},\"image\":{\"@id\":\"https:\\\/\\\/acrisure.com.br\\\/insights\\\/em-meio-a-crise-planos-de-saude-por-adesao-crescem\\\/#primaryimage\"},\"thumbnailUrl\":\"https:\\\/\\\/acrisure.com.br\\\/insights\\\/wp-content\\\/uploads\\\/turbinar-planos-adesao-crescem.jpg\",\"datePublished\":\"2016-07-13T19:16:21+00:00\",\"dateModified\":\"2026-01-06T14:41:31+00:00\",\"author\":{\"@id\":\"https:\\\/\\\/acrisure.com.br\\\/insights\\\/#\\\/schema\\\/person\\\/ae285068bde2d94bbb6b0692760fb361\"},\"description\":\"Pela primeira vez ap\u00f3s 14 meses de quedas consecutivas, o n\u00famero de benefici\u00e1rios nos planos de sa\u00fade registra alta em agosto.\",\"breadcrumb\":{\"@id\":\"https:\\\/\\\/acrisure.com.br\\\/insights\\\/em-meio-a-crise-planos-de-saude-por-adesao-crescem\\\/#breadcrumb\"},\"inLanguage\":\"pt-BR\",\"potentialAction\":[{\"@type\":\"ReadAction\",\"target\":[\"https:\\\/\\\/acrisure.com.br\\\/insights\\\/em-meio-a-crise-planos-de-saude-por-adesao-crescem\\\/\"]}]},{\"@type\":\"ImageObject\",\"inLanguage\":\"pt-BR\",\"@id\":\"https:\\\/\\\/acrisure.com.br\\\/insights\\\/em-meio-a-crise-planos-de-saude-por-adesao-crescem\\\/#primaryimage\",\"url\":\"https:\\\/\\\/acrisure.com.br\\\/insights\\\/wp-content\\\/uploads\\\/turbinar-planos-adesao-crescem.jpg\",\"contentUrl\":\"https:\\\/\\\/acrisure.com.br\\\/insights\\\/wp-content\\\/uploads\\\/turbinar-planos-adesao-crescem.jpg\",\"width\":1920,\"height\":640,\"caption\":\"Executivo sorridente em ambiente corporativo, simbolizando que, em meio \u00e0 crise, planos de sa\u00fade por ades\u00e3o crescem e ganham destaque no mercado.\"},{\"@type\":\"BreadcrumbList\",\"@id\":\"https:\\\/\\\/acrisure.com.br\\\/insights\\\/em-meio-a-crise-planos-de-saude-por-adesao-crescem\\\/#breadcrumb\",\"itemListElement\":[{\"@type\":\"ListItem\",\"position\":1,\"name\":\"In\u00edcio\",\"item\":\"https:\\\/\\\/acrisure.com.br\\\/insights\\\/\"},{\"@type\":\"ListItem\",\"position\":2,\"name\":\"Em meio \u00e0 crise, planos de sa\u00fade por ades\u00e3o crescem\"}]},{\"@type\":\"WebSite\",\"@id\":\"https:\\\/\\\/acrisure.com.br\\\/insights\\\/#website\",\"url\":\"https:\\\/\\\/acrisure.com.br\\\/insights\\\/\",\"name\":\"Insights \\\/ Acrisure\",\"description\":\"Portal de Not\u00edcias e Conte\u00fado\",\"potentialAction\":[{\"@type\":\"SearchAction\",\"target\":{\"@type\":\"EntryPoint\",\"urlTemplate\":\"https:\\\/\\\/acrisure.com.br\\\/insights\\\/?s={search_term_string}\"},\"query-input\":{\"@type\":\"PropertyValueSpecification\",\"valueRequired\":true,\"valueName\":\"search_term_string\"}}],\"inLanguage\":\"pt-BR\"},{\"@type\":\"Person\",\"@id\":\"https:\\\/\\\/acrisure.com.br\\\/insights\\\/#\\\/schema\\\/person\\\/ae285068bde2d94bbb6b0692760fb361\",\"name\":\"publishouse\",\"image\":{\"@type\":\"ImageObject\",\"inLanguage\":\"pt-BR\",\"@id\":\"https:\\\/\\\/secure.gravatar.com\\\/avatar\\\/28cbb1595e2bba31bae82123e62ffe5e807440c64f2e05ed85a7bd654289e026?s=96&d=mm&r=g\",\"url\":\"https:\\\/\\\/secure.gravatar.com\\\/avatar\\\/28cbb1595e2bba31bae82123e62ffe5e807440c64f2e05ed85a7bd654289e026?s=96&d=mm&r=g\",\"contentUrl\":\"https:\\\/\\\/secure.gravatar.com\\\/avatar\\\/28cbb1595e2bba31bae82123e62ffe5e807440c64f2e05ed85a7bd654289e026?s=96&d=mm&r=g\",\"caption\":\"publishouse\"},\"sameAs\":[\"https:\\\/\\\/acrisure.com.br\\\/insights\"],\"url\":\"https:\\\/\\\/acrisure.com.br\\\/insights\\\/author\\\/publishouse\\\/\"}]}<\/script>\n<!-- \/ Yoast SEO plugin. -->","yoast_head_json":{"title":"Em meio \u00e0 crise, planos de sa\u00fade por ades\u00e3o crescem - Insights \/ Acrisure","description":"Pela primeira vez ap\u00f3s 14 meses de quedas consecutivas, o n\u00famero de benefici\u00e1rios nos planos de sa\u00fade registra alta em agosto.","robots":{"index":"index","follow":"follow","max-snippet":"max-snippet:-1","max-image-preview":"max-image-preview:large","max-video-preview":"max-video-preview:-1"},"canonical":"https:\/\/acrisure.com.br\/insights\/em-meio-a-crise-planos-de-saude-por-adesao-crescem\/","og_locale":"pt_BR","og_type":"article","og_title":"Em meio \u00e0 crise, planos de sa\u00fade por ades\u00e3o crescem - Insights \/ Acrisure","og_description":"Pela primeira vez ap\u00f3s 14 meses de quedas consecutivas, o n\u00famero de benefici\u00e1rios nos planos de sa\u00fade registra alta em agosto.","og_url":"https:\/\/acrisure.com.br\/insights\/em-meio-a-crise-planos-de-saude-por-adesao-crescem\/","og_site_name":"Insights \/ Acrisure","article_publisher":"https:\/\/www.facebook.com\/itsseg\/","article_published_time":"2016-07-13T19:16:21+00:00","article_modified_time":"2026-01-06T14:41:31+00:00","og_image":[{"width":1920,"height":640,"url":"https:\/\/acrisure.com.br\/insights\/wp-content\/uploads\/turbinar-planos-adesao-crescem.jpg","type":"image\/jpeg"}],"author":"publishouse","twitter_card":"summary_large_image","twitter_misc":{"Escrito por":"publishouse","Est. tempo de leitura":"2 minutos"},"schema":{"@context":"https:\/\/schema.org","@graph":[{"@type":"Article","@id":"https:\/\/acrisure.com.br\/insights\/em-meio-a-crise-planos-de-saude-por-adesao-crescem\/#article","isPartOf":{"@id":"https:\/\/acrisure.com.br\/insights\/em-meio-a-crise-planos-de-saude-por-adesao-crescem\/"},"author":{"name":"publishouse","@id":"https:\/\/acrisure.com.br\/insights\/#\/schema\/person\/ae285068bde2d94bbb6b0692760fb361"},"headline":"Em meio \u00e0 crise, planos de sa\u00fade por ades\u00e3o crescem","datePublished":"2016-07-13T19:16:21+00:00","dateModified":"2026-01-06T14:41:31+00:00","mainEntityOfPage":{"@id":"https:\/\/acrisure.com.br\/insights\/em-meio-a-crise-planos-de-saude-por-adesao-crescem\/"},"wordCount":395,"image":{"@id":"https:\/\/acrisure.com.br\/insights\/em-meio-a-crise-planos-de-saude-por-adesao-crescem\/#primaryimage"},"thumbnailUrl":"https:\/\/acrisure.com.br\/insights\/wp-content\/uploads\/turbinar-planos-adesao-crescem.jpg","keywords":["RH"],"articleSection":["Mercado"],"inLanguage":"pt-BR"},{"@type":"WebPage","@id":"https:\/\/acrisure.com.br\/insights\/em-meio-a-crise-planos-de-saude-por-adesao-crescem\/","url":"https:\/\/acrisure.com.br\/insights\/em-meio-a-crise-planos-de-saude-por-adesao-crescem\/","name":"Em meio \u00e0 crise, planos de sa\u00fade por ades\u00e3o crescem - Insights \/ Acrisure","isPartOf":{"@id":"https:\/\/acrisure.com.br\/insights\/#website"},"primaryImageOfPage":{"@id":"https:\/\/acrisure.com.br\/insights\/em-meio-a-crise-planos-de-saude-por-adesao-crescem\/#primaryimage"},"image":{"@id":"https:\/\/acrisure.com.br\/insights\/em-meio-a-crise-planos-de-saude-por-adesao-crescem\/#primaryimage"},"thumbnailUrl":"https:\/\/acrisure.com.br\/insights\/wp-content\/uploads\/turbinar-planos-adesao-crescem.jpg","datePublished":"2016-07-13T19:16:21+00:00","dateModified":"2026-01-06T14:41:31+00:00","author":{"@id":"https:\/\/acrisure.com.br\/insights\/#\/schema\/person\/ae285068bde2d94bbb6b0692760fb361"},"description":"Pela primeira vez ap\u00f3s 14 meses de quedas consecutivas, o n\u00famero de benefici\u00e1rios nos planos de sa\u00fade registra alta em agosto.","breadcrumb":{"@id":"https:\/\/acrisure.com.br\/insights\/em-meio-a-crise-planos-de-saude-por-adesao-crescem\/#breadcrumb"},"inLanguage":"pt-BR","potentialAction":[{"@type":"ReadAction","target":["https:\/\/acrisure.com.br\/insights\/em-meio-a-crise-planos-de-saude-por-adesao-crescem\/"]}]},{"@type":"ImageObject","inLanguage":"pt-BR","@id":"https:\/\/acrisure.com.br\/insights\/em-meio-a-crise-planos-de-saude-por-adesao-crescem\/#primaryimage","url":"https:\/\/acrisure.com.br\/insights\/wp-content\/uploads\/turbinar-planos-adesao-crescem.jpg","contentUrl":"https:\/\/acrisure.com.br\/insights\/wp-content\/uploads\/turbinar-planos-adesao-crescem.jpg","width":1920,"height":640,"caption":"Executivo sorridente em ambiente corporativo, simbolizando que, em meio \u00e0 crise, planos de sa\u00fade por ades\u00e3o crescem e ganham destaque no mercado."},{"@type":"BreadcrumbList","@id":"https:\/\/acrisure.com.br\/insights\/em-meio-a-crise-planos-de-saude-por-adesao-crescem\/#breadcrumb","itemListElement":[{"@type":"ListItem","position":1,"name":"In\u00edcio","item":"https:\/\/acrisure.com.br\/insights\/"},{"@type":"ListItem","position":2,"name":"Em meio \u00e0 crise, planos de sa\u00fade por ades\u00e3o crescem"}]},{"@type":"WebSite","@id":"https:\/\/acrisure.com.br\/insights\/#website","url":"https:\/\/acrisure.com.br\/insights\/","name":"Insights \/ Acrisure","description":"Portal de Not\u00edcias e Conte\u00fado","potentialAction":[{"@type":"SearchAction","target":{"@type":"EntryPoint","urlTemplate":"https:\/\/acrisure.com.br\/insights\/?s={search_term_string}"},"query-input":{"@type":"PropertyValueSpecification","valueRequired":true,"valueName":"search_term_string"}}],"inLanguage":"pt-BR"},{"@type":"Person","@id":"https:\/\/acrisure.com.br\/insights\/#\/schema\/person\/ae285068bde2d94bbb6b0692760fb361","name":"publishouse","image":{"@type":"ImageObject","inLanguage":"pt-BR","@id":"https:\/\/secure.gravatar.com\/avatar\/28cbb1595e2bba31bae82123e62ffe5e807440c64f2e05ed85a7bd654289e026?s=96&d=mm&r=g","url":"https:\/\/secure.gravatar.com\/avatar\/28cbb1595e2bba31bae82123e62ffe5e807440c64f2e05ed85a7bd654289e026?s=96&d=mm&r=g","contentUrl":"https:\/\/secure.gravatar.com\/avatar\/28cbb1595e2bba31bae82123e62ffe5e807440c64f2e05ed85a7bd654289e026?s=96&d=mm&r=g","caption":"publishouse"},"sameAs":["https:\/\/acrisure.com.br\/insights"],"url":"https:\/\/acrisure.com.br\/insights\/author\/publishouse\/"}]}},"_links":{"self":[{"href":"https:\/\/acrisure.com.br\/insights\/wp-json\/wp\/v2\/posts\/6118","targetHints":{"allow":["GET"]}}],"collection":[{"href":"https:\/\/acrisure.com.br\/insights\/wp-json\/wp\/v2\/posts"}],"about":[{"href":"https:\/\/acrisure.com.br\/insights\/wp-json\/wp\/v2\/types\/post"}],"author":[{"embeddable":true,"href":"https:\/\/acrisure.com.br\/insights\/wp-json\/wp\/v2\/users\/1"}],"replies":[{"embeddable":true,"href":"https:\/\/acrisure.com.br\/insights\/wp-json\/wp\/v2\/comments?post=6118"}],"version-history":[{"count":3,"href":"https:\/\/acrisure.com.br\/insights\/wp-json\/wp\/v2\/posts\/6118\/revisions"}],"predecessor-version":[{"id":18198,"href":"https:\/\/acrisure.com.br\/insights\/wp-json\/wp\/v2\/posts\/6118\/revisions\/18198"}],"wp:featuredmedia":[{"embeddable":true,"href":"https:\/\/acrisure.com.br\/insights\/wp-json\/wp\/v2\/media\/6120"}],"wp:attachment":[{"href":"https:\/\/acrisure.com.br\/insights\/wp-json\/wp\/v2\/media?parent=6118"}],"wp:term":[{"taxonomy":"category","embeddable":true,"href":"https:\/\/acrisure.com.br\/insights\/wp-json\/wp\/v2\/categories?post=6118"},{"taxonomy":"post_tag","embeddable":true,"href":"https:\/\/acrisure.com.br\/insights\/wp-json\/wp\/v2\/tags?post=6118"}],"curies":[{"name":"wp","href":"https:\/\/api.w.org\/{rel}","templated":true}]}}