{"id":6181,"date":"2018-03-26T13:06:26","date_gmt":"2018-03-26T16:06:26","guid":{"rendered":"https:\/\/acrisure.com.br\/insights\/?p=6181"},"modified":"2026-02-03T11:04:45","modified_gmt":"2026-02-03T14:04:45","slug":"usuarios-de-planos-de-saude-se-preocupam-mais-com-o-bem-estar","status":"publish","type":"post","link":"https:\/\/acrisure.com.br\/insights\/usuarios-de-planos-de-saude-se-preocupam-mais-com-o-bem-estar\/","title":{"rendered":"Usu\u00e1rios de planos de sa\u00fade se preocupam mais com o bem-estar"},"content":{"rendered":"<p>[et_pb_section fb_built=&#8221;1&#8243; admin_label=&#8221;Post&#8221; _builder_version=&#8221;4.19.4&#8243; custom_padding=&#8221;0px||0px||false|false&#8221; global_colors_info=&#8221;{}&#8221;][et_pb_row admin_label=&#8221;Post&#8221; _builder_version=&#8221;4.19.4&#8243; background_size=&#8221;initial&#8221; background_position=&#8221;top_left&#8221; background_repeat=&#8221;repeat&#8221; width=&#8221;100%&#8221; custom_padding=&#8221;0px||0px||false|false&#8221; global_colors_info=&#8221;{}&#8221;][et_pb_column type=&#8221;4_4&#8243; _builder_version=&#8221;4.16&#8243; custom_padding=&#8221;|||&#8221; global_colors_info=&#8221;{}&#8221; custom_padding__hover=&#8221;|||&#8221;][et_pb_text admin_label=&#8221;Conte\u00fado&#8221; _builder_version=&#8221;4.21.0&#8243; _module_preset=&#8221;default&#8221; text_letter_spacing=&#8221;1px&#8221; custom_margin=&#8221;||||false|false&#8221; global_colors_info=&#8221;{}&#8221;]<\/p>\n<p>No in\u00edcio de 2017, a ANS publicou o <a href=\"https:\/\/segurosinteligentes.com.br\/oldrh\/_old\/obesidade-e-hoje-o-maior-fator-risco-a-saude-dos-brasileiros\/\">Vigitel Brasil<\/a>, um estudo realizado em parceria com o Minist\u00e9rio da Sa\u00fade. A pesquisa existe desde 2006, mas s\u00f3 a partir de 2008, com a ajuda da ag\u00eancia, ela passou a analisar separadamente os <a href=\"https:\/\/www.ans.gov.br\/images\/Vigitel_Saude_Suplementar.pdf\" target=\"_blank\" rel=\"noopener\">benefici\u00e1rios dos planos de sa\u00fade<\/a>. Cruzando os dados dos dois levantamentos, \u00e9 poss\u00edvel notar algumas diferen\u00e7as entre eles.<\/p>\n<p>Quando analisamos apenas os dados de benefici\u00e1rios de planos de sa\u00fade, vemos que h\u00e1 um engajamento maior na busca por uma vida mais saud\u00e1vel: 42,3% dos entrevistados, por exemplo, praticam atividade f\u00edsica no tempo livre, contra 37,6% do levantamento geral.<\/p>\n<p><strong>Benefici\u00e1rios de planos de sa\u00fade:<\/strong><br \/><em>51,5% dos homens praticam atividade f\u00edsica no tempo livre<\/em><br \/><em>35% das mulheres praticam atividade f\u00edsica no tempo livre<\/em><\/p>\n<p>Na compara\u00e7\u00e3o entre os dois estudos, os usu\u00e1rios de planos de sa\u00fade tamb\u00e9m consomem menos carne com gordura (27,8% a 32%) e bebem menos refrigerante (14,7% contra 16,5%).<\/p>\n<p>No quesito obesidade, o levantamento com os usu\u00e1rios de planos de sa\u00fade indica uma menor incid\u00eancia da doen\u00e7a (17,7% contra 18,9%). A diferen\u00e7a, no entanto, \u00e9 m\u00ednima quando analisamos os indiv\u00edduos que est\u00e3o com sobrepeso (53,7% contra 53,8%).<\/p>\n<p><strong>Benefici\u00e1rios de planos de sa\u00fade:<\/strong><br \/><em>61,3% dos homens est\u00e3o com sobrepeso<\/em><br \/><em>47,7% das mulheres est\u00e3o com sobrepeso<\/em><\/p>\n<p>Com rela\u00e7\u00e3o ao tabagismo, enquanto 10,2% dos brasileiros em geral se consideram fumantes, no universo dos planos de sa\u00fade esse n\u00famero cai para 7,3%. O n\u00famero de fumantes passivos no segundo grupo tamb\u00e9m \u00e9 menor (6,3% contra 7,3%).<\/p>\n<p><strong>Benefici\u00e1rios de planos de sa\u00fade:<\/strong><br \/><em>9% dos homens s\u00e3o fumantes<\/em><br \/><em>6% das mulheres s\u00e3o fumantes<\/em><\/p>\n<p><strong>Consumo de \u00e1lcool preocupa<\/strong><\/p>\n<p>Analisando as duas pesquisas, nota-se que o estudo com os usu\u00e1rios de planos de sa\u00fade indica um maior consumo de \u00e1lcool de forma abusiva (20,4% contra 19,1% do levantamento anterior). Eles tamb\u00e9m s\u00e3o maioria quando o assunto \u00e9 conduzir um ve\u00edculo motorizado ap\u00f3s consumir qualquer quantidade de bebida alco\u00f3lica (10,1% a 7,3%).<\/p>\n<p>Quer ler mais not\u00edcias como essa? <a href=\"https:\/\/acrisure.com.br\/\">Clique aqui<\/a> e navegue pelo Portal RH It\u2019sSeg. Siga-nos tamb\u00e9m no <a href=\"https:\/\/www.facebook.com\/itsseg\/\" target=\"_blank\" rel=\"noopener\">Facebook<\/a> e no <a href=\"https:\/\/www.linkedin.com\/company\/9221126\/\" target=\"_blank\" rel=\"noopener\">Linkedin<\/a>.<\/p>\n<p>[\/et_pb_text][\/et_pb_column][\/et_pb_row][\/et_pb_section]<\/p>\n","protected":false},"excerpt":{"rendered":"<p>Vigitel Brasil, um estudo realizado pela ANS em parceria com o Minist\u00e9rio da Sa\u00fade, traz dados interessantes sobre a sa\u00fade dos brasileiros.<\/p>\n","protected":false},"author":1,"featured_media":6183,"comment_status":"closed","ping_status":"open","sticky":false,"template":"","format":"standard","meta":{"_et_pb_use_builder":"on","_et_pb_old_content":"","_et_gb_content_width":"","footnotes":"","_links_to":"","_links_to_target":""},"categories":[26],"tags":[9],"class_list":["post-6181","post","type-post","status-publish","format-standard","has-post-thumbnail","hentry","category-mercado","tag-rh"],"yoast_head":"<!-- This site is optimized with the Yoast SEO plugin v27.4 - https:\/\/yoast.com\/product\/yoast-seo-wordpress\/ -->\n<title>Usu\u00e1rios de planos de sa\u00fade se preocupam mais com o bem-estar - Insights \/ Acrisure<\/title>\n<meta name=\"description\" content=\"Vigitel Brasil, um estudo realizado pela ANS em parceria com o Minist\u00e9rio da Sa\u00fade, traz dados interessantes sobre a sa\u00fade dos brasileiros.\" \/>\n<meta name=\"robots\" content=\"index, follow, max-snippet:-1, max-image-preview:large, max-video-preview:-1\" \/>\n<link rel=\"canonical\" href=\"https:\/\/acrisure.com.br\/insights\/usuarios-de-planos-de-saude-se-preocupam-mais-com-o-bem-estar\/\" \/>\n<meta property=\"og:locale\" content=\"pt_BR\" \/>\n<meta property=\"og:type\" content=\"article\" \/>\n<meta property=\"og:title\" content=\"Usu\u00e1rios de planos de sa\u00fade se preocupam mais com o bem-estar - Insights \/ Acrisure\" \/>\n<meta property=\"og:description\" content=\"Vigitel Brasil, um estudo realizado pela ANS em parceria com o Minist\u00e9rio da Sa\u00fade, traz dados interessantes sobre a sa\u00fade dos brasileiros.\" \/>\n<meta property=\"og:url\" content=\"https:\/\/acrisure.com.br\/insights\/usuarios-de-planos-de-saude-se-preocupam-mais-com-o-bem-estar\/\" \/>\n<meta property=\"og:site_name\" content=\"Insights \/ Acrisure\" \/>\n<meta property=\"article:publisher\" content=\"https:\/\/www.facebook.com\/itsseg\/\" \/>\n<meta property=\"article:published_time\" content=\"2018-03-26T16:06:26+00:00\" \/>\n<meta property=\"article:modified_time\" content=\"2026-02-03T14:04:45+00:00\" \/>\n<meta property=\"og:image\" content=\"https:\/\/acrisure.com.br\/insights\/wp-content\/uploads\/turbinar-usuarios-planos-saude-bem-estar.jpg\" \/>\n\t<meta property=\"og:image:width\" content=\"1920\" \/>\n\t<meta property=\"og:image:height\" content=\"640\" \/>\n\t<meta property=\"og:image:type\" content=\"image\/jpeg\" \/>\n<meta name=\"author\" content=\"publishouse\" \/>\n<meta name=\"twitter:card\" content=\"summary_large_image\" \/>\n<meta name=\"twitter:label1\" content=\"Escrito por\" \/>\n\t<meta name=\"twitter:data1\" content=\"publishouse\" \/>\n\t<meta name=\"twitter:label2\" content=\"Est. tempo de leitura\" \/>\n\t<meta name=\"twitter:data2\" content=\"3 minutos\" \/>\n<script type=\"application\/ld+json\" class=\"yoast-schema-graph\">{\"@context\":\"https:\\\/\\\/schema.org\",\"@graph\":[{\"@type\":\"Article\",\"@id\":\"https:\\\/\\\/acrisure.com.br\\\/insights\\\/usuarios-de-planos-de-saude-se-preocupam-mais-com-o-bem-estar\\\/#article\",\"isPartOf\":{\"@id\":\"https:\\\/\\\/acrisure.com.br\\\/insights\\\/usuarios-de-planos-de-saude-se-preocupam-mais-com-o-bem-estar\\\/\"},\"author\":{\"name\":\"publishouse\",\"@id\":\"https:\\\/\\\/acrisure.com.br\\\/insights\\\/#\\\/schema\\\/person\\\/ae285068bde2d94bbb6b0692760fb361\"},\"headline\":\"Usu\u00e1rios de planos de sa\u00fade se preocupam mais com o bem-estar\",\"datePublished\":\"2018-03-26T16:06:26+00:00\",\"dateModified\":\"2026-02-03T14:04:45+00:00\",\"mainEntityOfPage\":{\"@id\":\"https:\\\/\\\/acrisure.com.br\\\/insights\\\/usuarios-de-planos-de-saude-se-preocupam-mais-com-o-bem-estar\\\/\"},\"wordCount\":465,\"image\":{\"@id\":\"https:\\\/\\\/acrisure.com.br\\\/insights\\\/usuarios-de-planos-de-saude-se-preocupam-mais-com-o-bem-estar\\\/#primaryimage\"},\"thumbnailUrl\":\"https:\\\/\\\/acrisure.com.br\\\/insights\\\/wp-content\\\/uploads\\\/turbinar-usuarios-planos-saude-bem-estar.jpg\",\"keywords\":[\"RH\"],\"articleSection\":[\"Mercado\"],\"inLanguage\":\"pt-BR\"},{\"@type\":\"WebPage\",\"@id\":\"https:\\\/\\\/acrisure.com.br\\\/insights\\\/usuarios-de-planos-de-saude-se-preocupam-mais-com-o-bem-estar\\\/\",\"url\":\"https:\\\/\\\/acrisure.com.br\\\/insights\\\/usuarios-de-planos-de-saude-se-preocupam-mais-com-o-bem-estar\\\/\",\"name\":\"Usu\u00e1rios de planos de sa\u00fade se preocupam mais com o bem-estar - Insights \\\/ Acrisure\",\"isPartOf\":{\"@id\":\"https:\\\/\\\/acrisure.com.br\\\/insights\\\/#website\"},\"primaryImageOfPage\":{\"@id\":\"https:\\\/\\\/acrisure.com.br\\\/insights\\\/usuarios-de-planos-de-saude-se-preocupam-mais-com-o-bem-estar\\\/#primaryimage\"},\"image\":{\"@id\":\"https:\\\/\\\/acrisure.com.br\\\/insights\\\/usuarios-de-planos-de-saude-se-preocupam-mais-com-o-bem-estar\\\/#primaryimage\"},\"thumbnailUrl\":\"https:\\\/\\\/acrisure.com.br\\\/insights\\\/wp-content\\\/uploads\\\/turbinar-usuarios-planos-saude-bem-estar.jpg\",\"datePublished\":\"2018-03-26T16:06:26+00:00\",\"dateModified\":\"2026-02-03T14:04:45+00:00\",\"author\":{\"@id\":\"https:\\\/\\\/acrisure.com.br\\\/insights\\\/#\\\/schema\\\/person\\\/ae285068bde2d94bbb6b0692760fb361\"},\"description\":\"Vigitel Brasil, um estudo realizado pela ANS em parceria com o Minist\u00e9rio da Sa\u00fade, traz dados interessantes sobre a sa\u00fade dos brasileiros.\",\"breadcrumb\":{\"@id\":\"https:\\\/\\\/acrisure.com.br\\\/insights\\\/usuarios-de-planos-de-saude-se-preocupam-mais-com-o-bem-estar\\\/#breadcrumb\"},\"inLanguage\":\"pt-BR\",\"potentialAction\":[{\"@type\":\"ReadAction\",\"target\":[\"https:\\\/\\\/acrisure.com.br\\\/insights\\\/usuarios-de-planos-de-saude-se-preocupam-mais-com-o-bem-estar\\\/\"]}]},{\"@type\":\"ImageObject\",\"inLanguage\":\"pt-BR\",\"@id\":\"https:\\\/\\\/acrisure.com.br\\\/insights\\\/usuarios-de-planos-de-saude-se-preocupam-mais-com-o-bem-estar\\\/#primaryimage\",\"url\":\"https:\\\/\\\/acrisure.com.br\\\/insights\\\/wp-content\\\/uploads\\\/turbinar-usuarios-planos-saude-bem-estar.jpg\",\"contentUrl\":\"https:\\\/\\\/acrisure.com.br\\\/insights\\\/wp-content\\\/uploads\\\/turbinar-usuarios-planos-saude-bem-estar.jpg\",\"width\":1920,\"height\":640,\"caption\":\"Pessoa fazendo exerc\u00edcios aer\u00f3bicos\"},{\"@type\":\"BreadcrumbList\",\"@id\":\"https:\\\/\\\/acrisure.com.br\\\/insights\\\/usuarios-de-planos-de-saude-se-preocupam-mais-com-o-bem-estar\\\/#breadcrumb\",\"itemListElement\":[{\"@type\":\"ListItem\",\"position\":1,\"name\":\"In\u00edcio\",\"item\":\"https:\\\/\\\/acrisure.com.br\\\/insights\\\/\"},{\"@type\":\"ListItem\",\"position\":2,\"name\":\"Usu\u00e1rios de planos de sa\u00fade se preocupam mais com o bem-estar\"}]},{\"@type\":\"WebSite\",\"@id\":\"https:\\\/\\\/acrisure.com.br\\\/insights\\\/#website\",\"url\":\"https:\\\/\\\/acrisure.com.br\\\/insights\\\/\",\"name\":\"Insights \\\/ Acrisure\",\"description\":\"Portal de Not\u00edcias e Conte\u00fado\",\"potentialAction\":[{\"@type\":\"SearchAction\",\"target\":{\"@type\":\"EntryPoint\",\"urlTemplate\":\"https:\\\/\\\/acrisure.com.br\\\/insights\\\/?s={search_term_string}\"},\"query-input\":{\"@type\":\"PropertyValueSpecification\",\"valueRequired\":true,\"valueName\":\"search_term_string\"}}],\"inLanguage\":\"pt-BR\"},{\"@type\":\"Person\",\"@id\":\"https:\\\/\\\/acrisure.com.br\\\/insights\\\/#\\\/schema\\\/person\\\/ae285068bde2d94bbb6b0692760fb361\",\"name\":\"publishouse\",\"image\":{\"@type\":\"ImageObject\",\"inLanguage\":\"pt-BR\",\"@id\":\"https:\\\/\\\/secure.gravatar.com\\\/avatar\\\/28cbb1595e2bba31bae82123e62ffe5e807440c64f2e05ed85a7bd654289e026?s=96&d=mm&r=g\",\"url\":\"https:\\\/\\\/secure.gravatar.com\\\/avatar\\\/28cbb1595e2bba31bae82123e62ffe5e807440c64f2e05ed85a7bd654289e026?s=96&d=mm&r=g\",\"contentUrl\":\"https:\\\/\\\/secure.gravatar.com\\\/avatar\\\/28cbb1595e2bba31bae82123e62ffe5e807440c64f2e05ed85a7bd654289e026?s=96&d=mm&r=g\",\"caption\":\"publishouse\"},\"sameAs\":[\"https:\\\/\\\/acrisure.com.br\\\/insights\"],\"url\":\"https:\\\/\\\/acrisure.com.br\\\/insights\\\/author\\\/publishouse\\\/\"}]}<\/script>\n<!-- \/ Yoast SEO plugin. -->","yoast_head_json":{"title":"Usu\u00e1rios de planos de sa\u00fade se preocupam mais com o bem-estar - Insights \/ Acrisure","description":"Vigitel Brasil, um estudo realizado pela ANS em parceria com o Minist\u00e9rio da Sa\u00fade, traz dados interessantes sobre a sa\u00fade dos brasileiros.","robots":{"index":"index","follow":"follow","max-snippet":"max-snippet:-1","max-image-preview":"max-image-preview:large","max-video-preview":"max-video-preview:-1"},"canonical":"https:\/\/acrisure.com.br\/insights\/usuarios-de-planos-de-saude-se-preocupam-mais-com-o-bem-estar\/","og_locale":"pt_BR","og_type":"article","og_title":"Usu\u00e1rios de planos de sa\u00fade se preocupam mais com o bem-estar - Insights \/ Acrisure","og_description":"Vigitel Brasil, um estudo realizado pela ANS em parceria com o Minist\u00e9rio da Sa\u00fade, traz dados interessantes sobre a sa\u00fade dos brasileiros.","og_url":"https:\/\/acrisure.com.br\/insights\/usuarios-de-planos-de-saude-se-preocupam-mais-com-o-bem-estar\/","og_site_name":"Insights \/ Acrisure","article_publisher":"https:\/\/www.facebook.com\/itsseg\/","article_published_time":"2018-03-26T16:06:26+00:00","article_modified_time":"2026-02-03T14:04:45+00:00","og_image":[{"width":1920,"height":640,"url":"https:\/\/acrisure.com.br\/insights\/wp-content\/uploads\/turbinar-usuarios-planos-saude-bem-estar.jpg","type":"image\/jpeg"}],"author":"publishouse","twitter_card":"summary_large_image","twitter_misc":{"Escrito por":"publishouse","Est. tempo de leitura":"3 minutos"},"schema":{"@context":"https:\/\/schema.org","@graph":[{"@type":"Article","@id":"https:\/\/acrisure.com.br\/insights\/usuarios-de-planos-de-saude-se-preocupam-mais-com-o-bem-estar\/#article","isPartOf":{"@id":"https:\/\/acrisure.com.br\/insights\/usuarios-de-planos-de-saude-se-preocupam-mais-com-o-bem-estar\/"},"author":{"name":"publishouse","@id":"https:\/\/acrisure.com.br\/insights\/#\/schema\/person\/ae285068bde2d94bbb6b0692760fb361"},"headline":"Usu\u00e1rios de planos de sa\u00fade se preocupam mais com o bem-estar","datePublished":"2018-03-26T16:06:26+00:00","dateModified":"2026-02-03T14:04:45+00:00","mainEntityOfPage":{"@id":"https:\/\/acrisure.com.br\/insights\/usuarios-de-planos-de-saude-se-preocupam-mais-com-o-bem-estar\/"},"wordCount":465,"image":{"@id":"https:\/\/acrisure.com.br\/insights\/usuarios-de-planos-de-saude-se-preocupam-mais-com-o-bem-estar\/#primaryimage"},"thumbnailUrl":"https:\/\/acrisure.com.br\/insights\/wp-content\/uploads\/turbinar-usuarios-planos-saude-bem-estar.jpg","keywords":["RH"],"articleSection":["Mercado"],"inLanguage":"pt-BR"},{"@type":"WebPage","@id":"https:\/\/acrisure.com.br\/insights\/usuarios-de-planos-de-saude-se-preocupam-mais-com-o-bem-estar\/","url":"https:\/\/acrisure.com.br\/insights\/usuarios-de-planos-de-saude-se-preocupam-mais-com-o-bem-estar\/","name":"Usu\u00e1rios de planos de sa\u00fade se preocupam mais com o bem-estar - Insights \/ Acrisure","isPartOf":{"@id":"https:\/\/acrisure.com.br\/insights\/#website"},"primaryImageOfPage":{"@id":"https:\/\/acrisure.com.br\/insights\/usuarios-de-planos-de-saude-se-preocupam-mais-com-o-bem-estar\/#primaryimage"},"image":{"@id":"https:\/\/acrisure.com.br\/insights\/usuarios-de-planos-de-saude-se-preocupam-mais-com-o-bem-estar\/#primaryimage"},"thumbnailUrl":"https:\/\/acrisure.com.br\/insights\/wp-content\/uploads\/turbinar-usuarios-planos-saude-bem-estar.jpg","datePublished":"2018-03-26T16:06:26+00:00","dateModified":"2026-02-03T14:04:45+00:00","author":{"@id":"https:\/\/acrisure.com.br\/insights\/#\/schema\/person\/ae285068bde2d94bbb6b0692760fb361"},"description":"Vigitel Brasil, um estudo realizado pela ANS em parceria com o Minist\u00e9rio da Sa\u00fade, traz dados interessantes sobre a sa\u00fade dos brasileiros.","breadcrumb":{"@id":"https:\/\/acrisure.com.br\/insights\/usuarios-de-planos-de-saude-se-preocupam-mais-com-o-bem-estar\/#breadcrumb"},"inLanguage":"pt-BR","potentialAction":[{"@type":"ReadAction","target":["https:\/\/acrisure.com.br\/insights\/usuarios-de-planos-de-saude-se-preocupam-mais-com-o-bem-estar\/"]}]},{"@type":"ImageObject","inLanguage":"pt-BR","@id":"https:\/\/acrisure.com.br\/insights\/usuarios-de-planos-de-saude-se-preocupam-mais-com-o-bem-estar\/#primaryimage","url":"https:\/\/acrisure.com.br\/insights\/wp-content\/uploads\/turbinar-usuarios-planos-saude-bem-estar.jpg","contentUrl":"https:\/\/acrisure.com.br\/insights\/wp-content\/uploads\/turbinar-usuarios-planos-saude-bem-estar.jpg","width":1920,"height":640,"caption":"Pessoa fazendo exerc\u00edcios aer\u00f3bicos"},{"@type":"BreadcrumbList","@id":"https:\/\/acrisure.com.br\/insights\/usuarios-de-planos-de-saude-se-preocupam-mais-com-o-bem-estar\/#breadcrumb","itemListElement":[{"@type":"ListItem","position":1,"name":"In\u00edcio","item":"https:\/\/acrisure.com.br\/insights\/"},{"@type":"ListItem","position":2,"name":"Usu\u00e1rios de planos de sa\u00fade se preocupam mais com o bem-estar"}]},{"@type":"WebSite","@id":"https:\/\/acrisure.com.br\/insights\/#website","url":"https:\/\/acrisure.com.br\/insights\/","name":"Insights \/ Acrisure","description":"Portal de Not\u00edcias e Conte\u00fado","potentialAction":[{"@type":"SearchAction","target":{"@type":"EntryPoint","urlTemplate":"https:\/\/acrisure.com.br\/insights\/?s={search_term_string}"},"query-input":{"@type":"PropertyValueSpecification","valueRequired":true,"valueName":"search_term_string"}}],"inLanguage":"pt-BR"},{"@type":"Person","@id":"https:\/\/acrisure.com.br\/insights\/#\/schema\/person\/ae285068bde2d94bbb6b0692760fb361","name":"publishouse","image":{"@type":"ImageObject","inLanguage":"pt-BR","@id":"https:\/\/secure.gravatar.com\/avatar\/28cbb1595e2bba31bae82123e62ffe5e807440c64f2e05ed85a7bd654289e026?s=96&d=mm&r=g","url":"https:\/\/secure.gravatar.com\/avatar\/28cbb1595e2bba31bae82123e62ffe5e807440c64f2e05ed85a7bd654289e026?s=96&d=mm&r=g","contentUrl":"https:\/\/secure.gravatar.com\/avatar\/28cbb1595e2bba31bae82123e62ffe5e807440c64f2e05ed85a7bd654289e026?s=96&d=mm&r=g","caption":"publishouse"},"sameAs":["https:\/\/acrisure.com.br\/insights"],"url":"https:\/\/acrisure.com.br\/insights\/author\/publishouse\/"}]}},"_links":{"self":[{"href":"https:\/\/acrisure.com.br\/insights\/wp-json\/wp\/v2\/posts\/6181","targetHints":{"allow":["GET"]}}],"collection":[{"href":"https:\/\/acrisure.com.br\/insights\/wp-json\/wp\/v2\/posts"}],"about":[{"href":"https:\/\/acrisure.com.br\/insights\/wp-json\/wp\/v2\/types\/post"}],"author":[{"embeddable":true,"href":"https:\/\/acrisure.com.br\/insights\/wp-json\/wp\/v2\/users\/1"}],"replies":[{"embeddable":true,"href":"https:\/\/acrisure.com.br\/insights\/wp-json\/wp\/v2\/comments?post=6181"}],"version-history":[{"count":5,"href":"https:\/\/acrisure.com.br\/insights\/wp-json\/wp\/v2\/posts\/6181\/revisions"}],"predecessor-version":[{"id":19569,"href":"https:\/\/acrisure.com.br\/insights\/wp-json\/wp\/v2\/posts\/6181\/revisions\/19569"}],"wp:featuredmedia":[{"embeddable":true,"href":"https:\/\/acrisure.com.br\/insights\/wp-json\/wp\/v2\/media\/6183"}],"wp:attachment":[{"href":"https:\/\/acrisure.com.br\/insights\/wp-json\/wp\/v2\/media?parent=6181"}],"wp:term":[{"taxonomy":"category","embeddable":true,"href":"https:\/\/acrisure.com.br\/insights\/wp-json\/wp\/v2\/categories?post=6181"},{"taxonomy":"post_tag","embeddable":true,"href":"https:\/\/acrisure.com.br\/insights\/wp-json\/wp\/v2\/tags?post=6181"}],"curies":[{"name":"wp","href":"https:\/\/api.w.org\/{rel}","templated":true}]}}