{"id":6445,"date":"2019-10-10T19:24:27","date_gmt":"2019-10-10T22:24:27","guid":{"rendered":"https:\/\/acrisure.com.br\/insights\/?p=6445"},"modified":"2026-02-03T10:50:55","modified_gmt":"2026-02-03T13:50:55","slug":"prevencao-e-uma-pauta-organizacional","status":"publish","type":"post","link":"https:\/\/acrisure.com.br\/insights\/prevencao-e-uma-pauta-organizacional\/","title":{"rendered":"Preven\u00e7\u00e3o tamb\u00e9m \u00e9 uma pauta organizacional"},"content":{"rendered":"<p>[et_pb_section fb_built=&#8221;1&#8243; admin_label=&#8221;Post&#8221; _builder_version=&#8221;4.20.0&#8243; custom_padding=&#8221;0px||0px||false|false&#8221; global_colors_info=&#8221;{}&#8221;][et_pb_row admin_label=&#8221;Post&#8221; _builder_version=&#8221;4.19.4&#8243; background_size=&#8221;initial&#8221; background_position=&#8221;top_left&#8221; background_repeat=&#8221;repeat&#8221; width=&#8221;100%&#8221; custom_padding=&#8221;0px||0px||false|false&#8221; global_colors_info=&#8221;{}&#8221;][et_pb_column type=&#8221;4_4&#8243; _builder_version=&#8221;4.16&#8243; custom_padding=&#8221;|||&#8221; global_colors_info=&#8221;{}&#8221; custom_padding__hover=&#8221;|||&#8221;][et_pb_text admin_label=&#8221;Conte\u00fado&#8221; _builder_version=&#8221;4.21.0&#8243; _module_preset=&#8221;default&#8221; text_letter_spacing=&#8221;1px&#8221; custom_margin=&#8221;||||false|false&#8221; global_colors_info=&#8221;{}&#8221;]<\/p>\n<p>Um <a href=\"https:\/\/www.revistaapolice.com.br\/2019\/09\/oito-em-cada-dez-usuarios-de-planos-de-saude-nao-realizam-checkup\/\" target=\"_blank\" rel=\"noopener\">novo levantamento da It\u2019sSeg<\/a> mostrou que oito em cada dez executivos n\u00e3o realizam <em>checkup<\/em> preventivo, impactando os custos totais do plano de sa\u00fade, al\u00e9m de diminuir as chances de diagn\u00f3stico precoce de doen\u00e7as.<\/p>\n<p>A conclus\u00e3o do estudo refor\u00e7a a ideia de que precisamos incentivar a preven\u00e7\u00e3o como um h\u00e1bito saud\u00e1vel se quisermos tornar a sa\u00fade suplementar sustent\u00e1vel para empresas e pessoas.<\/p>\n<h4>Cultura reativa \u00e9 predominante, mas deve ser desestimulada<\/h4>\n<p>No Brasil, de acordo com o Instituto Data Popular, seis em cada dez pessoas s\u00f3 v\u00e3o ao m\u00e9dico quando est\u00e3o doentes. Essa cultura de tratar doen\u00e7as, em vez de preservar sa\u00fade, \u00e9 um fator determinante para a precifica\u00e7\u00e3o da assist\u00eancia m\u00e9dica e tamb\u00e9m foi confirmado pelo estudo da It\u2019sSeg.<\/p>\n<p><img loading=\"lazy\" decoding=\"async\" class=\" wp-image-5958 alignright\" src=\"https:\/\/acrisure.com.br\/\" alt=\"\" width=\"339\" height=\"241\" \/>A an\u00e1lise revelou que os benefici\u00e1rios do plano que n\u00e3o fizeram o <em>checkup<\/em> tiveram um custo m\u00e9dio por interna\u00e7\u00e3o 19,6% maior em rela\u00e7\u00e3o \u00e0queles que realizaram o exame preventivo. Isso, provavelmente, \u00e9 reflexo da identifica\u00e7\u00e3o tardia de doen\u00e7as que implicam grandes despesas.<\/p>\n<p>Outro ponto importante da pesquisa destaca a m\u00e9dia de utiliza\u00e7\u00e3o do conv\u00eanio. Ao contr\u00e1rio de quem n\u00e3o fez o <em>checkup<\/em>, executivos que realizaram a avalia\u00e7\u00e3o m\u00e9dica sentiram-se mais seguros para fazer menos consultas e exames durante o ano.<\/p>\n<p>Por outro lado, terapias s\u00e3o o \u00fanico tipo de uso do plano que \u00e9 maior entre os executivos que fizeram o <em>checkup<\/em>. Isso indica que, ao verificar uma doen\u00e7a em est\u00e1gio inicial, essa se torna uma op\u00e7\u00e3o eficiente de tratamento, evitando cirurgias e outros procedimentos de maior custo e risco para o paciente.<\/p>\n<p>Dessa forma, enfatizamos a import\u00e2ncia de repensar a cultura reativa para <strong>promover a preven\u00e7\u00e3o<\/strong>, uma vez que suas vantagens podem ser vistas tanto na melhora da qualidade de vida, com o diagn\u00f3stico precoce de patologias e fatores de risco, que auxiliam na elabora\u00e7\u00e3o de uma estrat\u00e9gia de sa\u00fade para o benefici\u00e1rio, quanto na economia financeira.<\/p>\n<p>O <em>checkup<\/em> \u00e9 apenas um dos tipos de avalia\u00e7\u00e3o m\u00e9dica de rotina, que pode ser contratado como adicional na operadora de sa\u00fade ou diretamente com prestadores de servi\u00e7os, mas diversos exames preventivos t\u00eam sua cobertura obrigat\u00f3ria garantida pelo Rol de Procedimentos da ANS (Ag\u00eancia Nacional de Sa\u00fade Suplementar).<\/p>\n<p>Hoje, mais de 65% dos contratos de planos de sa\u00fade s\u00e3o empresariais, ou seja, as empresas possuem uma responsabilidade muito grande ao educar seus colaboradores sobre o <a href=\"https:\/\/segurosinteligentes.com.br\/oldrh\/_old\/uso-consciente-do-plano-de-saude-informar-o-paciente-e-o-melhor-caminho\/\" target=\"_blank\" rel=\"noopener\">uso consciente da assist\u00eancia m\u00e9dica<\/a>, mas, para isso, a preven\u00e7\u00e3o deve ser estimulada e valorizada para que as pessoas podem ser, de fato, saud\u00e1veis.<\/p>\n<p>[\/et_pb_text][\/et_pb_column][\/et_pb_row][\/et_pb_section]<\/p>\n","protected":false},"excerpt":{"rendered":"<p>Precisamos incentivar a preven\u00e7\u00e3o como um h\u00e1bito saud\u00e1vel se quisermos tornar a sa\u00fade suplementar sustent\u00e1vel para empresas e pessoas.<\/p>\n","protected":false},"author":1,"featured_media":6447,"comment_status":"closed","ping_status":"open","sticky":false,"template":"","format":"standard","meta":{"_et_pb_use_builder":"on","_et_pb_old_content":"","_et_gb_content_width":"","footnotes":"","_links_to":"","_links_to_target":""},"categories":[23],"tags":[9],"class_list":["post-6445","post","type-post","status-publish","format-standard","has-post-thumbnail","hentry","category-gestao-da-saude","tag-rh"],"yoast_head":"<!-- This site is optimized with the Yoast SEO plugin v27.4 - https:\/\/yoast.com\/product\/yoast-seo-wordpress\/ -->\n<title>Preven\u00e7\u00e3o tamb\u00e9m \u00e9 uma pauta organizacional - Insights \/ Acrisure<\/title>\n<meta name=\"description\" content=\"Precisamos incentivar a preven\u00e7\u00e3o como um h\u00e1bito saud\u00e1vel se quisermos tornar a sa\u00fade suplementar sustent\u00e1vel para empresas e pessoas.\" \/>\n<meta name=\"robots\" content=\"index, follow, max-snippet:-1, max-image-preview:large, max-video-preview:-1\" \/>\n<link rel=\"canonical\" href=\"https:\/\/acrisure.com.br\/insights\/prevencao-e-uma-pauta-organizacional\/\" \/>\n<meta property=\"og:locale\" content=\"pt_BR\" \/>\n<meta property=\"og:type\" content=\"article\" \/>\n<meta property=\"og:title\" content=\"Preven\u00e7\u00e3o tamb\u00e9m \u00e9 uma pauta organizacional - Insights \/ Acrisure\" \/>\n<meta property=\"og:description\" content=\"Precisamos incentivar a preven\u00e7\u00e3o como um h\u00e1bito saud\u00e1vel se quisermos tornar a sa\u00fade suplementar sustent\u00e1vel para empresas e pessoas.\" \/>\n<meta property=\"og:url\" content=\"https:\/\/acrisure.com.br\/insights\/prevencao-e-uma-pauta-organizacional\/\" \/>\n<meta property=\"og:site_name\" content=\"Insights \/ Acrisure\" \/>\n<meta property=\"article:publisher\" content=\"https:\/\/www.facebook.com\/itsseg\/\" \/>\n<meta property=\"article:published_time\" content=\"2019-10-10T22:24:27+00:00\" \/>\n<meta property=\"article:modified_time\" content=\"2026-02-03T13:50:55+00:00\" \/>\n<meta property=\"og:image\" content=\"https:\/\/acrisure.com.br\/insights\/wp-content\/uploads\/turbinar-prevencao-pauta-organizacional.jpg\" \/>\n\t<meta property=\"og:image:width\" content=\"1920\" \/>\n\t<meta property=\"og:image:height\" content=\"640\" \/>\n\t<meta property=\"og:image:type\" content=\"image\/jpeg\" \/>\n<meta name=\"author\" content=\"publishouse\" \/>\n<meta name=\"twitter:card\" content=\"summary_large_image\" \/>\n<meta name=\"twitter:label1\" content=\"Escrito por\" \/>\n\t<meta name=\"twitter:data1\" content=\"publishouse\" \/>\n\t<meta name=\"twitter:label2\" content=\"Est. tempo de leitura\" \/>\n\t<meta name=\"twitter:data2\" content=\"3 minutos\" \/>\n<script type=\"application\/ld+json\" class=\"yoast-schema-graph\">{\"@context\":\"https:\\\/\\\/schema.org\",\"@graph\":[{\"@type\":\"Article\",\"@id\":\"https:\\\/\\\/acrisure.com.br\\\/insights\\\/prevencao-e-uma-pauta-organizacional\\\/#article\",\"isPartOf\":{\"@id\":\"https:\\\/\\\/acrisure.com.br\\\/insights\\\/prevencao-e-uma-pauta-organizacional\\\/\"},\"author\":{\"name\":\"publishouse\",\"@id\":\"https:\\\/\\\/acrisure.com.br\\\/insights\\\/#\\\/schema\\\/person\\\/ae285068bde2d94bbb6b0692760fb361\"},\"headline\":\"Preven\u00e7\u00e3o tamb\u00e9m \u00e9 uma pauta organizacional\",\"datePublished\":\"2019-10-10T22:24:27+00:00\",\"dateModified\":\"2026-02-03T13:50:55+00:00\",\"mainEntityOfPage\":{\"@id\":\"https:\\\/\\\/acrisure.com.br\\\/insights\\\/prevencao-e-uma-pauta-organizacional\\\/\"},\"wordCount\":565,\"image\":{\"@id\":\"https:\\\/\\\/acrisure.com.br\\\/insights\\\/prevencao-e-uma-pauta-organizacional\\\/#primaryimage\"},\"thumbnailUrl\":\"https:\\\/\\\/acrisure.com.br\\\/insights\\\/wp-content\\\/uploads\\\/turbinar-prevencao-pauta-organizacional.jpg\",\"keywords\":[\"RH\"],\"articleSection\":[\"Gest\u00e3o da sa\u00fade\"],\"inLanguage\":\"pt-BR\"},{\"@type\":\"WebPage\",\"@id\":\"https:\\\/\\\/acrisure.com.br\\\/insights\\\/prevencao-e-uma-pauta-organizacional\\\/\",\"url\":\"https:\\\/\\\/acrisure.com.br\\\/insights\\\/prevencao-e-uma-pauta-organizacional\\\/\",\"name\":\"Preven\u00e7\u00e3o tamb\u00e9m \u00e9 uma pauta organizacional - Insights \\\/ Acrisure\",\"isPartOf\":{\"@id\":\"https:\\\/\\\/acrisure.com.br\\\/insights\\\/#website\"},\"primaryImageOfPage\":{\"@id\":\"https:\\\/\\\/acrisure.com.br\\\/insights\\\/prevencao-e-uma-pauta-organizacional\\\/#primaryimage\"},\"image\":{\"@id\":\"https:\\\/\\\/acrisure.com.br\\\/insights\\\/prevencao-e-uma-pauta-organizacional\\\/#primaryimage\"},\"thumbnailUrl\":\"https:\\\/\\\/acrisure.com.br\\\/insights\\\/wp-content\\\/uploads\\\/turbinar-prevencao-pauta-organizacional.jpg\",\"datePublished\":\"2019-10-10T22:24:27+00:00\",\"dateModified\":\"2026-02-03T13:50:55+00:00\",\"author\":{\"@id\":\"https:\\\/\\\/acrisure.com.br\\\/insights\\\/#\\\/schema\\\/person\\\/ae285068bde2d94bbb6b0692760fb361\"},\"description\":\"Precisamos incentivar a preven\u00e7\u00e3o como um h\u00e1bito saud\u00e1vel se quisermos tornar a sa\u00fade suplementar sustent\u00e1vel para empresas e pessoas.\",\"breadcrumb\":{\"@id\":\"https:\\\/\\\/acrisure.com.br\\\/insights\\\/prevencao-e-uma-pauta-organizacional\\\/#breadcrumb\"},\"inLanguage\":\"pt-BR\",\"potentialAction\":[{\"@type\":\"ReadAction\",\"target\":[\"https:\\\/\\\/acrisure.com.br\\\/insights\\\/prevencao-e-uma-pauta-organizacional\\\/\"]}]},{\"@type\":\"ImageObject\",\"inLanguage\":\"pt-BR\",\"@id\":\"https:\\\/\\\/acrisure.com.br\\\/insights\\\/prevencao-e-uma-pauta-organizacional\\\/#primaryimage\",\"url\":\"https:\\\/\\\/acrisure.com.br\\\/insights\\\/wp-content\\\/uploads\\\/turbinar-prevencao-pauta-organizacional.jpg\",\"contentUrl\":\"https:\\\/\\\/acrisure.com.br\\\/insights\\\/wp-content\\\/uploads\\\/turbinar-prevencao-pauta-organizacional.jpg\",\"width\":1920,\"height\":640,\"caption\":\"Capa de chuva amarela e guarda-chuva pendurados simbolizando prote\u00e7\u00e3o e preven\u00e7\u00e3o em campanhas de combate ao fumo\"},{\"@type\":\"BreadcrumbList\",\"@id\":\"https:\\\/\\\/acrisure.com.br\\\/insights\\\/prevencao-e-uma-pauta-organizacional\\\/#breadcrumb\",\"itemListElement\":[{\"@type\":\"ListItem\",\"position\":1,\"name\":\"In\u00edcio\",\"item\":\"https:\\\/\\\/acrisure.com.br\\\/insights\\\/\"},{\"@type\":\"ListItem\",\"position\":2,\"name\":\"Preven\u00e7\u00e3o tamb\u00e9m \u00e9 uma pauta organizacional\"}]},{\"@type\":\"WebSite\",\"@id\":\"https:\\\/\\\/acrisure.com.br\\\/insights\\\/#website\",\"url\":\"https:\\\/\\\/acrisure.com.br\\\/insights\\\/\",\"name\":\"Insights \\\/ Acrisure\",\"description\":\"Portal de Not\u00edcias e Conte\u00fado\",\"potentialAction\":[{\"@type\":\"SearchAction\",\"target\":{\"@type\":\"EntryPoint\",\"urlTemplate\":\"https:\\\/\\\/acrisure.com.br\\\/insights\\\/?s={search_term_string}\"},\"query-input\":{\"@type\":\"PropertyValueSpecification\",\"valueRequired\":true,\"valueName\":\"search_term_string\"}}],\"inLanguage\":\"pt-BR\"},{\"@type\":\"Person\",\"@id\":\"https:\\\/\\\/acrisure.com.br\\\/insights\\\/#\\\/schema\\\/person\\\/ae285068bde2d94bbb6b0692760fb361\",\"name\":\"publishouse\",\"image\":{\"@type\":\"ImageObject\",\"inLanguage\":\"pt-BR\",\"@id\":\"https:\\\/\\\/secure.gravatar.com\\\/avatar\\\/28cbb1595e2bba31bae82123e62ffe5e807440c64f2e05ed85a7bd654289e026?s=96&d=mm&r=g\",\"url\":\"https:\\\/\\\/secure.gravatar.com\\\/avatar\\\/28cbb1595e2bba31bae82123e62ffe5e807440c64f2e05ed85a7bd654289e026?s=96&d=mm&r=g\",\"contentUrl\":\"https:\\\/\\\/secure.gravatar.com\\\/avatar\\\/28cbb1595e2bba31bae82123e62ffe5e807440c64f2e05ed85a7bd654289e026?s=96&d=mm&r=g\",\"caption\":\"publishouse\"},\"sameAs\":[\"https:\\\/\\\/acrisure.com.br\\\/insights\"],\"url\":\"https:\\\/\\\/acrisure.com.br\\\/insights\\\/author\\\/publishouse\\\/\"}]}<\/script>\n<!-- \/ Yoast SEO plugin. -->","yoast_head_json":{"title":"Preven\u00e7\u00e3o tamb\u00e9m \u00e9 uma pauta organizacional - Insights \/ Acrisure","description":"Precisamos incentivar a preven\u00e7\u00e3o como um h\u00e1bito saud\u00e1vel se quisermos tornar a sa\u00fade suplementar sustent\u00e1vel para empresas e pessoas.","robots":{"index":"index","follow":"follow","max-snippet":"max-snippet:-1","max-image-preview":"max-image-preview:large","max-video-preview":"max-video-preview:-1"},"canonical":"https:\/\/acrisure.com.br\/insights\/prevencao-e-uma-pauta-organizacional\/","og_locale":"pt_BR","og_type":"article","og_title":"Preven\u00e7\u00e3o tamb\u00e9m \u00e9 uma pauta organizacional - Insights \/ Acrisure","og_description":"Precisamos incentivar a preven\u00e7\u00e3o como um h\u00e1bito saud\u00e1vel se quisermos tornar a sa\u00fade suplementar sustent\u00e1vel para empresas e pessoas.","og_url":"https:\/\/acrisure.com.br\/insights\/prevencao-e-uma-pauta-organizacional\/","og_site_name":"Insights \/ Acrisure","article_publisher":"https:\/\/www.facebook.com\/itsseg\/","article_published_time":"2019-10-10T22:24:27+00:00","article_modified_time":"2026-02-03T13:50:55+00:00","og_image":[{"width":1920,"height":640,"url":"https:\/\/acrisure.com.br\/insights\/wp-content\/uploads\/turbinar-prevencao-pauta-organizacional.jpg","type":"image\/jpeg"}],"author":"publishouse","twitter_card":"summary_large_image","twitter_misc":{"Escrito por":"publishouse","Est. tempo de leitura":"3 minutos"},"schema":{"@context":"https:\/\/schema.org","@graph":[{"@type":"Article","@id":"https:\/\/acrisure.com.br\/insights\/prevencao-e-uma-pauta-organizacional\/#article","isPartOf":{"@id":"https:\/\/acrisure.com.br\/insights\/prevencao-e-uma-pauta-organizacional\/"},"author":{"name":"publishouse","@id":"https:\/\/acrisure.com.br\/insights\/#\/schema\/person\/ae285068bde2d94bbb6b0692760fb361"},"headline":"Preven\u00e7\u00e3o tamb\u00e9m \u00e9 uma pauta organizacional","datePublished":"2019-10-10T22:24:27+00:00","dateModified":"2026-02-03T13:50:55+00:00","mainEntityOfPage":{"@id":"https:\/\/acrisure.com.br\/insights\/prevencao-e-uma-pauta-organizacional\/"},"wordCount":565,"image":{"@id":"https:\/\/acrisure.com.br\/insights\/prevencao-e-uma-pauta-organizacional\/#primaryimage"},"thumbnailUrl":"https:\/\/acrisure.com.br\/insights\/wp-content\/uploads\/turbinar-prevencao-pauta-organizacional.jpg","keywords":["RH"],"articleSection":["Gest\u00e3o da sa\u00fade"],"inLanguage":"pt-BR"},{"@type":"WebPage","@id":"https:\/\/acrisure.com.br\/insights\/prevencao-e-uma-pauta-organizacional\/","url":"https:\/\/acrisure.com.br\/insights\/prevencao-e-uma-pauta-organizacional\/","name":"Preven\u00e7\u00e3o tamb\u00e9m \u00e9 uma pauta organizacional - Insights \/ Acrisure","isPartOf":{"@id":"https:\/\/acrisure.com.br\/insights\/#website"},"primaryImageOfPage":{"@id":"https:\/\/acrisure.com.br\/insights\/prevencao-e-uma-pauta-organizacional\/#primaryimage"},"image":{"@id":"https:\/\/acrisure.com.br\/insights\/prevencao-e-uma-pauta-organizacional\/#primaryimage"},"thumbnailUrl":"https:\/\/acrisure.com.br\/insights\/wp-content\/uploads\/turbinar-prevencao-pauta-organizacional.jpg","datePublished":"2019-10-10T22:24:27+00:00","dateModified":"2026-02-03T13:50:55+00:00","author":{"@id":"https:\/\/acrisure.com.br\/insights\/#\/schema\/person\/ae285068bde2d94bbb6b0692760fb361"},"description":"Precisamos incentivar a preven\u00e7\u00e3o como um h\u00e1bito saud\u00e1vel se quisermos tornar a sa\u00fade suplementar sustent\u00e1vel para empresas e pessoas.","breadcrumb":{"@id":"https:\/\/acrisure.com.br\/insights\/prevencao-e-uma-pauta-organizacional\/#breadcrumb"},"inLanguage":"pt-BR","potentialAction":[{"@type":"ReadAction","target":["https:\/\/acrisure.com.br\/insights\/prevencao-e-uma-pauta-organizacional\/"]}]},{"@type":"ImageObject","inLanguage":"pt-BR","@id":"https:\/\/acrisure.com.br\/insights\/prevencao-e-uma-pauta-organizacional\/#primaryimage","url":"https:\/\/acrisure.com.br\/insights\/wp-content\/uploads\/turbinar-prevencao-pauta-organizacional.jpg","contentUrl":"https:\/\/acrisure.com.br\/insights\/wp-content\/uploads\/turbinar-prevencao-pauta-organizacional.jpg","width":1920,"height":640,"caption":"Capa de chuva amarela e guarda-chuva pendurados simbolizando prote\u00e7\u00e3o e preven\u00e7\u00e3o em campanhas de combate ao fumo"},{"@type":"BreadcrumbList","@id":"https:\/\/acrisure.com.br\/insights\/prevencao-e-uma-pauta-organizacional\/#breadcrumb","itemListElement":[{"@type":"ListItem","position":1,"name":"In\u00edcio","item":"https:\/\/acrisure.com.br\/insights\/"},{"@type":"ListItem","position":2,"name":"Preven\u00e7\u00e3o tamb\u00e9m \u00e9 uma pauta organizacional"}]},{"@type":"WebSite","@id":"https:\/\/acrisure.com.br\/insights\/#website","url":"https:\/\/acrisure.com.br\/insights\/","name":"Insights \/ Acrisure","description":"Portal de Not\u00edcias e Conte\u00fado","potentialAction":[{"@type":"SearchAction","target":{"@type":"EntryPoint","urlTemplate":"https:\/\/acrisure.com.br\/insights\/?s={search_term_string}"},"query-input":{"@type":"PropertyValueSpecification","valueRequired":true,"valueName":"search_term_string"}}],"inLanguage":"pt-BR"},{"@type":"Person","@id":"https:\/\/acrisure.com.br\/insights\/#\/schema\/person\/ae285068bde2d94bbb6b0692760fb361","name":"publishouse","image":{"@type":"ImageObject","inLanguage":"pt-BR","@id":"https:\/\/secure.gravatar.com\/avatar\/28cbb1595e2bba31bae82123e62ffe5e807440c64f2e05ed85a7bd654289e026?s=96&d=mm&r=g","url":"https:\/\/secure.gravatar.com\/avatar\/28cbb1595e2bba31bae82123e62ffe5e807440c64f2e05ed85a7bd654289e026?s=96&d=mm&r=g","contentUrl":"https:\/\/secure.gravatar.com\/avatar\/28cbb1595e2bba31bae82123e62ffe5e807440c64f2e05ed85a7bd654289e026?s=96&d=mm&r=g","caption":"publishouse"},"sameAs":["https:\/\/acrisure.com.br\/insights"],"url":"https:\/\/acrisure.com.br\/insights\/author\/publishouse\/"}]}},"_links":{"self":[{"href":"https:\/\/acrisure.com.br\/insights\/wp-json\/wp\/v2\/posts\/6445","targetHints":{"allow":["GET"]}}],"collection":[{"href":"https:\/\/acrisure.com.br\/insights\/wp-json\/wp\/v2\/posts"}],"about":[{"href":"https:\/\/acrisure.com.br\/insights\/wp-json\/wp\/v2\/types\/post"}],"author":[{"embeddable":true,"href":"https:\/\/acrisure.com.br\/insights\/wp-json\/wp\/v2\/users\/1"}],"replies":[{"embeddable":true,"href":"https:\/\/acrisure.com.br\/insights\/wp-json\/wp\/v2\/comments?post=6445"}],"version-history":[{"count":5,"href":"https:\/\/acrisure.com.br\/insights\/wp-json\/wp\/v2\/posts\/6445\/revisions"}],"predecessor-version":[{"id":19529,"href":"https:\/\/acrisure.com.br\/insights\/wp-json\/wp\/v2\/posts\/6445\/revisions\/19529"}],"wp:featuredmedia":[{"embeddable":true,"href":"https:\/\/acrisure.com.br\/insights\/wp-json\/wp\/v2\/media\/6447"}],"wp:attachment":[{"href":"https:\/\/acrisure.com.br\/insights\/wp-json\/wp\/v2\/media?parent=6445"}],"wp:term":[{"taxonomy":"category","embeddable":true,"href":"https:\/\/acrisure.com.br\/insights\/wp-json\/wp\/v2\/categories?post=6445"},{"taxonomy":"post_tag","embeddable":true,"href":"https:\/\/acrisure.com.br\/insights\/wp-json\/wp\/v2\/tags?post=6445"}],"curies":[{"name":"wp","href":"https:\/\/api.w.org\/{rel}","templated":true}]}}