{"id":7416,"date":"2024-03-05T08:00:02","date_gmt":"2024-03-05T11:00:02","guid":{"rendered":"https:\/\/acrisure.com.br\/insights\/?p=7416"},"modified":"2025-12-16T17:02:00","modified_gmt":"2025-12-16T20:02:00","slug":"data-alteracao-rede-hospitalar","status":"publish","type":"post","link":"https:\/\/acrisure.com.br\/insights\/data-alteracao-rede-hospitalar\/","title":{"rendered":"Regras para altera\u00e7\u00e3o de rede hospitalar pelas operadoras tem nova data"},"content":{"rendered":"<p>[et_pb_section fb_built=&#8221;1&#8243; admin_label=&#8221;Post&#8221; _builder_version=&#8221;4.19.4&#8243; custom_padding=&#8221;0px||0px||false|false&#8221; global_colors_info=&#8221;{}&#8221;][et_pb_row admin_label=&#8221;Post&#8221; _builder_version=&#8221;4.19.4&#8243; background_size=&#8221;initial&#8221; background_position=&#8221;top_left&#8221; background_repeat=&#8221;repeat&#8221; width=&#8221;100%&#8221; custom_padding=&#8221;0px||0px||false|false&#8221; global_colors_info=&#8221;{}&#8221;][et_pb_column type=&#8221;4_4&#8243; _builder_version=&#8221;4.16&#8243; custom_padding=&#8221;|||&#8221; global_colors_info=&#8221;{}&#8221; custom_padding__hover=&#8221;|||&#8221;][et_pb_text admin_label=&#8221;Conte\u00fado&#8221; _builder_version=&#8221;4.27.3&#8243; _module_preset=&#8221;default&#8221; text_letter_spacing=&#8221;1px&#8221; custom_margin=&#8221;||||false|false&#8221; hover_enabled=&#8221;0&#8243; global_colors_info=&#8221;{}&#8221; sticky_enabled=&#8221;0&#8243;]<\/p>\n<p><span style=\"font-weight: 400;\">A <a href=\"https:\/\/www.gov.br\/ans\/pt-br\" target=\"_blank\" rel=\"noopener\">Ag\u00eancia Nacional de Sa\u00fade Suplementar (ANS)<\/a> aprovou, em agosto de 2023, a ado\u00e7\u00e3o de novas regras para altera\u00e7\u00e3o de rede hospitalar das operadoras de planos de sa\u00fade. A normativa estava prevista para entrar em vigor a partir do dia 1\u00b0 de mar\u00e7o deste ano. No entanto, <strong>o prazo foi estendido para 1\u00b0 de setembro de 2024.\u00a0<\/strong><\/span><\/p>\n<p><span style=\"font-weight: 400;\">Segundo a ANS, a prorroga\u00e7\u00e3o foi necess\u00e1ria para permitir o aprimoramento de sistemas, de forma que as operadoras e a pr\u00f3pria Ag\u00eancia se adequassem melhor \u00e0s mudan\u00e7as trazidas pela medida.\u00a0<\/span><\/p>\n<h2><b>As determina\u00e7\u00f5es ser\u00e3o v\u00e1lidas tanto para a retirada de um hospital da rede de uma operadora, como para a troca de um hospital por outro<\/b><\/h2>\n<p><span style=\"font-weight: 400;\">Segundo a normativa, as altera\u00e7\u00f5es conferem maior transpar\u00eancia e seguran\u00e7a aos benefici\u00e1rios. Entre as principais mudan\u00e7as est\u00e3o a amplia\u00e7\u00e3o das <a href=\"https:\/\/acrisure.com.br\/insights\/portabilidade-de-carencia-chega-aos-planos-empresariais\/\" target=\"_blank\" rel=\"noopener\">regras de portabilidade,<\/a> a obriga\u00e7\u00e3o da comunica\u00e7\u00e3o individualizada e a necessidade de manter ou elevar a qualifica\u00e7\u00e3o do hospital a ser substitu\u00eddo na rede credenciada.<\/span><\/p>\n<p><span style=\"font-weight: 400;\">Al\u00e9m disso, caso algum hospital a ser exclu\u00eddo do plano seja respons\u00e1vel por at\u00e9 80% das interna\u00e7\u00f5es em sua regi\u00e3o de atendimento, a ANS entende que ele \u00e9 um dos mais utilizados do conv\u00eanio. Assim, a operadora <strong>n\u00e3o poder\u00e1 apenas retirar a unidade da rede,<\/strong> ela dever\u00e1 substitu\u00ed-la por uma nova.\u00a0<\/span><\/p>\n<blockquote class=\"wp-embedded-content\" data-secret=\"s1qyPIH43f\"><p><a href=\"https:\/\/acrisure.com.br\/insights\/implantacao-plano-de-saude\/\">Plano de sa\u00fade empresarial: cuidados durante a implanta\u00e7\u00e3o<\/a><\/p><\/blockquote>\n<p><iframe loading=\"lazy\" class=\"wp-embedded-content\" sandbox=\"allow-scripts\" security=\"restricted\" style=\"position: absolute; visibility: hidden;\" title=\"&#8220;Plano de sa\u00fade empresarial: cuidados durante a implanta\u00e7\u00e3o&#8221; &#8212; Insights \/ Acrisure\" src=\"https:\/\/acrisure.com.br\/insights\/implantacao-plano-de-saude\/embed\/#?secret=t1gcqOf6u9#?secret=s1qyPIH43f\" data-secret=\"s1qyPIH43f\" width=\"600\" height=\"338\" frameborder=\"0\" marginwidth=\"0\" marginheight=\"0\" scrolling=\"no\"><\/iframe><\/p>\n<h3><b>Entenda detalhadamente as altera\u00e7\u00f5es\u00a0<\/b><\/h3>\n<h5><b>Portabilidade<\/b><\/h5>\n<p><span style=\"font-weight: 400;\">Nos casos em que os benefici\u00e1rios ficarem insatisfeitos com a exclus\u00e3o de um hospital ou do servi\u00e7o de urg\u00eancia e emerg\u00eancia do prestador hospitalar da rede de sua operadora, ocorrida no munic\u00edpio de resid\u00eancia ou no munic\u00edpio de contrata\u00e7\u00e3o do plano, poder\u00e1 fazer a portabilidade <strong>sem precisar cumprir os prazos m\u00ednimos de perman\u00eancia<\/strong> no plano.<\/span><\/p>\n<p><span style=\"font-weight: 400;\">Tamb\u00e9m n\u00e3o ser\u00e1 exigido que o plano escolhido ou de destino seja da mesma faixa de pre\u00e7o do plano de origem, como acontece atualmente nos outros casos de portabilidade de car\u00eancias.<\/span><\/p>\n<p><span style=\"font-weight: 400;\">\u00a0<\/span><\/p>\n<h5><b>Comunica\u00e7\u00e3o<\/b><\/h5>\n<p><span style=\"font-weight: 400;\">A comunica\u00e7\u00e3o individualizada sobre altera\u00e7\u00f5es na rede hospitalar deve ser feita com 30 (trinta) dias de anteced\u00eancia, contados do t\u00e9rmino da presta\u00e7\u00e3o de servi\u00e7o.<\/span><\/p>\n<blockquote>\n<p><span style=\"font-weight: 400;\">\u201cAl\u00e9m de ser informado oficialmente sobre qualquer mudan\u00e7a na rede hospitalar da sua operadora, o consumidor ter\u00e1 maior mobilidade, pois ficar\u00e1 mais f\u00e1cil fazer a portabilidade de car\u00eancias caso o hospital de sua prefer\u00eancia saia da rede de sua operadora\u201d, ressalta o diretor-presidente da ANS, Paulo Rebello.<\/span><\/p>\n<\/blockquote>\n<p><span style=\"font-weight: 400;\">\u00a0<\/span><\/p>\n<h5><b>Redu\u00e7\u00e3o da rede hospitalar<\/b><\/h5>\n<p><span style=\"font-weight: 400;\">Em rela\u00e7\u00e3o \u00e0 redu\u00e7\u00e3o de rede hospitalar, uma das principais mudan\u00e7as est\u00e1 relacionada \u00e0 an\u00e1lise do impacto sobre os consumidores atendidos pela operadora. De acordo com a regra atual, \u00e9 observada a quantidade de interna\u00e7\u00f5es realizadas no intervalo de 12 meses. Ou seja, se o hospital em quest\u00e3o n\u00e3o registrar interna\u00e7\u00f5es de benefici\u00e1rios no per\u00edodo de 12 meses, <strong>o estabelecimento pode ser exclu\u00eddo pela operadora.<\/strong><\/span><\/p>\n<p><span style=\"font-weight: 400;\">Com a nova norma, a ANS passa a avaliar o impacto da retirada do hospital junto aos benefici\u00e1rios do plano. Desta forma, caso a unidade a ser exclu\u00edda seja respons\u00e1vel por at\u00e9 80% das interna\u00e7\u00f5es em sua regi\u00e3o de atendimento, a Ag\u00eancia entende que ela \u00e9 uma das mais utilizadas do plano. Portanto, a operadora n\u00e3o poder\u00e1 apenas retirar o hospital da rede, e sim substitu\u00ed-lo por um novo.<\/span><\/p>\n<p><span style=\"font-weight: 400;\">\u00a0<\/span><\/p>\n<h5><b>Substitui\u00e7\u00e3o de hospitais<\/b><\/h5>\n<p><span style=\"font-weight: 400;\">A avalia\u00e7\u00e3o de equival\u00eancia de hospitais para substitui\u00e7\u00e3o tamb\u00e9m ter\u00e1 regras pr\u00f3prias. Agora, ela dever\u00e1 ser realizada a partir do uso de servi\u00e7os hospitalares e do atendimento de urg\u00eancia e emerg\u00eancia, nos \u00faltimos 12 meses. Assim, se no per\u00edodo analisado os servi\u00e7os tiverem sido utilizados no prestador exclu\u00eddo,<strong> eles precisar\u00e3o ser oferecidos no prestador substituto.<\/strong><\/span><\/p>\n<p><span style=\"font-weight: 400;\">Ainda neste caso, a regra do impacto sobre os benefici\u00e1rios tamb\u00e9m ser\u00e1 considerada. Se o hospital a ser retirado pertencer ao grupo de hospitais que concentram at\u00e9 80% das interna\u00e7\u00f5es do plano, <strong>n\u00e3o ser\u00e1 permitida a exclus\u00e3o parcial de servi\u00e7os hospitalares.<\/strong><\/span><\/p>\n<p><span style=\"font-weight: 400;\">Al\u00e9m das mudan\u00e7as, a norma aprovada mant\u00e9m um crit\u00e9rio importante para o consumidor: a obrigatoriedade do hospital substituto estar localizado no mesmo munic\u00edpio do exclu\u00eddo, exceto quando n\u00e3o houver prestador dispon\u00edvel. Neste caso, poder\u00e1 ser indicado hospital em outro munic\u00edpio pr\u00f3ximo.<\/span><\/p>\n<blockquote>\n<p><span style=\"font-weight: 400;\">\u201cO foco da ANS com os novos crit\u00e9rios est\u00e1 na seguran\u00e7a do consumidor com o seu plano de sa\u00fade. A proposta \u00e9 que o benefici\u00e1rio seja menos afetado em raz\u00e3o da rela\u00e7\u00e3o desfeita entre a operadora e o prestador. Esta proposta de normativo \u00e9 fruto de um cuidadoso trabalho de elabora\u00e7\u00e3o, que contou com intensa participa\u00e7\u00e3o social e amplo debate\u201d, afirma o diretor de Normas e Opera\u00e7\u00f5es de Produtos da ANS, Alexandre Fioranelli.<\/span><\/p>\n<\/blockquote>\n<p><a href=\"https:\/\/www.gov.br\/ans\/pt-br\/assuntos\/noticias\/sobre-ans\/mudanca-das-regras-para-alteracao-de-rede-hospitalar-pelas-operadoras-tem-nova-data\" target=\"_blank\" rel=\"noopener\"><span style=\"font-weight: 400;\">Confira o comunicado da ANS na \u00edntegra<\/span><\/a><\/p>\n<blockquote class=\"wp-embedded-content\" data-secret=\"gbQCKZ7lmb\"><p><a href=\"https:\/\/acrisure.com.br\/insights\/break-even-no-plano-empresarial\/\">O que \u00e9 break-even do plano de sa\u00fade empresarial?<\/a><\/p><\/blockquote>\n<p><iframe loading=\"lazy\" class=\"wp-embedded-content\" sandbox=\"allow-scripts\" security=\"restricted\" style=\"position: absolute; visibility: hidden;\" title=\"&#8220;O que \u00e9 break-even do plano de sa\u00fade empresarial?&#8221; &#8212; Insights \/ Acrisure\" src=\"https:\/\/acrisure.com.br\/insights\/break-even-no-plano-empresarial\/embed\/#?secret=UHz6MeaDKv#?secret=gbQCKZ7lmb\" data-secret=\"gbQCKZ7lmb\" width=\"600\" height=\"338\" frameborder=\"0\" marginwidth=\"0\" marginheight=\"0\" scrolling=\"no\"><\/iframe><\/p>\n<p>[\/et_pb_text][\/et_pb_column][\/et_pb_row][\/et_pb_section]<\/p>\n","protected":false},"excerpt":{"rendered":"<p>A extens\u00e3o do prazo se deu para permitir o desenvolvimento\/adequa\u00e7\u00e3o de sistemas, tanto por parte da Ag\u00eancia quanto pelas operadoras.<\/p>\n","protected":false},"author":1,"featured_media":7613,"comment_status":"closed","ping_status":"open","sticky":false,"template":"","format":"standard","meta":{"_et_pb_use_builder":"on","_et_pb_old_content":"","_et_gb_content_width":"","footnotes":"","_links_to":"","_links_to_target":""},"categories":[22],"tags":[9],"class_list":["post-7416","post","type-post","status-publish","format-standard","has-post-thumbnail","hentry","category-legislacao","tag-rh"],"yoast_head":"<!-- This site is optimized with the Yoast SEO plugin v27.4 - https:\/\/yoast.com\/product\/yoast-seo-wordpress\/ -->\n<title>Nova data para altera\u00e7\u00e3o de rede hospitalar pelas operadoras<\/title>\n<meta name=\"description\" content=\"A normativa de altera\u00e7\u00e3o da rede hospitalar estava prevista para entrar em vigor a partir de mar\u00e7o. Agora, passar\u00e3o a valer em setembro.\" \/>\n<meta name=\"robots\" content=\"index, follow, max-snippet:-1, max-image-preview:large, max-video-preview:-1\" \/>\n<link rel=\"canonical\" href=\"https:\/\/acrisure.com.br\/insights\/data-alteracao-rede-hospitalar\/\" \/>\n<meta property=\"og:locale\" content=\"pt_BR\" \/>\n<meta property=\"og:type\" content=\"article\" \/>\n<meta property=\"og:title\" content=\"Nova data para altera\u00e7\u00e3o de rede hospitalar pelas operadoras\" \/>\n<meta property=\"og:description\" content=\"A normativa de altera\u00e7\u00e3o da rede hospitalar estava prevista para entrar em vigor a partir de mar\u00e7o. Agora, passar\u00e3o a valer em setembro.\" \/>\n<meta property=\"og:url\" content=\"https:\/\/acrisure.com.br\/insights\/data-alteracao-rede-hospitalar\/\" \/>\n<meta property=\"og:site_name\" content=\"Insights \/ Acrisure\" \/>\n<meta property=\"article:publisher\" content=\"https:\/\/www.facebook.com\/itsseg\/\" \/>\n<meta property=\"article:published_time\" content=\"2024-03-05T11:00:02+00:00\" \/>\n<meta property=\"article:modified_time\" content=\"2025-12-16T20:02:00+00:00\" \/>\n<meta property=\"og:image\" content=\"https:\/\/acrisure.com.br\/insights\/wp-content\/uploads\/Calendario.jpg\" \/>\n\t<meta property=\"og:image:width\" content=\"1400\" \/>\n\t<meta property=\"og:image:height\" content=\"467\" \/>\n\t<meta property=\"og:image:type\" content=\"image\/jpeg\" \/>\n<meta name=\"author\" content=\"publishouse\" \/>\n<meta name=\"twitter:card\" content=\"summary_large_image\" \/>\n<meta name=\"twitter:label1\" content=\"Escrito por\" \/>\n\t<meta name=\"twitter:data1\" content=\"publishouse\" \/>\n\t<meta name=\"twitter:label2\" content=\"Est. tempo de leitura\" \/>\n\t<meta name=\"twitter:data2\" content=\"4 minutos\" \/>\n<script type=\"application\/ld+json\" class=\"yoast-schema-graph\">{\"@context\":\"https:\\\/\\\/schema.org\",\"@graph\":[{\"@type\":\"Article\",\"@id\":\"https:\\\/\\\/acrisure.com.br\\\/insights\\\/data-alteracao-rede-hospitalar\\\/#article\",\"isPartOf\":{\"@id\":\"https:\\\/\\\/acrisure.com.br\\\/insights\\\/data-alteracao-rede-hospitalar\\\/\"},\"author\":{\"name\":\"publishouse\",\"@id\":\"https:\\\/\\\/acrisure.com.br\\\/insights\\\/#\\\/schema\\\/person\\\/ae285068bde2d94bbb6b0692760fb361\"},\"headline\":\"Regras para altera\u00e7\u00e3o de rede hospitalar pelas operadoras tem nova data\",\"datePublished\":\"2024-03-05T11:00:02+00:00\",\"dateModified\":\"2025-12-16T20:02:00+00:00\",\"mainEntityOfPage\":{\"@id\":\"https:\\\/\\\/acrisure.com.br\\\/insights\\\/data-alteracao-rede-hospitalar\\\/\"},\"wordCount\":954,\"image\":{\"@id\":\"https:\\\/\\\/acrisure.com.br\\\/insights\\\/data-alteracao-rede-hospitalar\\\/#primaryimage\"},\"thumbnailUrl\":\"https:\\\/\\\/acrisure.com.br\\\/insights\\\/wp-content\\\/uploads\\\/Calendario.jpg\",\"keywords\":[\"RH\"],\"articleSection\":[\"Legisla\u00e7\u00e3o\"],\"inLanguage\":\"pt-BR\"},{\"@type\":\"WebPage\",\"@id\":\"https:\\\/\\\/acrisure.com.br\\\/insights\\\/data-alteracao-rede-hospitalar\\\/\",\"url\":\"https:\\\/\\\/acrisure.com.br\\\/insights\\\/data-alteracao-rede-hospitalar\\\/\",\"name\":\"Nova data para altera\u00e7\u00e3o de rede hospitalar pelas operadoras\",\"isPartOf\":{\"@id\":\"https:\\\/\\\/acrisure.com.br\\\/insights\\\/#website\"},\"primaryImageOfPage\":{\"@id\":\"https:\\\/\\\/acrisure.com.br\\\/insights\\\/data-alteracao-rede-hospitalar\\\/#primaryimage\"},\"image\":{\"@id\":\"https:\\\/\\\/acrisure.com.br\\\/insights\\\/data-alteracao-rede-hospitalar\\\/#primaryimage\"},\"thumbnailUrl\":\"https:\\\/\\\/acrisure.com.br\\\/insights\\\/wp-content\\\/uploads\\\/Calendario.jpg\",\"datePublished\":\"2024-03-05T11:00:02+00:00\",\"dateModified\":\"2025-12-16T20:02:00+00:00\",\"author\":{\"@id\":\"https:\\\/\\\/acrisure.com.br\\\/insights\\\/#\\\/schema\\\/person\\\/ae285068bde2d94bbb6b0692760fb361\"},\"description\":\"A normativa de altera\u00e7\u00e3o da rede hospitalar estava prevista para entrar em vigor a partir de mar\u00e7o. Agora, passar\u00e3o a valer em setembro.\",\"breadcrumb\":{\"@id\":\"https:\\\/\\\/acrisure.com.br\\\/insights\\\/data-alteracao-rede-hospitalar\\\/#breadcrumb\"},\"inLanguage\":\"pt-BR\",\"potentialAction\":[{\"@type\":\"ReadAction\",\"target\":[\"https:\\\/\\\/acrisure.com.br\\\/insights\\\/data-alteracao-rede-hospitalar\\\/\"]}]},{\"@type\":\"ImageObject\",\"inLanguage\":\"pt-BR\",\"@id\":\"https:\\\/\\\/acrisure.com.br\\\/insights\\\/data-alteracao-rede-hospitalar\\\/#primaryimage\",\"url\":\"https:\\\/\\\/acrisure.com.br\\\/insights\\\/wp-content\\\/uploads\\\/Calendario.jpg\",\"contentUrl\":\"https:\\\/\\\/acrisure.com.br\\\/insights\\\/wp-content\\\/uploads\\\/Calendario.jpg\",\"width\":1400,\"height\":467,\"caption\":\"Calend\u00e1rio com estetosc\u00f3pio\"},{\"@type\":\"BreadcrumbList\",\"@id\":\"https:\\\/\\\/acrisure.com.br\\\/insights\\\/data-alteracao-rede-hospitalar\\\/#breadcrumb\",\"itemListElement\":[{\"@type\":\"ListItem\",\"position\":1,\"name\":\"In\u00edcio\",\"item\":\"https:\\\/\\\/acrisure.com.br\\\/insights\\\/\"},{\"@type\":\"ListItem\",\"position\":2,\"name\":\"Regras para altera\u00e7\u00e3o de rede hospitalar pelas operadoras tem nova data\"}]},{\"@type\":\"WebSite\",\"@id\":\"https:\\\/\\\/acrisure.com.br\\\/insights\\\/#website\",\"url\":\"https:\\\/\\\/acrisure.com.br\\\/insights\\\/\",\"name\":\"Insights \\\/ Acrisure\",\"description\":\"Portal de Not\u00edcias e Conte\u00fado\",\"potentialAction\":[{\"@type\":\"SearchAction\",\"target\":{\"@type\":\"EntryPoint\",\"urlTemplate\":\"https:\\\/\\\/acrisure.com.br\\\/insights\\\/?s={search_term_string}\"},\"query-input\":{\"@type\":\"PropertyValueSpecification\",\"valueRequired\":true,\"valueName\":\"search_term_string\"}}],\"inLanguage\":\"pt-BR\"},{\"@type\":\"Person\",\"@id\":\"https:\\\/\\\/acrisure.com.br\\\/insights\\\/#\\\/schema\\\/person\\\/ae285068bde2d94bbb6b0692760fb361\",\"name\":\"publishouse\",\"image\":{\"@type\":\"ImageObject\",\"inLanguage\":\"pt-BR\",\"@id\":\"https:\\\/\\\/secure.gravatar.com\\\/avatar\\\/28cbb1595e2bba31bae82123e62ffe5e807440c64f2e05ed85a7bd654289e026?s=96&d=mm&r=g\",\"url\":\"https:\\\/\\\/secure.gravatar.com\\\/avatar\\\/28cbb1595e2bba31bae82123e62ffe5e807440c64f2e05ed85a7bd654289e026?s=96&d=mm&r=g\",\"contentUrl\":\"https:\\\/\\\/secure.gravatar.com\\\/avatar\\\/28cbb1595e2bba31bae82123e62ffe5e807440c64f2e05ed85a7bd654289e026?s=96&d=mm&r=g\",\"caption\":\"publishouse\"},\"sameAs\":[\"https:\\\/\\\/acrisure.com.br\\\/insights\"],\"url\":\"https:\\\/\\\/acrisure.com.br\\\/insights\\\/author\\\/publishouse\\\/\"}]}<\/script>\n<!-- \/ Yoast SEO plugin. -->","yoast_head_json":{"title":"Nova data para altera\u00e7\u00e3o de rede hospitalar pelas operadoras","description":"A normativa de altera\u00e7\u00e3o da rede hospitalar estava prevista para entrar em vigor a partir de mar\u00e7o. Agora, passar\u00e3o a valer em setembro.","robots":{"index":"index","follow":"follow","max-snippet":"max-snippet:-1","max-image-preview":"max-image-preview:large","max-video-preview":"max-video-preview:-1"},"canonical":"https:\/\/acrisure.com.br\/insights\/data-alteracao-rede-hospitalar\/","og_locale":"pt_BR","og_type":"article","og_title":"Nova data para altera\u00e7\u00e3o de rede hospitalar pelas operadoras","og_description":"A normativa de altera\u00e7\u00e3o da rede hospitalar estava prevista para entrar em vigor a partir de mar\u00e7o. Agora, passar\u00e3o a valer em setembro.","og_url":"https:\/\/acrisure.com.br\/insights\/data-alteracao-rede-hospitalar\/","og_site_name":"Insights \/ Acrisure","article_publisher":"https:\/\/www.facebook.com\/itsseg\/","article_published_time":"2024-03-05T11:00:02+00:00","article_modified_time":"2025-12-16T20:02:00+00:00","og_image":[{"width":1400,"height":467,"url":"https:\/\/acrisure.com.br\/insights\/wp-content\/uploads\/Calendario.jpg","type":"image\/jpeg"}],"author":"publishouse","twitter_card":"summary_large_image","twitter_misc":{"Escrito por":"publishouse","Est. tempo de leitura":"4 minutos"},"schema":{"@context":"https:\/\/schema.org","@graph":[{"@type":"Article","@id":"https:\/\/acrisure.com.br\/insights\/data-alteracao-rede-hospitalar\/#article","isPartOf":{"@id":"https:\/\/acrisure.com.br\/insights\/data-alteracao-rede-hospitalar\/"},"author":{"name":"publishouse","@id":"https:\/\/acrisure.com.br\/insights\/#\/schema\/person\/ae285068bde2d94bbb6b0692760fb361"},"headline":"Regras para altera\u00e7\u00e3o de rede hospitalar pelas operadoras tem nova data","datePublished":"2024-03-05T11:00:02+00:00","dateModified":"2025-12-16T20:02:00+00:00","mainEntityOfPage":{"@id":"https:\/\/acrisure.com.br\/insights\/data-alteracao-rede-hospitalar\/"},"wordCount":954,"image":{"@id":"https:\/\/acrisure.com.br\/insights\/data-alteracao-rede-hospitalar\/#primaryimage"},"thumbnailUrl":"https:\/\/acrisure.com.br\/insights\/wp-content\/uploads\/Calendario.jpg","keywords":["RH"],"articleSection":["Legisla\u00e7\u00e3o"],"inLanguage":"pt-BR"},{"@type":"WebPage","@id":"https:\/\/acrisure.com.br\/insights\/data-alteracao-rede-hospitalar\/","url":"https:\/\/acrisure.com.br\/insights\/data-alteracao-rede-hospitalar\/","name":"Nova data para altera\u00e7\u00e3o de rede hospitalar pelas operadoras","isPartOf":{"@id":"https:\/\/acrisure.com.br\/insights\/#website"},"primaryImageOfPage":{"@id":"https:\/\/acrisure.com.br\/insights\/data-alteracao-rede-hospitalar\/#primaryimage"},"image":{"@id":"https:\/\/acrisure.com.br\/insights\/data-alteracao-rede-hospitalar\/#primaryimage"},"thumbnailUrl":"https:\/\/acrisure.com.br\/insights\/wp-content\/uploads\/Calendario.jpg","datePublished":"2024-03-05T11:00:02+00:00","dateModified":"2025-12-16T20:02:00+00:00","author":{"@id":"https:\/\/acrisure.com.br\/insights\/#\/schema\/person\/ae285068bde2d94bbb6b0692760fb361"},"description":"A normativa de altera\u00e7\u00e3o da rede hospitalar estava prevista para entrar em vigor a partir de mar\u00e7o. Agora, passar\u00e3o a valer em setembro.","breadcrumb":{"@id":"https:\/\/acrisure.com.br\/insights\/data-alteracao-rede-hospitalar\/#breadcrumb"},"inLanguage":"pt-BR","potentialAction":[{"@type":"ReadAction","target":["https:\/\/acrisure.com.br\/insights\/data-alteracao-rede-hospitalar\/"]}]},{"@type":"ImageObject","inLanguage":"pt-BR","@id":"https:\/\/acrisure.com.br\/insights\/data-alteracao-rede-hospitalar\/#primaryimage","url":"https:\/\/acrisure.com.br\/insights\/wp-content\/uploads\/Calendario.jpg","contentUrl":"https:\/\/acrisure.com.br\/insights\/wp-content\/uploads\/Calendario.jpg","width":1400,"height":467,"caption":"Calend\u00e1rio com estetosc\u00f3pio"},{"@type":"BreadcrumbList","@id":"https:\/\/acrisure.com.br\/insights\/data-alteracao-rede-hospitalar\/#breadcrumb","itemListElement":[{"@type":"ListItem","position":1,"name":"In\u00edcio","item":"https:\/\/acrisure.com.br\/insights\/"},{"@type":"ListItem","position":2,"name":"Regras para altera\u00e7\u00e3o de rede hospitalar pelas operadoras tem nova data"}]},{"@type":"WebSite","@id":"https:\/\/acrisure.com.br\/insights\/#website","url":"https:\/\/acrisure.com.br\/insights\/","name":"Insights \/ Acrisure","description":"Portal de Not\u00edcias e Conte\u00fado","potentialAction":[{"@type":"SearchAction","target":{"@type":"EntryPoint","urlTemplate":"https:\/\/acrisure.com.br\/insights\/?s={search_term_string}"},"query-input":{"@type":"PropertyValueSpecification","valueRequired":true,"valueName":"search_term_string"}}],"inLanguage":"pt-BR"},{"@type":"Person","@id":"https:\/\/acrisure.com.br\/insights\/#\/schema\/person\/ae285068bde2d94bbb6b0692760fb361","name":"publishouse","image":{"@type":"ImageObject","inLanguage":"pt-BR","@id":"https:\/\/secure.gravatar.com\/avatar\/28cbb1595e2bba31bae82123e62ffe5e807440c64f2e05ed85a7bd654289e026?s=96&d=mm&r=g","url":"https:\/\/secure.gravatar.com\/avatar\/28cbb1595e2bba31bae82123e62ffe5e807440c64f2e05ed85a7bd654289e026?s=96&d=mm&r=g","contentUrl":"https:\/\/secure.gravatar.com\/avatar\/28cbb1595e2bba31bae82123e62ffe5e807440c64f2e05ed85a7bd654289e026?s=96&d=mm&r=g","caption":"publishouse"},"sameAs":["https:\/\/acrisure.com.br\/insights"],"url":"https:\/\/acrisure.com.br\/insights\/author\/publishouse\/"}]}},"_links":{"self":[{"href":"https:\/\/acrisure.com.br\/insights\/wp-json\/wp\/v2\/posts\/7416","targetHints":{"allow":["GET"]}}],"collection":[{"href":"https:\/\/acrisure.com.br\/insights\/wp-json\/wp\/v2\/posts"}],"about":[{"href":"https:\/\/acrisure.com.br\/insights\/wp-json\/wp\/v2\/types\/post"}],"author":[{"embeddable":true,"href":"https:\/\/acrisure.com.br\/insights\/wp-json\/wp\/v2\/users\/1"}],"replies":[{"embeddable":true,"href":"https:\/\/acrisure.com.br\/insights\/wp-json\/wp\/v2\/comments?post=7416"}],"version-history":[{"count":9,"href":"https:\/\/acrisure.com.br\/insights\/wp-json\/wp\/v2\/posts\/7416\/revisions"}],"predecessor-version":[{"id":16805,"href":"https:\/\/acrisure.com.br\/insights\/wp-json\/wp\/v2\/posts\/7416\/revisions\/16805"}],"wp:featuredmedia":[{"embeddable":true,"href":"https:\/\/acrisure.com.br\/insights\/wp-json\/wp\/v2\/media\/7613"}],"wp:attachment":[{"href":"https:\/\/acrisure.com.br\/insights\/wp-json\/wp\/v2\/media?parent=7416"}],"wp:term":[{"taxonomy":"category","embeddable":true,"href":"https:\/\/acrisure.com.br\/insights\/wp-json\/wp\/v2\/categories?post=7416"},{"taxonomy":"post_tag","embeddable":true,"href":"https:\/\/acrisure.com.br\/insights\/wp-json\/wp\/v2\/tags?post=7416"}],"curies":[{"name":"wp","href":"https:\/\/api.w.org\/{rel}","templated":true}]}}